{"id":2873,"date":"2025-10-27T11:55:12","date_gmt":"2025-10-27T14:55:12","guid":{"rendered":"https:\/\/espaconews.com\/?p=2873"},"modified":"2025-10-27T11:56:53","modified_gmt":"2025-10-27T14:56:53","slug":"soft-skills-esenciales-para-el-futuro","status":"publish","type":"post","link":"https:\/\/espaconews.com\/fr_ca\/soft-skills-esenciales-para-el-futuro\/","title":{"rendered":"Comp\u00e9tences g\u00e9n\u00e9rales essentielles pour l&#039;avenir"},"content":{"rendered":"<p class=\"has-text-align-center\">Ma\u00eetriser <strong>Les comp\u00e9tences g\u00e9n\u00e9rales essentielles pour l&#039;avenir<\/strong> C&#039;est devenu l&#039;une des priorit\u00e9s les plus urgentes pour ceux qui souhaitent \u00e9voluer professionnellement.<\/p>\n\n\n\n<figure class=\"wp-block-gallery aligncenter has-nested-images columns-default is-cropped wp-block-gallery-1 is-layout-flex wp-block-gallery-is-layout-flex\">\n<figure class=\"wp-block-image size-full\"><img loading=\"lazy\" decoding=\"async\" width=\"550\" height=\"350\" data-id=\"2875\" src=\"https:\/\/espaconews.com\/wp-content\/uploads\/sites\/142\/2025\/10\/DESTAQUE-ESPACO-45-1.jpg\" alt=\"\" class=\"wp-image-2875\" srcset=\"https:\/\/espaconews.com\/wp-content\/uploads\/sites\/142\/2025\/10\/DESTAQUE-ESPACO-45-1.jpg 550w, https:\/\/espaconews.com\/wp-content\/uploads\/sites\/142\/2025\/10\/DESTAQUE-ESPACO-45-1-300x191.jpg 300w, https:\/\/espaconews.com\/wp-content\/uploads\/sites\/142\/2025\/10\/DESTAQUE-ESPACO-45-1-18x12.jpg 18w\" sizes=\"(max-width: 550px) 100vw, 550px\" \/><figcaption class=\"wp-element-caption\">CANVA<\/figcaption><\/figure>\n<\/figure>\n\n\n\n<p class=\"has-text-align-center\"><\/p>\n\n\n\n<p class=\"has-text-align-center\">Dans un monde o\u00f9 l&#039;intelligence artificielle et l&#039;automatisation transforment les emplois, les comp\u00e9tences humaines sont le nouvel or du march\u00e9 du travail.<\/p>\n\n\n\n<p><strong>R\u00e9sum\u00e9:<\/strong> Cet article explore quelles sont les comp\u00e9tences non techniques les plus valoris\u00e9es en 2025, pourquoi elles influencent directement l&#039;employabilit\u00e9, comment les d\u00e9velopper de mani\u00e8re strat\u00e9gique et quel impact elles auront sur votre d\u00e9veloppement personnel et professionnel.<\/p>\n\n\n\n<p>Il comprend \u00e9galement un tableau r\u00e9pertoriant les comp\u00e9tences les plus demand\u00e9es, des exemples concrets et une section de questions fr\u00e9quemment pos\u00e9es.<\/p>\n\n\n\n<p>\u00cates-vous pr\u00eat \u00e0 d\u00e9couvrir si vos comp\u00e9tences vous pr\u00e9parent pour l&#039;avenir ou s&#039;il est temps de changer de voie professionnelle ?<\/p>\n\n\n\n<h2 class=\"wp-block-heading\"><strong>La r\u00e9volution humaine \u00e0 l&#039;\u00e8re num\u00e9rique<\/strong><\/h2>\n\n\n\n<p>Le progr\u00e8s technologique a engendr\u00e9 un paradoxe int\u00e9ressant : plus les machines progressent, plus les capacit\u00e9s humaines deviennent pr\u00e9cieuses.<\/p>\n\n\n\n<p>Le <strong>Les comp\u00e9tences g\u00e9n\u00e9rales essentielles pour l&#039;avenir<\/strong> Ce n&#039;est pas un luxe, mais une n\u00e9cessit\u00e9.<\/p>\n\n\n\n<p>Selon les <strong>Rapport du Forum \u00e9conomique mondial sur \u00ab L\u2019avenir de l\u2019emploi en 2025 \u00bb<\/strong>pr\u00e8s de <strong>44 % des comp\u00e9tences professionnelles actuelles vont changer<\/strong> avant 2030.<\/p>\n\n\n\n<p>Cela signifie que les connaissances techniques deviennent rapidement obsol\u00e8tes, mais que les comp\u00e9tences g\u00e9n\u00e9rales telles que l&#039;empathie, l&#039;adaptabilit\u00e9 et l&#039;esprit critique restent pertinentes quel que soit le secteur d&#039;activit\u00e9.<\/p>\n\n\n\n<p>Les entreprises recherchent des professionnels capables de communiquer, de r\u00e9soudre des probl\u00e8mes et de collaborer efficacement, et pas seulement des personnes ma\u00eetrisant un outil num\u00e9rique.<\/p>\n\n\n\n<p>Dans un environnement en constante \u00e9volution, les comp\u00e9tences non techniques constituent le pont entre la technologie et le facteur humain.<\/p>\n\n\n\n<h2 class=\"wp-block-heading\"><strong>Communication efficace : l&#039;art de se connecter dans les environnements num\u00e9riques<\/strong><\/h2>\n\n\n\n<p>Dans un monde de plus en plus isol\u00e9, la communication est devenue une ressource pr\u00e9cieuse.<\/p>\n\n\n\n<p>Ceux qui savent exprimer leurs id\u00e9es clairement et avec empathie b\u00e9n\u00e9ficient d&#039;un avantage concurrentiel imm\u00e9diat.<\/p>\n\n\n\n<p>Savoir \u00e9couter, argumenter sans imposer son point de vue et adapter son langage \u00e0 son public est essentiel pour b\u00e2tir des relations de travail solides.<\/p>\n\n\n\n<p>Les appels vid\u00e9o, les courriels ou les pr\u00e9sentations en ligne n\u00e9cessitent des messages concis et pertinents.<\/p>\n\n\n\n<p>Par exemple, une analyste marketing qui communique clairement les r\u00e9sultats de sa campagne permet \u00e0 son \u00e9quipe d&#039;agir rapidement et de prendre des d\u00e9cisions \u00e9clair\u00e9es.<\/p>\n\n\n\n<p>Une bonne communication acc\u00e9l\u00e8re les processus, \u00e9vite les malentendus et instaure la confiance.<\/p>\n\n\n\n<h2 class=\"wp-block-heading\"><strong>Adaptabilit\u00e9 : apprendre \u00e0 s&#039;adapter aux p\u00e9riodes d&#039;incertitude<\/strong><\/h2>\n\n\n\n<p>L&#039;adaptabilit\u00e9 est une autre des <strong>Les comp\u00e9tences g\u00e9n\u00e9rales essentielles pour l&#039;avenir<\/strong>et peut-\u00eatre la plus d\u00e9cisive.<\/p>\n\n\n\n<p>Les transformations technologiques, les changements \u00e9conomiques et les nouvelles m\u00e9thodes de travail obligent les professionnels \u00e0 sortir constamment de leur zone de confort.<\/p>\n\n\n\n<p>Il ne s&#039;agit pas seulement de tol\u00e9rer le changement, mais d&#039;en faire une opportunit\u00e9 d&#039;apprentissage.<\/p>\n\n\n\n<p>Ceux qui s&#039;adaptent rapidement peuvent se r\u00e9inventer, acqu\u00e9rir de nouvelles comp\u00e9tences et anticiper les demandes du march\u00e9.<\/p>\n\n\n\n<p>Un exemple clair en est celui des enseignants qui sont pass\u00e9s de l&#039;enseignement traditionnel \u00e0 l&#039;apprentissage hybride.<\/p>\n\n\n\n<p>Ceux qui ont \u00e9t\u00e9 form\u00e9s aux outils num\u00e9riques ont non seulement conserv\u00e9 leur emploi, mais ont \u00e9galement \u00e9tendu leur champ d&#039;action et leur influence.<\/p>\n\n\n\n<h2 class=\"wp-block-heading\"><strong>La pens\u00e9e critique : une boussole \u00e0 l&#039;\u00e8re de l&#039;information<\/strong><\/h2>\n\n\n\n<p>Avec la profusion d&#039;informations qui circulent, la capacit\u00e9 d&#039;analyser, de questionner et de prendre des d\u00e9cisions \u00e9clair\u00e9es est devenue indispensable.<\/p>\n\n\n\n<p>La pens\u00e9e critique permet de distinguer les faits des opinions, d&#039;\u00e9valuer les sources et de construire des arguments solides.<\/p>\n\n\n\n<p>Cette comp\u00e9tence est particuli\u00e8rement pr\u00e9cieuse dans l&#039;\u00e9conomie num\u00e9rique, o\u00f9 les d\u00e9cisions fond\u00e9es sur les donn\u00e9es sont le moteur du succ\u00e8s.<\/p>\n\n\n\n<p>Un professionnel dot\u00e9 d&#039;un esprit critique ne se contente pas de suivre des instructions ; il cherche \u00e0 comprendre le raisonnement derri\u00e8re chaque action et propose des am\u00e9liorations.<\/p>\n\n\n\n<p>La pens\u00e9e critique, associ\u00e9e \u00e0 la cr\u00e9ativit\u00e9, constitue le fondement du leadership moderne\u00a0: des leaders qui r\u00e9fl\u00e9chissent avant d\u2019agir et qui comprennent qu\u2019une question bien pos\u00e9e peut changer le cours d\u2019un projet.<\/p>\n\n\n\n<h2 class=\"wp-block-heading\"><strong>L&#039;intelligence \u00e9motionnelle\u00a0: g\u00e9rer les personnes, et pas seulement les processus<\/strong><\/h2>\n\n\n\n<p>Dans un environnement de travail hybride, o\u00f9 les contacts humains sont r\u00e9duits, l&#039;intelligence \u00e9motionnelle fait toute la diff\u00e9rence. <\/p>\n\n\n\n<p>Comprendre et r\u00e9guler ses propres \u00e9motions et celles des autres am\u00e9liore la collaboration et pr\u00e9vient les conflits.<\/p>\n\n\n\n<p>Selon une \u00e9tude r\u00e9alis\u00e9e par <strong>LinkedIn Learning 2024<\/strong>70 % des recruteurs consid\u00e8rent l&#039;intelligence \u00e9motionnelle comme un crit\u00e8re de recrutement d\u00e9cisif.<\/p>\n\n\n\n<p>Cela montre que les entreprises ne recherchent plus seulement des comp\u00e9tences techniques, mais aussi une maturit\u00e9 \u00e9motionnelle pour travailler sous pression et au sein d&#039;\u00e9quipes diversifi\u00e9es.<\/p>\n\n\n\n<p>Une analogie permet de bien l&#039;expliquer\u00a0: l&#039;intelligence \u00e9motionnelle est comme le syst\u00e8me d&#039;exploitation qui permet \u00e0 toutes les autres comp\u00e9tences de fonctionner parfaitement.<\/p>\n\n\n\n<p>Sans cela, m\u00eame les talents les plus brillants peuvent \u00ab s&#039;effondrer \u00bb.<\/p>\n\n\n\n<h2 class=\"wp-block-heading\"><strong>Cr\u00e9ativit\u00e9 et r\u00e9solution de probl\u00e8mes : le moteur de l&#039;innovation<\/strong><\/h2>\n\n\n\n<p>Contrairement \u00e0 ce que beaucoup pensent, la cr\u00e9ativit\u00e9 n&#039;est pas l&#039;apanage des artistes ou des designers.<\/p>\n\n\n\n<p>Il s&#039;agit de la capacit\u00e9 \u00e0 trouver de nouvelles solutions \u00e0 des probl\u00e8mes complexes, une comp\u00e9tence cl\u00e9 dans les environnements concurrentiels.<\/p>\n\n\n\n<p>Le <strong>Les comp\u00e9tences g\u00e9n\u00e9rales essentielles pour l&#039;avenir<\/strong> Elles comprennent notamment la capacit\u00e9 de cr\u00e9er, d&#039;exp\u00e9rimenter et d&#039;apprendre de ses erreurs.<\/p>\n\n\n\n<p>En pratique, la cr\u00e9ativit\u00e9 consiste \u00e0 observer ce que les autres ne voient pas et \u00e0 relier des id\u00e9es issues de diff\u00e9rents domaines pour g\u00e9n\u00e9rer des r\u00e9sultats in\u00e9dits.<\/p>\n\n\n\n<p>Lorsqu&#039;une ing\u00e9nieure allie pens\u00e9e analytique et cr\u00e9ativit\u00e9, elle peut am\u00e9liorer les processus, optimiser les ressources et g\u00e9n\u00e9rer des innovations.<\/p>\n\n\n\n<p>Cette combinaison humaine demeure quelque chose que les machines ne peuvent reproduire.<\/p>\n\n\n\n<h2 class=\"wp-block-heading\"><strong>Collaboration et travail d&#039;\u00e9quipe<\/strong><\/h2>\n\n\n\n<p>Les environnements num\u00e9riques ont chang\u00e9 notre fa\u00e7on de coop\u00e9rer.<\/p>\n\n\n\n<p>Aujourd&#039;hui, la collaboration exige empathie, organisation et transparence. Travailler en \u00e9quipe, c&#039;est partager des objectifs, et pas seulement des t\u00e2ches.<\/p>\n\n\n\n<p>Le d\u00e9fi consiste \u00e0 instaurer la confiance \u00e0 distance et \u00e0 maintenir la coh\u00e9sion au sein des projets men\u00e9s \u00e0 distance.<\/p>\n\n\n\n<p>Les \u00e9quipes qui favorisent une communication ouverte et c\u00e9l\u00e8brent la diversit\u00e9 obtiennent de meilleurs r\u00e9sultats.<\/p>\n\n\n\n<p>De plus, le travail collaboratif stimule l&#039;innovation : la rencontre de diff\u00e9rents points de vue fait \u00e9merger des id\u00e9es plus puissantes.<\/p>\n\n\n\n<h2 class=\"wp-block-heading\"><strong>Leadership conscient\u00a0: influencer sans imposer<\/strong><\/h2>\n\n\n\n<p>Le leadership ne se r\u00e9sume plus \u00e0 l&#039;autorit\u00e9, mais \u00e0 l&#039;influence positive.<\/p>\n\n\n\n<p>Un leader de demain guide avec conviction, inspire par son empathie et favorise l&#039;autonomie de son \u00e9quipe.<\/p>\n\n\n\n<p>Les entreprises valorisent ceux qui savent motiver et \u00e9couter, et pas seulement ceux qui savent diriger.<\/p>\n\n\n\n<p>Ce type de leadership favorise des cultures plus humaines, fond\u00e9es sur la confiance et la responsabilit\u00e9 partag\u00e9e.<\/p>\n\n\n\n<p>D\u00e9velopper cette comp\u00e9tence exige conscience de soi et humilit\u00e9.<\/p>\n\n\n\n<p>Le leadership conscient commence par la compr\u00e9hension de ses propres forces avant de chercher \u00e0 am\u00e9liorer celles des autres.<\/p>\n\n\n\n<h2 class=\"wp-block-heading\"><strong>Tableau des comp\u00e9tences g\u00e9n\u00e9rales les plus recherch\u00e9es en 2025<\/strong><\/h2>\n\n\n\n<figure class=\"wp-block-table\"><table><thead><tr><th>Cat\u00e9gorie<\/th><th>Capacit\u00e9<\/th><th>Niveau de la demande<\/th><\/tr><\/thead><tbody><tr><td>Communication<\/td><td>Communication efficace<\/td><td>Tr\u00e8s \u00e9lev\u00e9<\/td><\/tr><tr><td>Adaptabilit\u00e9<\/td><td>Gestion du changement<\/td><td>Haut<\/td><\/tr><tr><td>Pens\u00e9e<\/td><td>pens\u00e9e critique<\/td><td>Tr\u00e8s \u00e9lev\u00e9<\/td><\/tr><tr><td>\u00c9motionnel<\/td><td>Intelligence \u00e9motionnelle<\/td><td>Tr\u00e8s \u00e9lev\u00e9<\/td><\/tr><tr><td>Cr\u00e9atif<\/td><td>Innovation et r\u00e9solution de probl\u00e8mes<\/td><td>Haut<\/td><\/tr><tr><td>Direction<\/td><td>Leadership conscient<\/td><td>Haut<\/td><\/tr><tr><td>Collaboration<\/td><td>travail d&#039;\u00e9quipe \u00e0 distance<\/td><td>Haut<\/td><\/tr><\/tbody><\/table><figcaption class=\"wp-element-caption\">Comp\u00e9tences g\u00e9n\u00e9rales essentielles pour l&#039;avenir<\/figcaption><\/figure>\n\n\n\n<figure class=\"wp-block-gallery aligncenter has-nested-images columns-default is-cropped wp-block-gallery-2 is-layout-flex wp-block-gallery-is-layout-flex\">\n<figure class=\"wp-block-image size-full\"><img loading=\"lazy\" decoding=\"async\" width=\"550\" height=\"350\" data-id=\"2876\" src=\"https:\/\/espaconews.com\/wp-content\/uploads\/sites\/142\/2025\/10\/DESTAQUE-ESPACO-46.jpg\" alt=\"\" class=\"wp-image-2876\" srcset=\"https:\/\/espaconews.com\/wp-content\/uploads\/sites\/142\/2025\/10\/DESTAQUE-ESPACO-46.jpg 550w, https:\/\/espaconews.com\/wp-content\/uploads\/sites\/142\/2025\/10\/DESTAQUE-ESPACO-46-300x191.jpg 300w, https:\/\/espaconews.com\/wp-content\/uploads\/sites\/142\/2025\/10\/DESTAQUE-ESPACO-46-18x12.jpg 18w\" sizes=\"(max-width: 550px) 100vw, 550px\" \/><figcaption class=\"wp-element-caption\">CANVA<\/figcaption><\/figure>\n<\/figure>\n\n\n\n<p>En savoir plus:\u00a0<a href=\"https:\/\/espaconews.com\/fr_ca\/sectores-con-mayor-crecimiento-en-2025\/\">Secteurs \u00e0 plus forte croissance en 2025<\/a><\/p>\n\n\n\n<h2 class=\"wp-block-heading\"><strong>Comment d\u00e9velopper les comp\u00e9tences transversales essentielles pour l&#039;avenir<\/strong><\/h2>\n\n\n\n<p>Il ne suffit pas de savoir ce qu&#039;ils sont ; il faut travailler dessus tous les jours.<\/p>\n\n\n\n<p>Voici quelques conseils pratiques pour renforcer vos comp\u00e9tences relationnelles\u00a0:<\/p>\n\n\n\n<ol>\n<li><strong>R\u00e9fl\u00e9chissez \u00e0 vos exp\u00e9riences.<\/strong> Identifiez comment vous r\u00e9agissez au changement et ce que vous pouvez apprendre de chaque situation.<\/li>\n\n\n\n<li><strong>Pratiquez l&#039;\u00e9coute active.<\/strong> Am\u00e9liorer la communication commence par une \u00e9coute attentive et sinc\u00e8re.<\/li>\n\n\n\n<li><strong>Demandez des commentaires.<\/strong> Accepter les critiques constructives favorise votre d\u00e9veloppement personnel.<\/li>\n\n\n\n<li><strong>Apprenez de diff\u00e9rentes sources.<\/strong> Les podcasts, les cours en ligne et le mentorat vous permettent d&#039;\u00e9largir vos perspectives.<\/li>\n\n\n\n<li><strong>Sortez de votre routine.<\/strong> De nouveaux contextes g\u00e9n\u00e8rent de nouvelles comp\u00e9tences\u00a0: changer de r\u00f4le, collaborer avec d\u2019autres \u00e9quipes ou participer \u00e0 des projets de b\u00e9n\u00e9volat.<\/li>\n<\/ol>\n\n\n\n<p>Chaque \u00e9tape compte. D\u00e9velopper ces comp\u00e9tences ne requiert pas de talent inn\u00e9, mais plut\u00f4t de la discipline et une bonne connaissance de soi.<\/p>\n\n\n\n<h2 class=\"wp-block-heading\"><strong>Conclusion<\/strong><\/h2>\n\n\n\n<p>Le <strong>Les comp\u00e9tences g\u00e9n\u00e9rales essentielles pour l&#039;avenir<\/strong> Ils repr\u00e9sentent l&#039;avantage le plus durable dans un monde de plus en plus automatis\u00e9.<\/p>\n\n\n\n<p>Elles constituent le fondement de la r\u00e9ussite professionnelle et du bien-\u00eatre personnel.<\/p>\n\n\n\n<p>Ceux qui apprennent \u00e0 communiquer, \u00e0 diriger et \u00e0 s&#039;adapter b\u00e2tissent une carri\u00e8re solide, quels que soient les changements de l&#039;environnement.<\/p>\n\n\n\n<p>Les machines peuvent traiter les donn\u00e9es, mais c&#039;est vous qui d\u00e9cidez comment les interpr\u00e9ter, comment innover et comment inspirer les autres.<\/p>\n\n\n\n<p>L&#039;avenir n&#039;appartient pas \u00e0 ceux qui connaissent le mieux la technologie, mais \u00e0 ceux qui savent la conjuguer avec l&#039;humanit\u00e9.<\/p>\n\n\n\n<p>En savoir plus:\u00a0<a href=\"https:\/\/espaconews.com\/fr_ca\/habilidades-mas-valoradas-en-la-era-digital\/\">Les comp\u00e9tences les plus valoris\u00e9es \u00e0 l&#039;\u00e8re num\u00e9rique<\/a><\/p>\n\n\n\n<h2 class=\"wp-block-heading\"><strong>Questions fr\u00e9quemment pos\u00e9es<\/strong><\/h2>\n\n\n\n<p><strong>1. Pourquoi les comp\u00e9tences non techniques sont-elles si importantes en 2025 ?<\/strong><br>Car l&#039;automatisation remplace les t\u00e2ches techniques, mais pas les comp\u00e9tences humaines telles que l&#039;empathie, la cr\u00e9ativit\u00e9 ou la communication.<\/p>\n\n\n\n<p><strong>2. Les comp\u00e9tences relationnelles peuvent-elles s&#039;apprendre\u00a0?<\/strong><br>Oui. Bien que certaines soient li\u00e9es \u00e0 la personnalit\u00e9, toutes peuvent \u00eatre d\u00e9velopp\u00e9es par la pratique, le retour d&#039;information et une r\u00e9flexion constante.<\/p>\n\n\n\n<p><strong>3. Lesquels sont les plus demand\u00e9s aujourd&#039;hui ?<\/strong><br>La communication efficace, le leadership, l&#039;adaptabilit\u00e9, l&#039;intelligence \u00e9motionnelle et la pens\u00e9e critique figurent parmi les comp\u00e9tences les plus recherch\u00e9es dans tous les secteurs.<\/p>\n\n\n\n<p><strong>4. O\u00f9 puis-je les am\u00e9liorer ?<\/strong><br>Des plateformes comme LinkedIn Learning, Coursera ou Google Digital Garage proposent des cours gratuits et actualis\u00e9s pour renforcer vos comp\u00e9tences g\u00e9n\u00e9rales.<\/p>","protected":false},"excerpt":{"rendered":"<p>La ma\u00eetrise des comp\u00e9tences transversales essentielles pour l&#039;avenir est devenue une priorit\u00e9 absolue pour celles et ceux qui souhaitent \u00e9voluer professionnellement. Dans un monde o\u00f9 l&#039;intelligence artificielle et l&#039;automatisation transforment les emplois, les comp\u00e9tences humaines sont le nouvel or du march\u00e9 du travail. R\u00e9sum\u00e9\u00a0: Cet article explore la nature des comp\u00e9tences transversales [\u2026]<\/p>","protected":false},"author":219,"featured_media":2874,"comment_status":"closed","ping_status":"open","sticky":false,"template":"","format":"standard","meta":{"footnotes":""},"categories":[4],"tags":[],"yoast_head":"<!-- This site is optimized with the Yoast SEO plugin v23.3 - https:\/\/yoast.com\/wordpress\/plugins\/seo\/ -->\n<title>Soft skills esenciales para el futuro - Espa\u00e7o News<\/title>\n<meta name=\"description\" content=\"Dominar las soft skills esenciales para el futuro se ha convertido en una de las prioridades m\u00e1s urgentes para quienes desean crecer...\" \/>\n<meta name=\"robots\" content=\"index, follow, max-snippet:-1, max-image-preview:large, max-video-preview:-1\" \/>\n<link rel=\"canonical\" href=\"https:\/\/espaconews.com\/fr_ca\/soft-skills-esenciales-para-el-futuro\/\" \/>\n<meta property=\"og:locale\" content=\"fr_CA\" \/>\n<meta property=\"og:type\" content=\"article\" \/>\n<meta property=\"og:title\" content=\"Soft skills esenciales para el futuro - Espa\u00e7o News\" \/>\n<meta property=\"og:description\" content=\"Dominar las soft skills esenciales para el futuro se ha convertido en una de las prioridades m\u00e1s urgentes para quienes desean crecer...\" \/>\n<meta property=\"og:url\" content=\"https:\/\/espaconews.com\/fr_ca\/soft-skills-esenciales-para-el-futuro\/\" \/>\n<meta property=\"og:site_name\" content=\"Espa\u00e7o News\" \/>\n<meta property=\"article:published_time\" content=\"2025-10-27T14:55:12+00:00\" \/>\n<meta property=\"article:modified_time\" content=\"2025-10-27T14:56:53+00:00\" \/>\n<meta property=\"og:image\" content=\"https:\/\/espaconews.com\/wp-content\/uploads\/sites\/142\/2025\/10\/DESTAQUE-ESPACO-45.jpg\" \/>\n\t<meta property=\"og:image:width\" content=\"550\" \/>\n\t<meta property=\"og:image:height\" content=\"350\" \/>\n\t<meta property=\"og:image:type\" content=\"image\/jpeg\" \/>\n<meta name=\"author\" content=\"Matheus Sangaletti\" \/>\n<meta name=\"twitter:card\" content=\"summary_large_image\" \/>\n<meta name=\"twitter:label1\" content=\"Written by\" \/>\n\t<meta name=\"twitter:data1\" content=\"Matheus Sangaletti\" \/>\n\t<meta name=\"twitter:label2\" content=\"Est. reading time\" \/>\n\t<meta name=\"twitter:data2\" content=\"9 minutes\" \/>\n<script type=\"application\/ld+json\" class=\"yoast-schema-graph\">{\"@context\":\"https:\/\/schema.org\",\"@graph\":[{\"@type\":\"WebPage\",\"@id\":\"https:\/\/espaconews.com\/soft-skills-esenciales-para-el-futuro\/\",\"url\":\"https:\/\/espaconews.com\/soft-skills-esenciales-para-el-futuro\/\",\"name\":\"Soft skills esenciales para el futuro - Espa\u00e7o News\",\"isPartOf\":{\"@id\":\"https:\/\/espaconews.com\/#website\"},\"primaryImageOfPage\":{\"@id\":\"https:\/\/espaconews.com\/soft-skills-esenciales-para-el-futuro\/#primaryimage\"},\"image\":{\"@id\":\"https:\/\/espaconews.com\/soft-skills-esenciales-para-el-futuro\/#primaryimage\"},\"thumbnailUrl\":\"https:\/\/espaconews.com\/wp-content\/uploads\/sites\/142\/2025\/10\/DESTAQUE-ESPACO-45.jpg\",\"datePublished\":\"2025-10-27T14:55:12+00:00\",\"dateModified\":\"2025-10-27T14:56:53+00:00\",\"author\":{\"@id\":\"https:\/\/espaconews.com\/#\/schema\/person\/92fcd07e9b1f4323bf74f3170fc0f78a\"},\"description\":\"Dominar las soft skills esenciales para el futuro se ha convertido en una de las prioridades m\u00e1s urgentes para quienes desean crecer...\",\"breadcrumb\":{\"@id\":\"https:\/\/espaconews.com\/soft-skills-esenciales-para-el-futuro\/#breadcrumb\"},\"inLanguage\":\"fr-CA\",\"potentialAction\":[{\"@type\":\"ReadAction\",\"target\":[\"https:\/\/espaconews.com\/soft-skills-esenciales-para-el-futuro\/\"]}]},{\"@type\":\"ImageObject\",\"inLanguage\":\"fr-CA\",\"@id\":\"https:\/\/espaconews.com\/soft-skills-esenciales-para-el-futuro\/#primaryimage\",\"url\":\"https:\/\/espaconews.com\/wp-content\/uploads\/sites\/142\/2025\/10\/DESTAQUE-ESPACO-45.jpg\",\"contentUrl\":\"https:\/\/espaconews.com\/wp-content\/uploads\/sites\/142\/2025\/10\/DESTAQUE-ESPACO-45.jpg\",\"width\":550,\"height\":350},{\"@type\":\"BreadcrumbList\",\"@id\":\"https:\/\/espaconews.com\/soft-skills-esenciales-para-el-futuro\/#breadcrumb\",\"itemListElement\":[{\"@type\":\"ListItem\",\"position\":1,\"name\":\"Home\",\"item\":\"https:\/\/espaconews.com\/\"},{\"@type\":\"ListItem\",\"position\":2,\"name\":\"Soft skills esenciales para el futuro\"}]},{\"@type\":\"WebSite\",\"@id\":\"https:\/\/espaconews.com\/#website\",\"url\":\"https:\/\/espaconews.com\/\",\"name\":\"Espa\u00e7o News\",\"description\":\"\",\"potentialAction\":[{\"@type\":\"SearchAction\",\"target\":{\"@type\":\"EntryPoint\",\"urlTemplate\":\"https:\/\/espaconews.com\/?s={search_term_string}\"},\"query-input\":\"required name=search_term_string\"}],\"inLanguage\":\"fr-CA\"},{\"@type\":\"Person\",\"@id\":\"https:\/\/espaconews.com\/#\/schema\/person\/92fcd07e9b1f4323bf74f3170fc0f78a\",\"name\":\"Matheus Sangaletti\",\"image\":{\"@type\":\"ImageObject\",\"inLanguage\":\"fr-CA\",\"@id\":\"https:\/\/espaconews.com\/#\/schema\/person\/image\/\",\"url\":\"https:\/\/secure.gravatar.com\/avatar\/280ea957a14a48e6a1ad2133d2cc27c9?s=96&d=mm&r=g\",\"contentUrl\":\"https:\/\/secure.gravatar.com\/avatar\/280ea957a14a48e6a1ad2133d2cc27c9?s=96&d=mm&r=g\",\"caption\":\"Matheus Sangaletti\"},\"url\":\"https:\/\/espaconews.com\/fr_ca\/author\/matheuss\/\"}]}<\/script>\n<!-- \/ Yoast SEO plugin. -->","yoast_head_json":{"title":"Soft skills esenciales para el futuro - Espa\u00e7o News","description":"Dominar las soft skills esenciales para el futuro se ha convertido en una de las prioridades m\u00e1s urgentes para quienes desean crecer...","robots":{"index":"index","follow":"follow","max-snippet":"max-snippet:-1","max-image-preview":"max-image-preview:large","max-video-preview":"max-video-preview:-1"},"canonical":"https:\/\/espaconews.com\/fr_ca\/soft-skills-esenciales-para-el-futuro\/","og_locale":"fr_CA","og_type":"article","og_title":"Soft skills esenciales para el futuro - Espa\u00e7o News","og_description":"Dominar las soft skills esenciales para el futuro se ha convertido en una de las prioridades m\u00e1s urgentes para quienes desean crecer...","og_url":"https:\/\/espaconews.com\/fr_ca\/soft-skills-esenciales-para-el-futuro\/","og_site_name":"Espa\u00e7o News","article_published_time":"2025-10-27T14:55:12+00:00","article_modified_time":"2025-10-27T14:56:53+00:00","og_image":[{"width":550,"height":350,"url":"https:\/\/espaconews.com\/wp-content\/uploads\/sites\/142\/2025\/10\/DESTAQUE-ESPACO-45.jpg","type":"image\/jpeg"}],"author":"Matheus Sangaletti","twitter_card":"summary_large_image","twitter_misc":{"Written by":"Matheus Sangaletti","Est. reading time":"9 minutes"},"schema":{"@context":"https:\/\/schema.org","@graph":[{"@type":"WebPage","@id":"https:\/\/espaconews.com\/soft-skills-esenciales-para-el-futuro\/","url":"https:\/\/espaconews.com\/soft-skills-esenciales-para-el-futuro\/","name":"Soft skills esenciales para el futuro - Espa\u00e7o News","isPartOf":{"@id":"https:\/\/espaconews.com\/#website"},"primaryImageOfPage":{"@id":"https:\/\/espaconews.com\/soft-skills-esenciales-para-el-futuro\/#primaryimage"},"image":{"@id":"https:\/\/espaconews.com\/soft-skills-esenciales-para-el-futuro\/#primaryimage"},"thumbnailUrl":"https:\/\/espaconews.com\/wp-content\/uploads\/sites\/142\/2025\/10\/DESTAQUE-ESPACO-45.jpg","datePublished":"2025-10-27T14:55:12+00:00","dateModified":"2025-10-27T14:56:53+00:00","author":{"@id":"https:\/\/espaconews.com\/#\/schema\/person\/92fcd07e9b1f4323bf74f3170fc0f78a"},"description":"Dominar las soft skills esenciales para el futuro se ha convertido en una de las prioridades m\u00e1s urgentes para quienes desean crecer...","breadcrumb":{"@id":"https:\/\/espaconews.com\/soft-skills-esenciales-para-el-futuro\/#breadcrumb"},"inLanguage":"fr-CA","potentialAction":[{"@type":"ReadAction","target":["https:\/\/espaconews.com\/soft-skills-esenciales-para-el-futuro\/"]}]},{"@type":"ImageObject","inLanguage":"fr-CA","@id":"https:\/\/espaconews.com\/soft-skills-esenciales-para-el-futuro\/#primaryimage","url":"https:\/\/espaconews.com\/wp-content\/uploads\/sites\/142\/2025\/10\/DESTAQUE-ESPACO-45.jpg","contentUrl":"https:\/\/espaconews.com\/wp-content\/uploads\/sites\/142\/2025\/10\/DESTAQUE-ESPACO-45.jpg","width":550,"height":350},{"@type":"BreadcrumbList","@id":"https:\/\/espaconews.com\/soft-skills-esenciales-para-el-futuro\/#breadcrumb","itemListElement":[{"@type":"ListItem","position":1,"name":"Home","item":"https:\/\/espaconews.com\/"},{"@type":"ListItem","position":2,"name":"Soft skills esenciales para el futuro"}]},{"@type":"WebSite","@id":"https:\/\/espaconews.com\/#website","url":"https:\/\/espaconews.com\/","name":"Espa\u00e7o News","description":"","potentialAction":[{"@type":"SearchAction","target":{"@type":"EntryPoint","urlTemplate":"https:\/\/espaconews.com\/?s={search_term_string}"},"query-input":"required name=search_term_string"}],"inLanguage":"fr-CA"},{"@type":"Person","@id":"https:\/\/espaconews.com\/#\/schema\/person\/92fcd07e9b1f4323bf74f3170fc0f78a","name":"Matheus Sangaletti","image":{"@type":"ImageObject","inLanguage":"fr-CA","@id":"https:\/\/espaconews.com\/#\/schema\/person\/image\/","url":"https:\/\/secure.gravatar.com\/avatar\/280ea957a14a48e6a1ad2133d2cc27c9?s=96&d=mm&r=g","contentUrl":"https:\/\/secure.gravatar.com\/avatar\/280ea957a14a48e6a1ad2133d2cc27c9?s=96&d=mm&r=g","caption":"Matheus Sangaletti"},"url":"https:\/\/espaconews.com\/fr_ca\/author\/matheuss\/"}]}},"_links":{"self":[{"href":"https:\/\/espaconews.com\/fr_ca\/wp-json\/wp\/v2\/posts\/2873"}],"collection":[{"href":"https:\/\/espaconews.com\/fr_ca\/wp-json\/wp\/v2\/posts"}],"about":[{"href":"https:\/\/espaconews.com\/fr_ca\/wp-json\/wp\/v2\/types\/post"}],"author":[{"embeddable":true,"href":"https:\/\/espaconews.com\/fr_ca\/wp-json\/wp\/v2\/users\/219"}],"replies":[{"embeddable":true,"href":"https:\/\/espaconews.com\/fr_ca\/wp-json\/wp\/v2\/comments?post=2873"}],"version-history":[{"count":1,"href":"https:\/\/espaconews.com\/fr_ca\/wp-json\/wp\/v2\/posts\/2873\/revisions"}],"predecessor-version":[{"id":2878,"href":"https:\/\/espaconews.com\/fr_ca\/wp-json\/wp\/v2\/posts\/2873\/revisions\/2878"}],"wp:featuredmedia":[{"embeddable":true,"href":"https:\/\/espaconews.com\/fr_ca\/wp-json\/wp\/v2\/media\/2874"}],"wp:attachment":[{"href":"https:\/\/espaconews.com\/fr_ca\/wp-json\/wp\/v2\/media?parent=2873"}],"wp:term":[{"taxonomy":"category","embeddable":true,"href":"https:\/\/espaconews.com\/fr_ca\/wp-json\/wp\/v2\/categories?post=2873"},{"taxonomy":"post_tag","embeddable":true,"href":"https:\/\/espaconews.com\/fr_ca\/wp-json\/wp\/v2\/tags?post=2873"}],"curies":[{"name":"wp","href":"https:\/\/api.w.org\/{rel}","templated":true}]}}