{"id":2868,"date":"2025-10-27T11:40:10","date_gmt":"2025-10-27T14:40:10","guid":{"rendered":"https:\/\/espaconews.com\/?p=2868"},"modified":"2025-10-27T11:40:25","modified_gmt":"2025-10-27T14:40:25","slug":"habilidades-mas-valoradas-en-la-era-digital","status":"publish","type":"post","link":"https:\/\/espaconews.com\/fr_ca\/habilidades-mas-valoradas-en-la-era-digital\/","title":{"rendered":"Les comp\u00e9tences les plus valoris\u00e9es \u00e0 l&#039;\u00e8re num\u00e9rique"},"content":{"rendered":"<p class=\"has-text-align-center\">Au c\u0153ur d&#039;une r\u00e9volution technologique, ma\u00eetriser <strong>les comp\u00e9tences les plus recherch\u00e9es \u00e0 l&#039;\u00e8re num\u00e9rique<\/strong> C&#039;est devenu une condition indispensable \u00e0 la r\u00e9ussite professionnelle.<\/p>\n\n\n\n<figure class=\"wp-block-gallery aligncenter has-nested-images columns-default is-cropped wp-block-gallery-1 is-layout-flex wp-block-gallery-is-layout-flex\">\n<figure class=\"wp-block-image size-full\"><img loading=\"lazy\" decoding=\"async\" width=\"550\" height=\"350\" data-id=\"2870\" src=\"https:\/\/espaconews.com\/wp-content\/uploads\/sites\/142\/2025\/10\/DESTAQUE-ESPACO-44-1.jpg\" alt=\"\" class=\"wp-image-2870\" srcset=\"https:\/\/espaconews.com\/wp-content\/uploads\/sites\/142\/2025\/10\/DESTAQUE-ESPACO-44-1.jpg 550w, https:\/\/espaconews.com\/wp-content\/uploads\/sites\/142\/2025\/10\/DESTAQUE-ESPACO-44-1-300x191.jpg 300w, https:\/\/espaconews.com\/wp-content\/uploads\/sites\/142\/2025\/10\/DESTAQUE-ESPACO-44-1-18x12.jpg 18w\" sizes=\"(max-width: 550px) 100vw, 550px\" \/><figcaption class=\"wp-element-caption\">CANVA<\/figcaption><\/figure>\n<\/figure>\n\n\n\n<p class=\"has-text-align-center\">Un dipl\u00f4me universitaire ou une exp\u00e9rience accumul\u00e9e ne suffisent plus ; ce qui fait la diff\u00e9rence, c&#039;est la capacit\u00e9 de s&#039;adapter, d&#039;apprendre et d&#039;\u00e9voluer dans un environnement o\u00f9 l&#039;innovation progresse plus vite que jamais.<\/p>\n\n\n\n<p><strong>R\u00e9sum\u00e9:<\/strong> Dans cet article, vous d\u00e9couvrirez quelles sont les comp\u00e9tences num\u00e9riques les plus demand\u00e9es en 2025, pourquoi les entreprises les consid\u00e8rent comme essentielles, comment les d\u00e9velopper et quelles strat\u00e9gies vous permettront de rester comp\u00e9titif sur un march\u00e9 du travail en constante \u00e9volution.<\/p>\n\n\n\n<p>\u00c0 la fin, vous trouverez un tableau r\u00e9pertoriant les comp\u00e9tences les plus demand\u00e9es par les organisations et une section de questions fr\u00e9quemment pos\u00e9es pour r\u00e9pondre \u00e0 vos interrogations.<\/p>\n\n\n\n<p>\u00cates-vous pr\u00eat(e) \u00e0 devenir le genre de professionnel que tout le monde recherche ?<\/p>\n\n\n\n<h2 class=\"wp-block-heading\"><strong>La transformation du march\u00e9 du travail<\/strong><\/h2>\n\n\n\n<p>La num\u00e9risation a red\u00e9fini notre fa\u00e7on de travailler.<\/p>\n\n\n\n<p>Selon le rapport \u00ab L\u2019avenir de l\u2019emploi 2025 \u00bb de <strong>Forum \u00e9conomique mondial<\/strong>, plus de <strong>60 % des emplois actuels du secteur % n\u00e9cessiteront des comp\u00e9tences num\u00e9riques avanc\u00e9es.<\/strong> en moins de cinq ans.<\/p>\n\n\n\n<p>Ce changement n&#039;est pas seulement technologique, mais aussi culturel et humain.<\/p>\n\n\n\n<p>Les entreprises ne valorisent plus seulement les connaissances techniques, mais aussi la capacit\u00e9 d&#039;apprendre en permanence et d&#039;appliquer des solutions cr\u00e9atives \u00e0 des probl\u00e8mes complexes.<\/p>\n\n\n\n<p>Dans ce contexte, le <strong>les comp\u00e9tences les plus recherch\u00e9es \u00e0 l&#039;\u00e8re num\u00e9rique<\/strong> Ils allient pens\u00e9e critique, culture technologique et empathie.<\/p>\n\n\n\n<h2 class=\"wp-block-heading\"><strong>Les comp\u00e9tences techniques qui fa\u00e7onneront l&#039;avenir<\/strong><\/h2>\n\n\n\n<p>La ma\u00eetrise des outils technologiques est une exigence fondamentale.<\/p>\n\n\n\n<p>Cependant, toutes les comp\u00e9tences num\u00e9riques n&#039;ont pas la m\u00eame importance. Les comp\u00e9tences les plus recherch\u00e9es en 2025 se r\u00e9partissent en trois grands domaines\u00a0: <strong>analyse de donn\u00e9es, intelligence artificielle et cybers\u00e9curit\u00e9<\/strong>.<\/p>\n\n\n\n<ul>\n<li><strong>Analyse des donn\u00e9es :<\/strong> Comprendre l&#039;information est essentiel pour prendre des d\u00e9cisions strat\u00e9giques. Les professionnels capables de transformer de grands volumes de donn\u00e9es en informations exploitables sont tr\u00e8s recherch\u00e9s.<\/li>\n\n\n\n<li><strong>Intelligence artificielle et automatisation\u00a0:<\/strong> L&#039;utilisation \u00e9thique et efficace de l&#039;IA distingue les innovateurs. Comprendre ses principes fondamentaux, m\u00eame sans \u00eatre programmeur, constitue un avantage concurrentiel.<\/li>\n\n\n\n<li><strong>Cybers\u00e9curit\u00e9 :<\/strong> La protection des donn\u00e9es professionnelles et personnelles repr\u00e9sente un d\u00e9fi constant. Avec l&#039;essor du t\u00e9l\u00e9travail, les entreprises privil\u00e9gient les candidats ma\u00eetrisant les risques num\u00e9riques.<\/li>\n<\/ul>\n\n\n\n<p>Ces comp\u00e9tences techniques ne se limitent pas au secteur technologique. M\u00eame dans des domaines comme le marketing, l&#039;\u00e9ducation ou la sant\u00e9, leur ma\u00eetrise fait toute la diff\u00e9rence.<\/p>\n\n\n\n<h2 class=\"wp-block-heading\"><strong>Comp\u00e9tences relationnelles\u00a0: la dimension humaine du num\u00e9rique<\/strong><\/h2>\n\n\n\n<p>\u00c0 mesure que les machines prennent en charge les t\u00e2ches r\u00e9p\u00e9titives, les capacit\u00e9s humaines prennent de l&#039;importance.<\/p>\n\n\n\n<p>Voici l\u2019analogie parfaite\u00a0: la technologie est le moteur, mais le <strong>comp\u00e9tences g\u00e9n\u00e9rales<\/strong> Ils sont le volant qui d\u00e9termine le cap.<\/p>\n\n\n\n<p>Parmi les <strong>les comp\u00e9tences les plus recherch\u00e9es \u00e0 l&#039;\u00e8re num\u00e9rique<\/strong>Ils mettent en avant l&#039;adaptabilit\u00e9, la communication efficace et l&#039;intelligence \u00e9motionnelle.<\/p>\n\n\n\n<ul>\n<li><strong>Adaptabilit\u00e9:<\/strong> Le changement est la seule constante. Ceux qui s&#039;adaptent rapidement aux nouveaux outils et processus restent comp\u00e9titifs.<\/li>\n\n\n\n<li><strong>Communication efficace :<\/strong> Dans un environnement isol\u00e9 et multiculturel, communiquer clairement ses id\u00e9es constitue un avantage concurrentiel.<\/li>\n\n\n\n<li><strong>Intelligence \u00e9motionnelle :<\/strong> Diriger des \u00e9quipes exige de l&#039;empathie et une bonne connaissance de soi. Savoir percevoir les \u00e9motions des autres renforce le travail collaboratif.<\/li>\n<\/ul>\n\n\n\n<p>Par exemple, un concepteur UX qui allie expertise technique et empathie pour comprendre l&#039;utilisateur cr\u00e9e des produits plus humains et plus performants.<\/p>\n\n\n\n<h2 class=\"wp-block-heading\"><strong>L&#039;apprentissage continu comme mode de vie<\/strong><\/h2>\n\n\n\n<p>Le d\u00e9veloppement professionnel n&#039;est plus une option.<\/p>\n\n\n\n<p>Des plateformes comme <strong>Coursera, Udemy ou Platzi<\/strong> Ils encouragent l&#039;apprentissage tout au long de la vie et d\u00e9mocratisent l&#039;acc\u00e8s au savoir.<\/p>\n\n\n\n<p>L&#039;essentiel est de cr\u00e9er une habitude\u00a0: consacrer du temps chaque semaine au d\u00e9veloppement de nouvelles comp\u00e9tences num\u00e9riques.<\/p>\n\n\n\n<p>Il ne s&#039;agit pas seulement d&#039;accumuler des cours, mais d&#039;appliquer ce que l&#039;on a appris.<\/p>\n\n\n\n<p>Par exemple, un analyste qui exp\u00e9rimente de nouveaux outils d&#039;automatisation dans son travail acquiert non seulement des connaissances, mais am\u00e9liore \u00e9galement les processus r\u00e9els, augmentant ainsi leur valeur au sein de l&#039;organisation.<\/p>\n\n\n\n<p>L&#039;apprentissage continu est sans aucun doute l&#039;un des <strong>les comp\u00e9tences les plus recherch\u00e9es \u00e0 l&#039;\u00e8re num\u00e9rique<\/strong>car elle t\u00e9moigne de curiosit\u00e9, d&#039;engagement et de r\u00e9silience.<\/p>\n\n\n\n<h2 class=\"wp-block-heading\"><strong>Comp\u00e9tences en leadership dans les environnements num\u00e9riques<\/strong><\/h2>\n\n\n\n<p>Le leadership ne se mesure plus \u00e0 l&#039;aune de la hi\u00e9rarchie, mais \u00e0 celle de l&#039;influence.<\/p>\n\n\n\n<p>Les \u00e9quipes distribu\u00e9es ont besoin de leaders qui inspirent, \u00e9coutent et coordonnent gr\u00e2ce \u00e0 la technologie.<\/p>\n\n\n\n<p>Les leaders du num\u00e9rique d\u00e9veloppent des comp\u00e9tences telles que\u00a0:<\/p>\n\n\n\n<ul>\n<li><strong>Gestion d&#039;\u00e9quipe \u00e0 distance<\/strong><\/li>\n\n\n\n<li><strong>Prise de d\u00e9cision fond\u00e9e sur les donn\u00e9es<\/strong><\/li>\n\n\n\n<li><strong>Mentalit\u00e9 agile<\/strong><\/li>\n<\/ul>\n\n\n\n<p>Selon une \u00e9tude r\u00e9alis\u00e9e par <strong>LinkedIn Learning (2024)<\/strong>Les entreprises qui promeuvent la formation au leadership num\u00e9rique ont un taux de r\u00e9tention des talents sup\u00e9rieur de 33,1 %.<\/p>\n\n\n\n<p>Ces donn\u00e9es confirment que les organisations valorisent \u00e0 la fois les comp\u00e9tences techniques et interpersonnelles de leurs dirigeants.<\/p>\n\n\n\n<h2 class=\"wp-block-heading\"><strong>Cr\u00e9ativit\u00e9 et pens\u00e9e critique : le contact humain<\/strong><\/h2>\n\n\n\n<p>Si l&#039;intelligence artificielle automatise les processus, la cr\u00e9ativit\u00e9 reste l&#039;atout humain.<\/p>\n\n\n\n<p>Savoir questionner, relier les id\u00e9es et g\u00e9n\u00e9rer des solutions originales, voil\u00e0 ce qui permet l&#039;innovation.<\/p>\n\n\n\n<p>La pens\u00e9e critique aide \u00e0 analyser l&#039;information en p\u00e9riode de surcharge num\u00e9rique.<\/p>\n\n\n\n<p>Tout ce qui circule en ligne n&#039;est pas vrai, c&#039;est pourquoi les professionnels capables de filtrer les donn\u00e9es et de construire des arguments solides sont indispensables.<\/p>\n\n\n\n<p>Pour reprendre les mots de <strong>Satya Nadella<\/strong>Le PDG de Microsoft a d\u00e9clar\u00e9 : \u00ab L\u2019enseignement le plus important du XXIe si\u00e8cle est d\u2019apprendre \u00e0 apprendre. \u00bb <\/p>\n\n\n\n<p>Cet esprit critique et r\u00e9flexif caract\u00e9rise les professionnels les plus pr\u00e9cieux.<\/p>\n\n\n\n<h2 class=\"wp-block-heading\"><strong>Comp\u00e9tences vertes et durabilit\u00e9 num\u00e9rique<\/strong><\/h2>\n\n\n\n<p>En 2025, les entreprises recherchent non seulement l&#039;efficacit\u00e9, mais aussi la durabilit\u00e9.<\/p>\n\n\n\n<p>L\u2019essor des \u00ab technologies vertes \u00bb engendre un besoin croissant de professionnels soucieux de l\u2019environnement.<\/p>\n\n\n\n<p>Les comp\u00e9tences permettant d&#039;optimiser les ressources num\u00e9riques, de r\u00e9duire l&#039;empreinte carbone dans le cloud et d&#039;appliquer les principes du d\u00e9veloppement durable sont de plus en plus recherch\u00e9es.<\/p>\n\n\n\n<p>Ces comp\u00e9tences t\u00e9moignent d&#039;un sens des responsabilit\u00e9s sociales, une valeur croissante tant pour les marques que pour les employ\u00e9s.<\/p>\n\n\n\n<h2 class=\"wp-block-heading\"><strong>Tableau des comp\u00e9tences num\u00e9riques les plus demand\u00e9es (2025)<\/strong><\/h2>\n\n\n\n<figure class=\"wp-block-table\"><table><thead><tr><th>Zone<\/th><th>Capacit\u00e9<\/th><th>Niveau de la demande<\/th><\/tr><\/thead><tbody><tr><td>Technologie<\/td><td>Analyse des donn\u00e9es<\/td><td>Tr\u00e8s \u00e9lev\u00e9<\/td><\/tr><tr><td>Technologie<\/td><td>Cybers\u00e9curit\u00e9<\/td><td>Haut<\/td><\/tr><tr><td>Intelligence artificielle<\/td><td>Automatisation et apprentissage automatique<\/td><td>Tr\u00e8s \u00e9lev\u00e9<\/td><\/tr><tr><td>Gestion<\/td><td>leadership \u00e0 distance<\/td><td>Haut<\/td><\/tr><tr><td>comp\u00e9tences g\u00e9n\u00e9rales<\/td><td>Communication et empathie<\/td><td>Tr\u00e8s \u00e9lev\u00e9<\/td><\/tr><tr><td>Formation continue<\/td><td>Apprentissage autodirig\u00e9<\/td><td>Haut<\/td><\/tr><tr><td>Durabilit\u00e9<\/td><td>technologies vertes<\/td><td>Moiti\u00e9<\/td><\/tr><\/tbody><\/table><figcaption class=\"wp-element-caption\">Les comp\u00e9tences les plus valoris\u00e9es \u00e0 l&#039;\u00e8re num\u00e9rique<\/figcaption><\/figure>\n\n\n\n<p>En savoir plus:\u00a0<a href=\"https:\/\/espaconews.com\/fr_ca\/sectores-con-mayor-crecimiento-en-2025\/\">Secteurs \u00e0 plus forte croissance en 2025<\/a><\/p>\n\n\n\n<figure class=\"wp-block-gallery aligncenter has-nested-images columns-default is-cropped wp-block-gallery-2 is-layout-flex wp-block-gallery-is-layout-flex\">\n<figure class=\"wp-block-image size-full\"><img loading=\"lazy\" decoding=\"async\" width=\"550\" height=\"350\" data-id=\"2871\" src=\"https:\/\/espaconews.com\/wp-content\/uploads\/sites\/142\/2025\/10\/DESTAQUE-ESPACO-43.jpg\" alt=\"\" class=\"wp-image-2871\" srcset=\"https:\/\/espaconews.com\/wp-content\/uploads\/sites\/142\/2025\/10\/DESTAQUE-ESPACO-43.jpg 550w, https:\/\/espaconews.com\/wp-content\/uploads\/sites\/142\/2025\/10\/DESTAQUE-ESPACO-43-300x191.jpg 300w, https:\/\/espaconews.com\/wp-content\/uploads\/sites\/142\/2025\/10\/DESTAQUE-ESPACO-43-18x12.jpg 18w\" sizes=\"(max-width: 550px) 100vw, 550px\" \/><figcaption class=\"wp-element-caption\">CANVA<\/figcaption><\/figure>\n<\/figure>\n\n\n\n<h2 class=\"wp-block-heading\"><strong>Comment d\u00e9velopper les comp\u00e9tences les plus recherch\u00e9es \u00e0 l&#039;\u00e8re du num\u00e9rique<\/strong><\/h2>\n\n\n\n<p>Pour se d\u00e9marquer, il ne suffit pas de savoir quelles comp\u00e9tences sont importantes ; il faut les cultiver de mani\u00e8re strat\u00e9gique.<\/p>\n\n\n\n<p>Voici quelques recommandations pratiques\u00a0:<\/p>\n\n\n\n<ol>\n<li><strong>\u00c9valuez votre point de d\u00e9part\u00a0:<\/strong> Identifiez vos points forts et vos lacunes en mati\u00e8re de connaissances.<\/li>\n\n\n\n<li><strong>Choisissez une sp\u00e9cialisation\u00a0:<\/strong> Au lieu d&#039;apprendre un peu de tout, approfondissez une comp\u00e9tence pertinente pour votre secteur d&#039;activit\u00e9.<\/li>\n\n\n\n<li><strong>D\u00e9veloppez votre marque professionnelle\u00a0:<\/strong> Partagez vos apprentissages sur des r\u00e9seaux comme LinkedIn. Mettre en valeur vos progr\u00e8s renforce votre autorit\u00e9.<\/li>\n\n\n\n<li><strong>Entourez-vous de mentors\u00a0:<\/strong> Apprendre de ceux qui ma\u00eetrisent d\u00e9j\u00e0 ces comp\u00e9tences acc\u00e9l\u00e8re la progression.<\/li>\n<\/ol>\n\n\n\n<h2 class=\"wp-block-heading\"><strong>Conclusion<\/strong><\/h2>\n\n\n\n<p>Le <strong>les comp\u00e9tences les plus recherch\u00e9es \u00e0 l&#039;\u00e8re num\u00e9rique<\/strong> Elles vont au-del\u00e0 des aspects techniques. Elles impliquent un \u00e9tat d&#039;esprit, de la curiosit\u00e9 et de l&#039;engagement.<\/p>\n\n\n\n<p>Ceux qui apprennent \u00e0 allier technologie et empathie deviennent les v\u00e9ritables acteurs du changement.<\/p>\n\n\n\n<p>L&#039;avenir appartient \u00e0 ceux qui n&#039;ont pas peur de se r\u00e9inventer, \u00e0 ceux qui comprennent que le savoir n&#039;a pas de date d&#039;expiration.<\/p>\n\n\n\n<p>Ainsi, chaque pas que vous ferez vers l&#039;apprentissage num\u00e9rique vous rapprochera non seulement de meilleures opportunit\u00e9s, mais aussi d&#039;une version plus comp\u00e9titive et plus consciente de vous-m\u00eame.<\/p>\n\n\n\n<p>En savoir plus:\u00a0<a href=\"https:\/\/espaconews.com\/fr_ca\/profesiones-mas-demandadas-en-2025\/\">Les professions les plus demand\u00e9es en 2025<\/a><\/p>\n\n\n\n<h2 class=\"wp-block-heading\"><strong>Questions fr\u00e9quemment pos\u00e9es<\/strong><\/h2>\n\n\n\n<p><strong>1. Quelles seront les comp\u00e9tences les plus recherch\u00e9es en 2025 ?<\/strong><br>Parmi les comp\u00e9tences les plus recherch\u00e9es figurent l&#039;analyse de donn\u00e9es, la cybers\u00e9curit\u00e9, l&#039;intelligence artificielle, la communication efficace et l&#039;adaptabilit\u00e9.<\/p>\n\n\n\n<p><strong>2. Pourquoi les comp\u00e9tences relationnelles sont-elles si importantes ?<\/strong><br>Car l&#039;automatisation ne peut remplacer l&#039;empathie, la collaboration ou l&#039;esprit critique, qui sont essentiels au leadership moderne.<\/p>\n\n\n\n<p><strong>3. O\u00f9 puis-je acqu\u00e9rir ces comp\u00e9tences ?<\/strong><br>Des plateformes comme Coursera, edX, Google Career Certificates et les universit\u00e9s num\u00e9riques proposent des programmes mis \u00e0 jour et accessibles.<\/p>\n\n\n\n<p><strong>4. Comment rester pertinent face \u00e0 tant d&#039;innovations ?<\/strong><br>La cl\u00e9, c&#039;est l&#039;apprentissage continu\u00a0: consacrer du temps chaque semaine au d\u00e9veloppement de nouvelles comp\u00e9tences et \u00e0 leur application dans des contextes r\u00e9els.<\/p>","protected":false},"excerpt":{"rendered":"<p>En pleine r\u00e9volution technologique, la ma\u00eetrise des comp\u00e9tences les plus recherch\u00e9es \u00e0 l&#039;\u00e8re du num\u00e9rique est devenue une condition essentielle \u00e0 la r\u00e9ussite professionnelle. Un dipl\u00f4me universitaire ou une longue exp\u00e9rience ne suffisent plus\u00a0; ce qui fait la diff\u00e9rence, c&#039;est la capacit\u00e9 \u00e0 s&#039;adapter, \u00e0 apprendre et \u00e0 \u00e9voluer dans un environnement o\u00f9 l&#039;innovation est en perp\u00e9tuelle progression.<\/p>","protected":false},"author":219,"featured_media":2869,"comment_status":"closed","ping_status":"open","sticky":false,"template":"","format":"standard","meta":{"footnotes":""},"categories":[4],"tags":[],"yoast_head":"<!-- This site is optimized with the Yoast SEO plugin v23.3 - https:\/\/yoast.com\/wordpress\/plugins\/seo\/ -->\n<title>Habilidades m\u00e1s valoradas en la era digital - Espa\u00e7o News<\/title>\n<meta name=\"description\" content=\"En plena revoluci\u00f3n tecnol\u00f3gica, dominar las habilidades m\u00e1s valoradas en la era digital se ha convertido en un requisito indispensable para.\" \/>\n<meta name=\"robots\" content=\"index, follow, max-snippet:-1, max-image-preview:large, max-video-preview:-1\" \/>\n<link rel=\"canonical\" href=\"https:\/\/espaconews.com\/fr_ca\/habilidades-mas-valoradas-en-la-era-digital\/\" \/>\n<meta property=\"og:locale\" content=\"fr_CA\" \/>\n<meta property=\"og:type\" content=\"article\" \/>\n<meta property=\"og:title\" content=\"Habilidades m\u00e1s valoradas en la era digital - Espa\u00e7o News\" \/>\n<meta property=\"og:description\" content=\"En plena revoluci\u00f3n tecnol\u00f3gica, dominar las habilidades m\u00e1s valoradas en la era digital se ha convertido en un requisito indispensable para.\" \/>\n<meta property=\"og:url\" content=\"https:\/\/espaconews.com\/fr_ca\/habilidades-mas-valoradas-en-la-era-digital\/\" \/>\n<meta property=\"og:site_name\" content=\"Espa\u00e7o News\" \/>\n<meta property=\"article:published_time\" content=\"2025-10-27T14:40:10+00:00\" \/>\n<meta property=\"article:modified_time\" content=\"2025-10-27T14:40:25+00:00\" \/>\n<meta property=\"og:image\" content=\"https:\/\/espaconews.com\/wp-content\/uploads\/sites\/142\/2025\/10\/DESTAQUE-ESPACO-44.jpg\" \/>\n\t<meta property=\"og:image:width\" content=\"550\" \/>\n\t<meta property=\"og:image:height\" content=\"350\" \/>\n\t<meta property=\"og:image:type\" content=\"image\/jpeg\" \/>\n<meta name=\"author\" content=\"Matheus Sangaletti\" \/>\n<meta name=\"twitter:card\" content=\"summary_large_image\" \/>\n<meta name=\"twitter:label1\" content=\"Written by\" \/>\n\t<meta name=\"twitter:data1\" content=\"Matheus Sangaletti\" \/>\n\t<meta name=\"twitter:label2\" content=\"Est. reading time\" \/>\n\t<meta name=\"twitter:data2\" content=\"8 minutes\" \/>\n<script type=\"application\/ld+json\" class=\"yoast-schema-graph\">{\"@context\":\"https:\/\/schema.org\",\"@graph\":[{\"@type\":\"WebPage\",\"@id\":\"https:\/\/espaconews.com\/habilidades-mas-valoradas-en-la-era-digital\/\",\"url\":\"https:\/\/espaconews.com\/habilidades-mas-valoradas-en-la-era-digital\/\",\"name\":\"Habilidades m\u00e1s valoradas en la era digital - Espa\u00e7o News\",\"isPartOf\":{\"@id\":\"https:\/\/espaconews.com\/#website\"},\"primaryImageOfPage\":{\"@id\":\"https:\/\/espaconews.com\/habilidades-mas-valoradas-en-la-era-digital\/#primaryimage\"},\"image\":{\"@id\":\"https:\/\/espaconews.com\/habilidades-mas-valoradas-en-la-era-digital\/#primaryimage\"},\"thumbnailUrl\":\"https:\/\/espaconews.com\/wp-content\/uploads\/sites\/142\/2025\/10\/DESTAQUE-ESPACO-44.jpg\",\"datePublished\":\"2025-10-27T14:40:10+00:00\",\"dateModified\":\"2025-10-27T14:40:25+00:00\",\"author\":{\"@id\":\"https:\/\/espaconews.com\/#\/schema\/person\/92fcd07e9b1f4323bf74f3170fc0f78a\"},\"description\":\"En plena revoluci\u00f3n tecnol\u00f3gica, dominar las habilidades m\u00e1s valoradas en la era digital se ha convertido en un requisito indispensable para.\",\"breadcrumb\":{\"@id\":\"https:\/\/espaconews.com\/habilidades-mas-valoradas-en-la-era-digital\/#breadcrumb\"},\"inLanguage\":\"fr-CA\",\"potentialAction\":[{\"@type\":\"ReadAction\",\"target\":[\"https:\/\/espaconews.com\/habilidades-mas-valoradas-en-la-era-digital\/\"]}]},{\"@type\":\"ImageObject\",\"inLanguage\":\"fr-CA\",\"@id\":\"https:\/\/espaconews.com\/habilidades-mas-valoradas-en-la-era-digital\/#primaryimage\",\"url\":\"https:\/\/espaconews.com\/wp-content\/uploads\/sites\/142\/2025\/10\/DESTAQUE-ESPACO-44.jpg\",\"contentUrl\":\"https:\/\/espaconews.com\/wp-content\/uploads\/sites\/142\/2025\/10\/DESTAQUE-ESPACO-44.jpg\",\"width\":550,\"height\":350},{\"@type\":\"BreadcrumbList\",\"@id\":\"https:\/\/espaconews.com\/habilidades-mas-valoradas-en-la-era-digital\/#breadcrumb\",\"itemListElement\":[{\"@type\":\"ListItem\",\"position\":1,\"name\":\"Home\",\"item\":\"https:\/\/espaconews.com\/\"},{\"@type\":\"ListItem\",\"position\":2,\"name\":\"Habilidades m\u00e1s valoradas en la era digital\"}]},{\"@type\":\"WebSite\",\"@id\":\"https:\/\/espaconews.com\/#website\",\"url\":\"https:\/\/espaconews.com\/\",\"name\":\"Espa\u00e7o News\",\"description\":\"\",\"potentialAction\":[{\"@type\":\"SearchAction\",\"target\":{\"@type\":\"EntryPoint\",\"urlTemplate\":\"https:\/\/espaconews.com\/?s={search_term_string}\"},\"query-input\":\"required name=search_term_string\"}],\"inLanguage\":\"fr-CA\"},{\"@type\":\"Person\",\"@id\":\"https:\/\/espaconews.com\/#\/schema\/person\/92fcd07e9b1f4323bf74f3170fc0f78a\",\"name\":\"Matheus Sangaletti\",\"image\":{\"@type\":\"ImageObject\",\"inLanguage\":\"fr-CA\",\"@id\":\"https:\/\/espaconews.com\/#\/schema\/person\/image\/\",\"url\":\"https:\/\/secure.gravatar.com\/avatar\/280ea957a14a48e6a1ad2133d2cc27c9?s=96&d=mm&r=g\",\"contentUrl\":\"https:\/\/secure.gravatar.com\/avatar\/280ea957a14a48e6a1ad2133d2cc27c9?s=96&d=mm&r=g\",\"caption\":\"Matheus Sangaletti\"},\"url\":\"https:\/\/espaconews.com\/fr_ca\/author\/matheuss\/\"}]}<\/script>\n<!-- \/ Yoast SEO plugin. -->","yoast_head_json":{"title":"Habilidades m\u00e1s valoradas en la era digital - Espa\u00e7o News","description":"En plena revoluci\u00f3n tecnol\u00f3gica, dominar las habilidades m\u00e1s valoradas en la era digital se ha convertido en un requisito indispensable para.","robots":{"index":"index","follow":"follow","max-snippet":"max-snippet:-1","max-image-preview":"max-image-preview:large","max-video-preview":"max-video-preview:-1"},"canonical":"https:\/\/espaconews.com\/fr_ca\/habilidades-mas-valoradas-en-la-era-digital\/","og_locale":"fr_CA","og_type":"article","og_title":"Habilidades m\u00e1s valoradas en la era digital - Espa\u00e7o News","og_description":"En plena revoluci\u00f3n tecnol\u00f3gica, dominar las habilidades m\u00e1s valoradas en la era digital se ha convertido en un requisito indispensable para.","og_url":"https:\/\/espaconews.com\/fr_ca\/habilidades-mas-valoradas-en-la-era-digital\/","og_site_name":"Espa\u00e7o News","article_published_time":"2025-10-27T14:40:10+00:00","article_modified_time":"2025-10-27T14:40:25+00:00","og_image":[{"width":550,"height":350,"url":"https:\/\/espaconews.com\/wp-content\/uploads\/sites\/142\/2025\/10\/DESTAQUE-ESPACO-44.jpg","type":"image\/jpeg"}],"author":"Matheus Sangaletti","twitter_card":"summary_large_image","twitter_misc":{"Written by":"Matheus Sangaletti","Est. reading time":"8 minutes"},"schema":{"@context":"https:\/\/schema.org","@graph":[{"@type":"WebPage","@id":"https:\/\/espaconews.com\/habilidades-mas-valoradas-en-la-era-digital\/","url":"https:\/\/espaconews.com\/habilidades-mas-valoradas-en-la-era-digital\/","name":"Habilidades m\u00e1s valoradas en la era digital - Espa\u00e7o News","isPartOf":{"@id":"https:\/\/espaconews.com\/#website"},"primaryImageOfPage":{"@id":"https:\/\/espaconews.com\/habilidades-mas-valoradas-en-la-era-digital\/#primaryimage"},"image":{"@id":"https:\/\/espaconews.com\/habilidades-mas-valoradas-en-la-era-digital\/#primaryimage"},"thumbnailUrl":"https:\/\/espaconews.com\/wp-content\/uploads\/sites\/142\/2025\/10\/DESTAQUE-ESPACO-44.jpg","datePublished":"2025-10-27T14:40:10+00:00","dateModified":"2025-10-27T14:40:25+00:00","author":{"@id":"https:\/\/espaconews.com\/#\/schema\/person\/92fcd07e9b1f4323bf74f3170fc0f78a"},"description":"En plena revoluci\u00f3n tecnol\u00f3gica, dominar las habilidades m\u00e1s valoradas en la era digital se ha convertido en un requisito indispensable para.","breadcrumb":{"@id":"https:\/\/espaconews.com\/habilidades-mas-valoradas-en-la-era-digital\/#breadcrumb"},"inLanguage":"fr-CA","potentialAction":[{"@type":"ReadAction","target":["https:\/\/espaconews.com\/habilidades-mas-valoradas-en-la-era-digital\/"]}]},{"@type":"ImageObject","inLanguage":"fr-CA","@id":"https:\/\/espaconews.com\/habilidades-mas-valoradas-en-la-era-digital\/#primaryimage","url":"https:\/\/espaconews.com\/wp-content\/uploads\/sites\/142\/2025\/10\/DESTAQUE-ESPACO-44.jpg","contentUrl":"https:\/\/espaconews.com\/wp-content\/uploads\/sites\/142\/2025\/10\/DESTAQUE-ESPACO-44.jpg","width":550,"height":350},{"@type":"BreadcrumbList","@id":"https:\/\/espaconews.com\/habilidades-mas-valoradas-en-la-era-digital\/#breadcrumb","itemListElement":[{"@type":"ListItem","position":1,"name":"Home","item":"https:\/\/espaconews.com\/"},{"@type":"ListItem","position":2,"name":"Habilidades m\u00e1s valoradas en la era digital"}]},{"@type":"WebSite","@id":"https:\/\/espaconews.com\/#website","url":"https:\/\/espaconews.com\/","name":"Espa\u00e7o News","description":"","potentialAction":[{"@type":"SearchAction","target":{"@type":"EntryPoint","urlTemplate":"https:\/\/espaconews.com\/?s={search_term_string}"},"query-input":"required name=search_term_string"}],"inLanguage":"fr-CA"},{"@type":"Person","@id":"https:\/\/espaconews.com\/#\/schema\/person\/92fcd07e9b1f4323bf74f3170fc0f78a","name":"Matheus Sangaletti","image":{"@type":"ImageObject","inLanguage":"fr-CA","@id":"https:\/\/espaconews.com\/#\/schema\/person\/image\/","url":"https:\/\/secure.gravatar.com\/avatar\/280ea957a14a48e6a1ad2133d2cc27c9?s=96&d=mm&r=g","contentUrl":"https:\/\/secure.gravatar.com\/avatar\/280ea957a14a48e6a1ad2133d2cc27c9?s=96&d=mm&r=g","caption":"Matheus Sangaletti"},"url":"https:\/\/espaconews.com\/fr_ca\/author\/matheuss\/"}]}},"_links":{"self":[{"href":"https:\/\/espaconews.com\/fr_ca\/wp-json\/wp\/v2\/posts\/2868"}],"collection":[{"href":"https:\/\/espaconews.com\/fr_ca\/wp-json\/wp\/v2\/posts"}],"about":[{"href":"https:\/\/espaconews.com\/fr_ca\/wp-json\/wp\/v2\/types\/post"}],"author":[{"embeddable":true,"href":"https:\/\/espaconews.com\/fr_ca\/wp-json\/wp\/v2\/users\/219"}],"replies":[{"embeddable":true,"href":"https:\/\/espaconews.com\/fr_ca\/wp-json\/wp\/v2\/comments?post=2868"}],"version-history":[{"count":1,"href":"https:\/\/espaconews.com\/fr_ca\/wp-json\/wp\/v2\/posts\/2868\/revisions"}],"predecessor-version":[{"id":2872,"href":"https:\/\/espaconews.com\/fr_ca\/wp-json\/wp\/v2\/posts\/2868\/revisions\/2872"}],"wp:featuredmedia":[{"embeddable":true,"href":"https:\/\/espaconews.com\/fr_ca\/wp-json\/wp\/v2\/media\/2869"}],"wp:attachment":[{"href":"https:\/\/espaconews.com\/fr_ca\/wp-json\/wp\/v2\/media?parent=2868"}],"wp:term":[{"taxonomy":"category","embeddable":true,"href":"https:\/\/espaconews.com\/fr_ca\/wp-json\/wp\/v2\/categories?post=2868"},{"taxonomy":"post_tag","embeddable":true,"href":"https:\/\/espaconews.com\/fr_ca\/wp-json\/wp\/v2\/tags?post=2868"}],"curies":[{"name":"wp","href":"https:\/\/api.w.org\/{rel}","templated":true}]}}