{"id":2879,"date":"2025-10-28T11:49:14","date_gmt":"2025-10-28T14:49:14","guid":{"rendered":"https:\/\/espaconews.com\/?p=2879"},"modified":"2025-10-28T11:51:27","modified_gmt":"2025-10-28T14:51:27","slug":"tendencias-globales-en-educacion-infantil","status":"publish","type":"post","link":"https:\/\/espaconews.com\/en\/tendencias-globales-en-educacion-infantil\/","title":{"rendered":"Global trends in early childhood education"},"content":{"rendered":"<p class=\"has-text-align-center\"><strong>Global trends in early childhood education<\/strong> It has become one of the most debated topics within the international educational agenda.<\/p>\n\n\n\n<figure class=\"wp-block-gallery aligncenter has-nested-images columns-default is-cropped wp-block-gallery-1 is-layout-flex wp-block-gallery-is-layout-flex\">\n<figure class=\"wp-block-image size-full\"><img loading=\"lazy\" decoding=\"async\" width=\"550\" height=\"350\" data-id=\"2881\" src=\"https:\/\/espaconews.com\/wp-content\/uploads\/sites\/142\/2025\/10\/DESTAQUE-ESPACO-47.jpg\" alt=\"\" class=\"wp-image-2881\" srcset=\"https:\/\/espaconews.com\/wp-content\/uploads\/sites\/142\/2025\/10\/DESTAQUE-ESPACO-47.jpg 550w, https:\/\/espaconews.com\/wp-content\/uploads\/sites\/142\/2025\/10\/DESTAQUE-ESPACO-47-300x191.jpg 300w, https:\/\/espaconews.com\/wp-content\/uploads\/sites\/142\/2025\/10\/DESTAQUE-ESPACO-47-18x12.jpg 18w\" sizes=\"(max-width: 550px) 100vw, 550px\" \/><figcaption class=\"wp-element-caption\">CANVA<\/figcaption><\/figure>\n<\/figure>\n\n\n\n<p class=\"has-text-align-center\">In a world where technology, neuroscience, and pedagogy intertwine, understanding where early childhood education is headed is key to preparing new generations.<\/p>\n\n\n\n<p><strong>Summary:<\/strong><\/p>\n\n\n\n<ol>\n<li>Current context and transformation of children&#039;s learning<\/li>\n\n\n\n<li>New pedagogical approaches and their global impact<\/li>\n\n\n\n<li>Technology, inclusion and emotional well-being<\/li>\n\n\n\n<li>Real-world examples of educational innovation<\/li>\n\n\n\n<li>Challenges for the future<\/li>\n\n\n\n<li>Conclusion and frequently asked questions<\/li>\n<\/ol>\n\n\n\n<h2 class=\"wp-block-heading\"><strong>A global change in early childhood education<\/strong><\/h2>\n\n\n\n<p>In 2025, talking about <strong>global trends in early childhood education<\/strong> It&#039;s about talking about a paradigm shift.<\/p>\n\n\n\n<p>Early childhood education is no longer limited to teaching letters and numbers; it now seeks to cultivate curiosity, empathy, and problem-solving skills from an early age.<\/p>\n\n\n\n<p>UNESCO emphasizes that preschool education is &quot;the foundation of lifelong learning.&quot;<\/p>\n\n\n\n<p>According to UNICEF data (2024), more than <strong>60% of the countries have implemented national early childhood education programs<\/strong> that integrate technology, inclusion, and emotional training.<\/p>\n\n\n\n<p>This transformation is not accidental: it is due to a deeper understanding of children&#039;s cognitive development and the urgency of preparing girls and boys for a globalized and digital environment.<\/p>\n\n\n\n<p>Can a three-year-old learn critical thinking or digital empathy? That is the question that is mobilizing educators and governments around the world today.<\/p>\n\n\n\n<h2 class=\"wp-block-heading\"><strong>Pedagogical approaches that are making a difference<\/strong><\/h2>\n\n\n\n<p>The <strong>global trends in early childhood education<\/strong> Current ones are based on new pedagogical models that prioritize play, autonomy, and sensory exploration.<\/p>\n\n\n\n<p>Among the most influential approaches are:<\/p>\n\n\n\n<ul>\n<li><strong>Project-based learning (PBL):<\/strong> It encourages children to learn by doing, solving real problems in their environment.<\/li>\n\n\n\n<li><strong>Social-emotional education:<\/strong> It promotes self-regulation and empathy, essential aspects for coexistence and mental health.<\/li>\n\n\n\n<li><strong>Reggio Emilia Pedagogy:<\/strong> Born in Italy, but with a great impact in Latin America, it focuses on creativity and the active participation of the child as the protagonist.<\/li>\n\n\n\n<li><strong>STEAM Education (Science, Technology, Engineering, Arts and Mathematics):<\/strong> Increasingly present in early childhood education, it seeks to develop logical and creative thinking in an integrated way.<\/li>\n<\/ul>\n\n\n\n<p>These models, although diverse, share the same principle: putting the child at the center of the educational process and recognizing that meaningful learning occurs when there is emotion and discovery.<\/p>\n\n\n\n<h2 class=\"wp-block-heading\"><strong>Technology and education: a partnership in progress<\/strong><\/h2>\n\n\n\n<p>The incorporation of technology in early childhood remains one of the most debated topics.<\/p>\n\n\n\n<p>However, the <strong>global trends in early childhood education<\/strong> They demonstrate that the responsible and guided use of digital tools can be a powerful ally.<\/p>\n\n\n\n<p>According to the report <em>Global Education Monitoring 2024<\/em> According to UNESCO, the 72% report on early childhood education institutions in developed countries uses interactive technological resources, such as digital whiteboards, educational apps, and immersive augmented reality experiences.<\/p>\n\n\n\n<p>The challenge is not to ban screens, but to teach how to use them in a pedagogical way.<\/p>\n\n\n\n<p>For example, apps designed to explore sounds, colors, or logical patterns can stimulate cognitive skills, provided they are used under adult guidance and with limited time.<\/p>\n\n\n\n<p>The key is balance: technology yes, but with an educational purpose and human support.<\/p>\n\n\n\n<h2 class=\"wp-block-heading\"><strong>Inclusion and emotional well-being: pillars of a new educational era<\/strong><\/h2>\n\n\n\n<p>Emotional well-being and inclusion are two axes that run through all of them <strong>global trends in early childhood education<\/strong>.<\/p>\n\n\n\n<p>It is no longer enough to teach; now it is essential to educate for coexistence, to accept diversity and to build environments where every child feels seen and valued.<\/p>\n\n\n\n<p>Neuroeducation has shown that positive emotions enhance memory and attention.<\/p>\n\n\n\n<p>Schools in countries like Finland, Chile, and Mexico have implemented programs to <em>mindfulness for children<\/em>where children learn to recognize their emotions and express them without fear.<\/p>\n\n\n\n<p>Furthermore, access to inclusive education continues to expand.<\/p>\n\n\n\n<p>UNESCO reports that between 2020 and 2024, the number of preschool centers with programs adapted for children with disabilities increased by <strong>35% worldwide<\/strong>.<\/p>\n\n\n\n<p>This progress represents a step towards a more equitable and humane educational model.<\/p>\n\n\n\n<h3 class=\"wp-block-heading\"><strong>Global trends in early childhood education 2025<\/strong><\/h3>\n\n\n\n<figure class=\"wp-block-table\"><table><thead><tr><th>Trend<\/th><th>Description<\/th><th>Expected impact<\/th><\/tr><\/thead><tbody><tr><td>Emotional education<\/td><td>It fosters self-regulation and empathy<\/td><td>Improving the school climate and reducing bullying<\/td><\/tr><tr><td>Responsible technology<\/td><td>Pedagogical use of digital tools<\/td><td>Increased interest and participation of children<\/td><\/tr><tr><td>Educational inclusion<\/td><td>Attention to diversity and disability<\/td><td>Greater equity in access and comprehensive development<\/td><\/tr><tr><td>Project-based learning<\/td><td>Active and practical approach<\/td><td>Strengthening problem-solving skills<\/td><\/tr><tr><td>Continuing teacher training<\/td><td>Constant professional development<\/td><td>Improvement in the quality of teaching<\/td><\/tr><\/tbody><\/table><figcaption class=\"wp-element-caption\">Global trends in early childhood education<\/figcaption><\/figure>\n\n\n\n<figure class=\"wp-block-gallery aligncenter has-nested-images columns-default is-cropped wp-block-gallery-2 is-layout-flex wp-block-gallery-is-layout-flex\">\n<figure class=\"wp-block-image size-full\"><img loading=\"lazy\" decoding=\"async\" width=\"550\" height=\"350\" data-id=\"2882\" src=\"https:\/\/espaconews.com\/wp-content\/uploads\/sites\/142\/2025\/10\/DESTAQUE-ESPACO-47-1.jpg\" alt=\"\" class=\"wp-image-2882\" srcset=\"https:\/\/espaconews.com\/wp-content\/uploads\/sites\/142\/2025\/10\/DESTAQUE-ESPACO-47-1.jpg 550w, https:\/\/espaconews.com\/wp-content\/uploads\/sites\/142\/2025\/10\/DESTAQUE-ESPACO-47-1-300x191.jpg 300w, https:\/\/espaconews.com\/wp-content\/uploads\/sites\/142\/2025\/10\/DESTAQUE-ESPACO-47-1-18x12.jpg 18w\" sizes=\"(max-width: 550px) 100vw, 550px\" \/><figcaption class=\"wp-element-caption\">CANVA<\/figcaption><\/figure>\n<\/figure>\n\n\n\n<p>Read more:&nbsp;<a href=\"https:\/\/espaconews.com\/en\/preguntas-mas-frecuentes-en-entrevistas\/\">Most frequently asked questions in interviews<\/a><\/p>\n\n\n\n<h2 class=\"wp-block-heading\"><strong>Two examples of educational innovation<\/strong><\/h2>\n\n\n\n<p><strong>Example 1:<\/strong> In Monterrey, Mexico, a kindergarten implemented an early robotics program using recycled materials.<\/p>\n\n\n\n<p>The children build movable figures and learn basic concepts of energy and motion.<\/p>\n\n\n\n<p>The results showed a 25% increase in active participation during classes.<\/p>\n\n\n\n<p><strong>Example 2:<\/strong> In Helsinki, a pilot project integrates nature and digital learning.<\/p>\n\n\n\n<p>Children use tablets to document plants, insects, or forest sounds, combining science and art.<\/p>\n\n\n\n<p>The experience not only improved scientific observation, but also environmental awareness from the age of three.<\/p>\n\n\n\n<p>Both cases illustrate how creativity and innovation can coexist without losing the human focus of learning.<\/p>\n\n\n\n<h2 class=\"wp-block-heading\"><strong>The role of the teacher: from transmitter to guide of knowledge<\/strong><\/h2>\n\n\n\n<p>The <strong>global trends in early childhood education<\/strong> They are also transforming the role of the educator.<\/p>\n\n\n\n<p>Today, more than imparting knowledge, their task is to accompany, observe, and facilitate meaningful learning experiences.<\/p>\n\n\n\n<p>Teachers require ongoing training in neuroscience, educational technologies, and emotional development.<\/p>\n\n\n\n<p>In Mexico, the Ministry of Public Education (SEP) has expanded teacher training programs in early childhood education, integrating topics of inclusion, cultural diversity, and new pedagogies.<\/p>\n\n\n\n<p>The teacher of the future will not be replaced by technology; they will be the one who teaches children to use it with meaning and purpose.<\/p>\n\n\n\n<h2 class=\"wp-block-heading\"><strong>Challenges and opportunities towards 2030<\/strong><\/h2>\n\n\n\n<p>Although the transformations are evident, the challenges remain.<\/p>\n\n\n\n<p>Inequality in access, lack of resources, and the need for sustainable public policies are major obstacles for many regions.<\/p>\n\n\n\n<p>However, the trend points towards greater international collaboration and global recognition of early childhood education as a strategic investment.<\/p>\n\n\n\n<p>A World Bank study (2024) revealed that for every dollar invested in early childhood education, countries can obtain up to <strong>six dollars economic return<\/strong> In the long term, thanks to the improvement of human capital and future productivity.<\/p>\n\n\n\n<p>Early childhood education, then, is not just a stage, but a commitment to sustainable social and economic development.<\/p>\n\n\n\n<h2 class=\"wp-block-heading\"><strong>An analogy to reflect on<\/strong><\/h2>\n\n\n\n<p>Early childhood education can be compared to planting a tree: the fruits are not seen immediately, but every experience, every word, and every emotion are roots that will support its growth.<\/p>\n\n\n\n<p>Nurturing this stage ensures that future generations flourish with strength and purpose.<\/p>\n\n\n\n<h2 class=\"wp-block-heading\"><strong>Conclusion<\/strong><\/h2>\n\n\n\n<p>The <strong>global trends in early childhood education<\/strong> They show a hopeful horizon, where early learning is conceived as a comprehensive, emotional, creative process connected to the real world.<\/p>\n\n\n\n<p>Investing in early childhood is not only an educational decision, but also an ethical and social one.<\/p>\n\n\n\n<p>The future of the planet is being shaped in today&#039;s preschool classrooms. Understanding this and acting accordingly is a shared responsibility.<\/p>\n\n\n\n<p>Read more:&nbsp;<a href=\"https:\/\/espaconews.com\/en\/edicion-genetica-crispr-como-funciona\/\">CRISPR gene editing: how it works<\/a><\/p>\n\n\n\n<h2 class=\"wp-block-heading\"><strong>Frequently Asked Questions<\/strong><\/h2>\n\n\n\n<p><strong>1. Why is it important to know the global trends in early childhood education?<\/strong><br><\/p>\n\n\n\n<p>Because they allow local models to be adapted to more effective and humane international standards, ensuring a more equitable and quality education.<\/p>\n\n\n\n<p><strong>2. Can technology replace teachers in early childhood education?<\/strong><br><\/p>\n\n\n\n<p>No. Technology is a support tool, but the human connection remains at the core of children&#039;s learning.<\/p>\n\n\n\n<p><strong>3. What is the main educational trend for 2025?<\/strong><br>The comprehensive approach that combines emotional education, inclusion, and responsible use of technology.<\/p>\n\n\n\n<p><strong>4. What role do parents play in these trends?<\/strong><br>They are key allies. Family involvement enhances children&#039;s academic and emotional achievements.<\/p>\n\n\n\n<p><strong>5. Which countries are leading innovation in early childhood education?<\/strong><br><\/p>\n\n\n\n<p>Finland, Canada, South Korea, and, in Latin America, Mexico and Chile stand out for inclusive public policies and advanced teacher training programs.<\/p>","protected":false},"excerpt":{"rendered":"<p>Global trends in early childhood education have become one of the most debated topics on the international educational agenda. In a world where technology, neuroscience, and pedagogy intertwine, understanding where early childhood education is headed is key to preparing future generations. Summary: A global shift in [\u2026]<\/p>","protected":false},"author":219,"featured_media":2880,"comment_status":"closed","ping_status":"open","sticky":false,"template":"","format":"standard","meta":{"footnotes":""},"categories":[6],"tags":[],"yoast_head":"<!-- This site is optimized with the Yoast SEO plugin v23.3 - https:\/\/yoast.com\/wordpress\/plugins\/seo\/ -->\n<title>Tendencias globales en educaci\u00f3n infantil - Espa\u00e7o News<\/title>\n<meta name=\"description\" content=\"Tendencias globales en educaci\u00f3n infantil se ha convertido en uno de los temas m\u00e1s debatidos dentro de la agenda educativa internacional.\" \/>\n<meta name=\"robots\" content=\"index, follow, max-snippet:-1, max-image-preview:large, max-video-preview:-1\" \/>\n<link rel=\"canonical\" href=\"https:\/\/espaconews.com\/en\/tendencias-globales-en-educacion-infantil\/\" \/>\n<meta property=\"og:locale\" content=\"en_US\" \/>\n<meta property=\"og:type\" content=\"article\" \/>\n<meta property=\"og:title\" content=\"Tendencias globales en educaci\u00f3n infantil - Espa\u00e7o News\" \/>\n<meta property=\"og:description\" content=\"Tendencias globales en educaci\u00f3n infantil se ha convertido en uno de los temas m\u00e1s debatidos dentro de la agenda educativa internacional.\" \/>\n<meta property=\"og:url\" content=\"https:\/\/espaconews.com\/en\/tendencias-globales-en-educacion-infantil\/\" \/>\n<meta property=\"og:site_name\" content=\"Espa\u00e7o News\" \/>\n<meta property=\"article:published_time\" content=\"2025-10-28T14:49:14+00:00\" \/>\n<meta property=\"article:modified_time\" content=\"2025-10-28T14:51:27+00:00\" \/>\n<meta property=\"og:image\" content=\"https:\/\/espaconews.com\/wp-content\/uploads\/sites\/142\/2025\/10\/DESTAQUE-ESPACO-48.jpg\" \/>\n\t<meta property=\"og:image:width\" content=\"550\" \/>\n\t<meta property=\"og:image:height\" content=\"350\" \/>\n\t<meta property=\"og:image:type\" content=\"image\/jpeg\" \/>\n<meta name=\"author\" content=\"Matheus Sangaletti\" \/>\n<meta name=\"twitter:card\" content=\"summary_large_image\" \/>\n<meta name=\"twitter:label1\" content=\"Written by\" \/>\n\t<meta name=\"twitter:data1\" content=\"Matheus Sangaletti\" \/>\n\t<meta name=\"twitter:label2\" content=\"Est. reading time\" \/>\n\t<meta name=\"twitter:data2\" content=\"9 minutes\" \/>\n<script type=\"application\/ld+json\" class=\"yoast-schema-graph\">{\"@context\":\"https:\/\/schema.org\",\"@graph\":[{\"@type\":\"WebPage\",\"@id\":\"https:\/\/espaconews.com\/tendencias-globales-en-educacion-infantil\/\",\"url\":\"https:\/\/espaconews.com\/tendencias-globales-en-educacion-infantil\/\",\"name\":\"Tendencias globales en educaci\u00f3n infantil - Espa\u00e7o News\",\"isPartOf\":{\"@id\":\"https:\/\/espaconews.com\/#website\"},\"primaryImageOfPage\":{\"@id\":\"https:\/\/espaconews.com\/tendencias-globales-en-educacion-infantil\/#primaryimage\"},\"image\":{\"@id\":\"https:\/\/espaconews.com\/tendencias-globales-en-educacion-infantil\/#primaryimage\"},\"thumbnailUrl\":\"https:\/\/espaconews.com\/wp-content\/uploads\/sites\/142\/2025\/10\/DESTAQUE-ESPACO-48.jpg\",\"datePublished\":\"2025-10-28T14:49:14+00:00\",\"dateModified\":\"2025-10-28T14:51:27+00:00\",\"author\":{\"@id\":\"https:\/\/espaconews.com\/#\/schema\/person\/92fcd07e9b1f4323bf74f3170fc0f78a\"},\"description\":\"Tendencias globales en educaci\u00f3n infantil se ha convertido en uno de los temas m\u00e1s debatidos dentro de la agenda educativa internacional.\",\"breadcrumb\":{\"@id\":\"https:\/\/espaconews.com\/tendencias-globales-en-educacion-infantil\/#breadcrumb\"},\"inLanguage\":\"en-US\",\"potentialAction\":[{\"@type\":\"ReadAction\",\"target\":[\"https:\/\/espaconews.com\/tendencias-globales-en-educacion-infantil\/\"]}]},{\"@type\":\"ImageObject\",\"inLanguage\":\"en-US\",\"@id\":\"https:\/\/espaconews.com\/tendencias-globales-en-educacion-infantil\/#primaryimage\",\"url\":\"https:\/\/espaconews.com\/wp-content\/uploads\/sites\/142\/2025\/10\/DESTAQUE-ESPACO-48.jpg\",\"contentUrl\":\"https:\/\/espaconews.com\/wp-content\/uploads\/sites\/142\/2025\/10\/DESTAQUE-ESPACO-48.jpg\",\"width\":550,\"height\":350},{\"@type\":\"BreadcrumbList\",\"@id\":\"https:\/\/espaconews.com\/tendencias-globales-en-educacion-infantil\/#breadcrumb\",\"itemListElement\":[{\"@type\":\"ListItem\",\"position\":1,\"name\":\"Home\",\"item\":\"https:\/\/espaconews.com\/\"},{\"@type\":\"ListItem\",\"position\":2,\"name\":\"Tendencias globales en educaci\u00f3n infantil\"}]},{\"@type\":\"WebSite\",\"@id\":\"https:\/\/espaconews.com\/#website\",\"url\":\"https:\/\/espaconews.com\/\",\"name\":\"Espa\u00e7o News\",\"description\":\"\",\"potentialAction\":[{\"@type\":\"SearchAction\",\"target\":{\"@type\":\"EntryPoint\",\"urlTemplate\":\"https:\/\/espaconews.com\/?s={search_term_string}\"},\"query-input\":\"required name=search_term_string\"}],\"inLanguage\":\"en-US\"},{\"@type\":\"Person\",\"@id\":\"https:\/\/espaconews.com\/#\/schema\/person\/92fcd07e9b1f4323bf74f3170fc0f78a\",\"name\":\"Matheus Sangaletti\",\"image\":{\"@type\":\"ImageObject\",\"inLanguage\":\"en-US\",\"@id\":\"https:\/\/espaconews.com\/#\/schema\/person\/image\/\",\"url\":\"https:\/\/secure.gravatar.com\/avatar\/280ea957a14a48e6a1ad2133d2cc27c9?s=96&d=mm&r=g\",\"contentUrl\":\"https:\/\/secure.gravatar.com\/avatar\/280ea957a14a48e6a1ad2133d2cc27c9?s=96&d=mm&r=g\",\"caption\":\"Matheus Sangaletti\"},\"url\":\"https:\/\/espaconews.com\/en\/author\/matheuss\/\"}]}<\/script>\n<!-- \/ Yoast SEO plugin. -->","yoast_head_json":{"title":"Tendencias globales en educaci\u00f3n infantil - Espa\u00e7o News","description":"Tendencias globales en educaci\u00f3n infantil se ha convertido en uno de los temas m\u00e1s debatidos dentro de la agenda educativa internacional.","robots":{"index":"index","follow":"follow","max-snippet":"max-snippet:-1","max-image-preview":"max-image-preview:large","max-video-preview":"max-video-preview:-1"},"canonical":"https:\/\/espaconews.com\/en\/tendencias-globales-en-educacion-infantil\/","og_locale":"en_US","og_type":"article","og_title":"Tendencias globales en educaci\u00f3n infantil - Espa\u00e7o News","og_description":"Tendencias globales en educaci\u00f3n infantil se ha convertido en uno de los temas m\u00e1s debatidos dentro de la agenda educativa internacional.","og_url":"https:\/\/espaconews.com\/en\/tendencias-globales-en-educacion-infantil\/","og_site_name":"Espa\u00e7o News","article_published_time":"2025-10-28T14:49:14+00:00","article_modified_time":"2025-10-28T14:51:27+00:00","og_image":[{"width":550,"height":350,"url":"https:\/\/espaconews.com\/wp-content\/uploads\/sites\/142\/2025\/10\/DESTAQUE-ESPACO-48.jpg","type":"image\/jpeg"}],"author":"Matheus Sangaletti","twitter_card":"summary_large_image","twitter_misc":{"Written by":"Matheus Sangaletti","Est. reading time":"9 minutes"},"schema":{"@context":"https:\/\/schema.org","@graph":[{"@type":"WebPage","@id":"https:\/\/espaconews.com\/tendencias-globales-en-educacion-infantil\/","url":"https:\/\/espaconews.com\/tendencias-globales-en-educacion-infantil\/","name":"Tendencias globales en educaci\u00f3n infantil - Espa\u00e7o News","isPartOf":{"@id":"https:\/\/espaconews.com\/#website"},"primaryImageOfPage":{"@id":"https:\/\/espaconews.com\/tendencias-globales-en-educacion-infantil\/#primaryimage"},"image":{"@id":"https:\/\/espaconews.com\/tendencias-globales-en-educacion-infantil\/#primaryimage"},"thumbnailUrl":"https:\/\/espaconews.com\/wp-content\/uploads\/sites\/142\/2025\/10\/DESTAQUE-ESPACO-48.jpg","datePublished":"2025-10-28T14:49:14+00:00","dateModified":"2025-10-28T14:51:27+00:00","author":{"@id":"https:\/\/espaconews.com\/#\/schema\/person\/92fcd07e9b1f4323bf74f3170fc0f78a"},"description":"Tendencias globales en educaci\u00f3n infantil se ha convertido en uno de los temas m\u00e1s debatidos dentro de la agenda educativa internacional.","breadcrumb":{"@id":"https:\/\/espaconews.com\/tendencias-globales-en-educacion-infantil\/#breadcrumb"},"inLanguage":"en-US","potentialAction":[{"@type":"ReadAction","target":["https:\/\/espaconews.com\/tendencias-globales-en-educacion-infantil\/"]}]},{"@type":"ImageObject","inLanguage":"en-US","@id":"https:\/\/espaconews.com\/tendencias-globales-en-educacion-infantil\/#primaryimage","url":"https:\/\/espaconews.com\/wp-content\/uploads\/sites\/142\/2025\/10\/DESTAQUE-ESPACO-48.jpg","contentUrl":"https:\/\/espaconews.com\/wp-content\/uploads\/sites\/142\/2025\/10\/DESTAQUE-ESPACO-48.jpg","width":550,"height":350},{"@type":"BreadcrumbList","@id":"https:\/\/espaconews.com\/tendencias-globales-en-educacion-infantil\/#breadcrumb","itemListElement":[{"@type":"ListItem","position":1,"name":"Home","item":"https:\/\/espaconews.com\/"},{"@type":"ListItem","position":2,"name":"Tendencias globales en educaci\u00f3n infantil"}]},{"@type":"WebSite","@id":"https:\/\/espaconews.com\/#website","url":"https:\/\/espaconews.com\/","name":"Espa\u00e7o News","description":"","potentialAction":[{"@type":"SearchAction","target":{"@type":"EntryPoint","urlTemplate":"https:\/\/espaconews.com\/?s={search_term_string}"},"query-input":"required name=search_term_string"}],"inLanguage":"en-US"},{"@type":"Person","@id":"https:\/\/espaconews.com\/#\/schema\/person\/92fcd07e9b1f4323bf74f3170fc0f78a","name":"Matheus Sangaletti","image":{"@type":"ImageObject","inLanguage":"en-US","@id":"https:\/\/espaconews.com\/#\/schema\/person\/image\/","url":"https:\/\/secure.gravatar.com\/avatar\/280ea957a14a48e6a1ad2133d2cc27c9?s=96&d=mm&r=g","contentUrl":"https:\/\/secure.gravatar.com\/avatar\/280ea957a14a48e6a1ad2133d2cc27c9?s=96&d=mm&r=g","caption":"Matheus Sangaletti"},"url":"https:\/\/espaconews.com\/en\/author\/matheuss\/"}]}},"_links":{"self":[{"href":"https:\/\/espaconews.com\/en\/wp-json\/wp\/v2\/posts\/2879"}],"collection":[{"href":"https:\/\/espaconews.com\/en\/wp-json\/wp\/v2\/posts"}],"about":[{"href":"https:\/\/espaconews.com\/en\/wp-json\/wp\/v2\/types\/post"}],"author":[{"embeddable":true,"href":"https:\/\/espaconews.com\/en\/wp-json\/wp\/v2\/users\/219"}],"replies":[{"embeddable":true,"href":"https:\/\/espaconews.com\/en\/wp-json\/wp\/v2\/comments?post=2879"}],"version-history":[{"count":2,"href":"https:\/\/espaconews.com\/en\/wp-json\/wp\/v2\/posts\/2879\/revisions"}],"predecessor-version":[{"id":2884,"href":"https:\/\/espaconews.com\/en\/wp-json\/wp\/v2\/posts\/2879\/revisions\/2884"}],"wp:featuredmedia":[{"embeddable":true,"href":"https:\/\/espaconews.com\/en\/wp-json\/wp\/v2\/media\/2880"}],"wp:attachment":[{"href":"https:\/\/espaconews.com\/en\/wp-json\/wp\/v2\/media?parent=2879"}],"wp:term":[{"taxonomy":"category","embeddable":true,"href":"https:\/\/espaconews.com\/en\/wp-json\/wp\/v2\/categories?post=2879"},{"taxonomy":"post_tag","embeddable":true,"href":"https:\/\/espaconews.com\/en\/wp-json\/wp\/v2\/tags?post=2879"}],"curies":[{"name":"wp","href":"https:\/\/api.w.org\/{rel}","templated":true}]}}