{"id":2879,"date":"2025-10-28T11:49:14","date_gmt":"2025-10-28T14:49:14","guid":{"rendered":"https:\/\/espaconews.com\/?p=2879"},"modified":"2025-10-28T11:51:27","modified_gmt":"2025-10-28T14:51:27","slug":"tendencias-globales-en-educacion-infantil","status":"publish","type":"post","link":"https:\/\/espaconews.com\/de\/tendencias-globales-en-educacion-infantil\/","title":{"rendered":"Globale Trends in der fr\u00fchkindlichen Bildung"},"content":{"rendered":"<p class=\"has-text-align-center\"><strong>Globale Trends in der fr\u00fchkindlichen Bildung<\/strong> Es hat sich zu einem der meistdiskutierten Themen innerhalb der internationalen Bildungsagenda entwickelt.<\/p>\n\n\n\n<figure class=\"wp-block-gallery aligncenter has-nested-images columns-default is-cropped wp-block-gallery-1 is-layout-flex wp-block-gallery-is-layout-flex\">\n<figure class=\"wp-block-image size-full\"><img loading=\"lazy\" decoding=\"async\" width=\"550\" height=\"350\" data-id=\"2881\" src=\"https:\/\/espaconews.com\/wp-content\/uploads\/sites\/142\/2025\/10\/DESTAQUE-ESPACO-47.jpg\" alt=\"\" class=\"wp-image-2881\" srcset=\"https:\/\/espaconews.com\/wp-content\/uploads\/sites\/142\/2025\/10\/DESTAQUE-ESPACO-47.jpg 550w, https:\/\/espaconews.com\/wp-content\/uploads\/sites\/142\/2025\/10\/DESTAQUE-ESPACO-47-300x191.jpg 300w, https:\/\/espaconews.com\/wp-content\/uploads\/sites\/142\/2025\/10\/DESTAQUE-ESPACO-47-18x12.jpg 18w\" sizes=\"(max-width: 550px) 100vw, 550px\" \/><figcaption class=\"wp-element-caption\">CANVA<\/figcaption><\/figure>\n<\/figure>\n\n\n\n<p class=\"has-text-align-center\">In einer Welt, in der Technologie, Neurowissenschaften und P\u00e4dagogik miteinander verwoben sind, ist das Verst\u00e4ndnis daf\u00fcr, wohin sich die fr\u00fchkindliche Bildung entwickelt, der Schl\u00fcssel zur Vorbereitung neuer Generationen.<\/p>\n\n\n\n<p><strong>Zusammenfassung:<\/strong><\/p>\n\n\n\n<ol>\n<li>Aktueller Kontext und Wandel des Lernens von Kindern<\/li>\n\n\n\n<li>Neue p\u00e4dagogische Ans\u00e4tze und ihre globale Wirkung<\/li>\n\n\n\n<li>Technologie, Inklusion und emotionales Wohlbefinden<\/li>\n\n\n\n<li>Beispiele f\u00fcr Innovationen im Bildungsbereich aus der Praxis<\/li>\n\n\n\n<li>Herausforderungen f\u00fcr die Zukunft<\/li>\n\n\n\n<li>Fazit und h\u00e4ufig gestellte Fragen<\/li>\n<\/ol>\n\n\n\n<h2 class=\"wp-block-heading\"><strong>Ein globaler Wandel in der fr\u00fchkindlichen Bildung<\/strong><\/h2>\n\n\n\n<p>Im Jahr 2025, wenn wir \u00fcber <strong>globale Trends in der fr\u00fchkindlichen Bildung<\/strong> Es geht darum, \u00fcber einen Paradigmenwechsel zu sprechen.<\/p>\n\n\n\n<p>Die fr\u00fchkindliche Bildung beschr\u00e4nkt sich nicht mehr auf das Lehren von Buchstaben und Zahlen; sie zielt heute darauf ab, Neugier, Empathie und Probleml\u00f6sungsf\u00e4higkeiten von klein auf zu f\u00f6rdern.<\/p>\n\n\n\n<p>Die UNESCO betont, dass die Vorschulerziehung \u201edie Grundlage f\u00fcr lebenslanges Lernen\u201c bildet.<\/p>\n\n\n\n<p>Laut UNICEF-Daten (2024) werden mehr als <strong>60% der L\u00e4nder haben nationale Programme zur fr\u00fchkindlichen Bildung umgesetzt.<\/strong> die Technologie, Inklusion und emotionales Training integrieren.<\/p>\n\n\n\n<p>Dieser Wandel ist kein Zufall: Er ist das Ergebnis eines tieferen Verst\u00e4ndnisses der kognitiven Entwicklung von Kindern und der Dringlichkeit, M\u00e4dchen und Jungen auf eine globalisierte und digitale Welt vorzubereiten.<\/p>\n\n\n\n<p>Kann ein dreij\u00e4hriges Kind kritisches Denken oder digitale Empathie erlernen? Diese Frage mobilisiert heute P\u00e4dagogen und Regierungen auf der ganzen Welt.<\/p>\n\n\n\n<h2 class=\"wp-block-heading\"><strong>P\u00e4dagogische Ans\u00e4tze, die etwas bewirken<\/strong><\/h2>\n\n\n\n<p>Der <strong>globale Trends in der fr\u00fchkindlichen Bildung<\/strong> Die aktuellen Ans\u00e4tze basieren auf neuen p\u00e4dagogischen Modellen, die Spiel, Autonomie und sinnliche Erkundung in den Vordergrund stellen.<\/p>\n\n\n\n<p>Zu den einflussreichsten Ans\u00e4tzen geh\u00f6ren:<\/p>\n\n\n\n<ul>\n<li><strong>Projektbasiertes Lernen (PBL):<\/strong> Es ermutigt Kinder, durch praktisches Handeln zu lernen und reale Probleme in ihrer Umgebung zu l\u00f6sen.<\/li>\n\n\n\n<li><strong>Sozial-emotionale Bildung:<\/strong> Es f\u00f6rdert Selbstregulation und Empathie, wesentliche Aspekte f\u00fcr das Zusammenleben und die psychische Gesundheit.<\/li>\n\n\n\n<li><strong>Reggio-Emilia-P\u00e4dagogik:<\/strong> Die in Italien entstandene, aber in Lateinamerika stark einflussreiche Bewegung stellt Kreativit\u00e4t und die aktive Beteiligung des Kindes als Hauptfigur in den Mittelpunkt.<\/li>\n\n\n\n<li><strong>STEAM-Bildung (Wissenschaft, Technologie, Ingenieurwesen, Kunst und Mathematik):<\/strong> Sie findet zunehmend Anwendung in der fr\u00fchkindlichen Bildung und zielt darauf ab, logisches und kreatives Denken auf integrierte Weise zu entwickeln.<\/li>\n<\/ul>\n\n\n\n<p>Diese Modelle, so unterschiedlich sie auch sein m\u00f6gen, haben alle dasselbe Prinzip gemeinsam: das Kind in den Mittelpunkt des Bildungsprozesses zu stellen und anzuerkennen, dass sinnvolles Lernen dann stattfindet, wenn Emotionen und Entdeckungen im Spiel sind.<\/p>\n\n\n\n<h2 class=\"wp-block-heading\"><strong>Technologie und Bildung: eine Partnerschaft im Wandel<\/strong><\/h2>\n\n\n\n<p>Die Einbeziehung von Technologie in die fr\u00fchkindliche Entwicklung ist nach wie vor eines der meistdiskutierten Themen.<\/p>\n\n\n\n<p>Jedoch <strong>globale Trends in der fr\u00fchkindlichen Bildung<\/strong> Sie zeigen, dass der verantwortungsvolle und zielgerichtete Einsatz digitaler Werkzeuge ein m\u00e4chtiger Verb\u00fcndeter sein kann.<\/p>\n\n\n\n<p>Laut dem Bericht <em>Globaler Bildungsmonitoring 2024<\/em> Laut UNESCO nutzt der 72%-Bericht \u00fcber fr\u00fchkindliche Bildungseinrichtungen in entwickelten L\u00e4ndern interaktive technologische Ressourcen wie digitale Whiteboards, Bildungs-Apps und immersive Augmented-Reality-Erlebnisse.<\/p>\n\n\n\n<p>Die Herausforderung besteht nicht darin, Bildschirme zu verbieten, sondern darin, zu lehren, wie man sie auf p\u00e4dagogische Weise einsetzt.<\/p>\n\n\n\n<p>Beispielsweise k\u00f6nnen Apps, die dazu dienen, Kl\u00e4nge, Farben oder logische Muster zu erforschen, kognitive F\u00e4higkeiten anregen, vorausgesetzt, sie werden unter Aufsicht von Erwachsenen und in begrenztem Umfang genutzt.<\/p>\n\n\n\n<p>Der Schl\u00fcssel liegt in der Balance: Technologie ja, aber mit einem p\u00e4dagogischen Zweck und menschlicher Unterst\u00fctzung.<\/p>\n\n\n\n<h2 class=\"wp-block-heading\"><strong>Inklusion und emotionales Wohlbefinden: S\u00e4ulen einer neuen Bildungs\u00e4ra<\/strong><\/h2>\n\n\n\n<p>Emotionales Wohlbefinden und Inklusion sind zwei Achsen, die sich durch alle diese Bereiche ziehen. <strong>globale Trends in der fr\u00fchkindlichen Bildung<\/strong>.<\/p>\n\n\n\n<p>Es gen\u00fcgt nicht mehr, nur zu lehren; heute ist es unerl\u00e4sslich, f\u00fcr ein friedliches Zusammenleben zu erziehen, Vielfalt zu akzeptieren und Umgebungen zu schaffen, in denen sich jedes Kind gesehen und wertgesch\u00e4tzt f\u00fchlt.<\/p>\n\n\n\n<p>Neuroedukative Studien haben gezeigt, dass positive Emotionen das Ged\u00e4chtnis und die Aufmerksamkeit verbessern.<\/p>\n\n\n\n<p>Schulen in L\u00e4ndern wie Finnland, Chile und Mexiko haben Programme eingef\u00fchrt, um <em>Achtsamkeit f\u00fcr Kinder<\/em>wo Kinder lernen, ihre Gef\u00fchle zu erkennen und sie angstfrei auszudr\u00fccken.<\/p>\n\n\n\n<p>Dar\u00fcber hinaus wird der Zugang zu inklusiver Bildung stetig ausgebaut.<\/p>\n\n\n\n<p>Die UNESCO berichtet, dass die Zahl der Vorschuleinrichtungen mit Programmen, die an die Bed\u00fcrfnisse von Kindern mit Behinderungen angepasst sind, zwischen 2020 und 2024 um [Betrag fehlt] gestiegen ist. <strong>35% weltweit<\/strong>.<\/p>\n\n\n\n<p>Dieser Fortschritt stellt einen Schritt hin zu einem gerechteren und humaneren Bildungsmodell dar.<\/p>\n\n\n\n<h3 class=\"wp-block-heading\"><strong>Globale Trends in der fr\u00fchkindlichen Bildung 2025<\/strong><\/h3>\n\n\n\n<figure class=\"wp-block-table\"><table><thead><tr><th>Trend<\/th><th>Beschreibung<\/th><th>Erwartete Auswirkungen<\/th><\/tr><\/thead><tbody><tr><td>Emotionale Bildung<\/td><td>Es f\u00f6rdert Selbstregulation und Empathie.<\/td><td>Verbesserung des Schulklimas und Reduzierung von Mobbing<\/td><\/tr><tr><td>Verantwortungsvolle Technologie<\/td><td>P\u00e4dagogischer Einsatz digitaler Werkzeuge<\/td><td>Gesteigertes Interesse und Beteiligung von Kindern<\/td><\/tr><tr><td>Bildungsinklusion<\/td><td>Ber\u00fccksichtigung von Vielfalt und Behinderung<\/td><td>Mehr Chancengleichheit beim Zugang und umfassende Entwicklung<\/td><\/tr><tr><td>Projektbasiertes Lernen<\/td><td>Aktive und praxisorientierte Herangehensweise<\/td><td>St\u00e4rkung der Probleml\u00f6sungsf\u00e4higkeiten<\/td><\/tr><tr><td>Fortbildung f\u00fcr Lehrkr\u00e4fte<\/td><td>Kontinuierliche berufliche Weiterentwicklung<\/td><td>Verbesserung der Unterrichtsqualit\u00e4t<\/td><\/tr><\/tbody><\/table><figcaption class=\"wp-element-caption\">Globale Trends in der fr\u00fchkindlichen Bildung<\/figcaption><\/figure>\n\n\n\n<figure class=\"wp-block-gallery aligncenter has-nested-images columns-default is-cropped wp-block-gallery-2 is-layout-flex wp-block-gallery-is-layout-flex\">\n<figure class=\"wp-block-image size-full\"><img loading=\"lazy\" decoding=\"async\" width=\"550\" height=\"350\" data-id=\"2882\" src=\"https:\/\/espaconews.com\/wp-content\/uploads\/sites\/142\/2025\/10\/DESTAQUE-ESPACO-47-1.jpg\" alt=\"\" class=\"wp-image-2882\" srcset=\"https:\/\/espaconews.com\/wp-content\/uploads\/sites\/142\/2025\/10\/DESTAQUE-ESPACO-47-1.jpg 550w, https:\/\/espaconews.com\/wp-content\/uploads\/sites\/142\/2025\/10\/DESTAQUE-ESPACO-47-1-300x191.jpg 300w, https:\/\/espaconews.com\/wp-content\/uploads\/sites\/142\/2025\/10\/DESTAQUE-ESPACO-47-1-18x12.jpg 18w\" sizes=\"(max-width: 550px) 100vw, 550px\" \/><figcaption class=\"wp-element-caption\">CANVA<\/figcaption><\/figure>\n<\/figure>\n\n\n\n<p>Mehr lesen:&nbsp;<a href=\"https:\/\/espaconews.com\/de\/preguntas-mas-frecuentes-en-entrevistas\/\">Die am h\u00e4ufigsten gestellten Fragen in Vorstellungsgespr\u00e4chen<\/a><\/p>\n\n\n\n<h2 class=\"wp-block-heading\"><strong>Zwei Beispiele f\u00fcr p\u00e4dagogische Innovation<\/strong><\/h2>\n\n\n\n<p><strong>Beispiel 1:<\/strong> In Monterrey, Mexiko, hat ein Kindergarten ein fr\u00fches Robotikprogramm mit recycelten Materialien eingef\u00fchrt.<\/p>\n\n\n\n<p>Die Kinder bauen bewegliche Figuren und lernen dabei grundlegende Konzepte von Energie und Bewegung kennen.<\/p>\n\n\n\n<p>Die Ergebnisse zeigten einen Anstieg der aktiven Teilnahme am Unterricht um 251 TP3T.<\/p>\n\n\n\n<p><strong>Beispiel 2:<\/strong> In Helsinki integriert ein Pilotprojekt Natur und digitales Lernen.<\/p>\n\n\n\n<p>Kinder nutzen Tablets, um Pflanzen, Insekten oder Waldger\u00e4usche zu dokumentieren und verbinden so Wissenschaft und Kunst.<\/p>\n\n\n\n<p>Die Erfahrung verbesserte nicht nur die wissenschaftliche Beobachtungsgabe, sondern auch das Umweltbewusstsein ab dem dritten Lebensjahr.<\/p>\n\n\n\n<p>Beide Beispiele veranschaulichen, wie Kreativit\u00e4t und Innovation nebeneinander bestehen k\u00f6nnen, ohne den menschlichen Fokus beim Lernen aus den Augen zu verlieren.<\/p>\n\n\n\n<h2 class=\"wp-block-heading\"><strong>Die Rolle des Lehrers: vom Wissensvermittler zum Wissensf\u00fchrer<\/strong><\/h2>\n\n\n\n<p>Der <strong>globale Trends in der fr\u00fchkindlichen Bildung<\/strong> Sie ver\u00e4ndern auch die Rolle des Erziehers.<\/p>\n\n\n\n<p>Heute besteht ihre Aufgabe weniger in der Wissensvermittlung, sondern vielmehr darin, sinnvolle Lernerfahrungen zu begleiten, zu beobachten und zu erm\u00f6glichen.<\/p>\n\n\n\n<p>Lehrer ben\u00f6tigen fortlaufende Weiterbildungen in Neurowissenschaften, Bildungstechnologien und emotionaler Entwicklung.<\/p>\n\n\n\n<p>In Mexiko hat das Ministerium f\u00fcr \u00f6ffentliche Bildung (SEP) die Lehrerausbildungsprogramme im Bereich der fr\u00fchkindlichen Bildung erweitert und dabei Themen wie Inklusion, kulturelle Vielfalt und neue P\u00e4dagogiken integriert.<\/p>\n\n\n\n<p>Der Lehrer der Zukunft wird nicht durch Technologie ersetzt werden; er wird derjenige sein, der den Kindern beibringt, sie sinnvoll und zielgerichtet einzusetzen.<\/p>\n\n\n\n<h2 class=\"wp-block-heading\"><strong>Herausforderungen und Chancen bis 2030<\/strong><\/h2>\n\n\n\n<p>Obwohl die Ver\u00e4nderungen deutlich erkennbar sind, bleiben die Herausforderungen bestehen.<\/p>\n\n\n\n<p>Ungleicher Zugang, Ressourcenmangel und der Bedarf an nachhaltigen \u00f6ffentlichen Strategien stellen f\u00fcr viele Regionen gro\u00dfe Hindernisse dar.<\/p>\n\n\n\n<p>Der Trend deutet jedoch auf eine st\u00e4rkere internationale Zusammenarbeit und eine weltweite Anerkennung der fr\u00fchkindlichen Bildung als strategische Investition hin.<\/p>\n\n\n\n<p>Eine Studie der Weltbank (2024) ergab, dass L\u00e4nder f\u00fcr jeden in fr\u00fchkindliche Bildung investierten Dollar bis zu \u2026 erhalten k\u00f6nnen. <strong>sechs Dollar wirtschaftlicher Ertrag<\/strong> Langfristig, dank der Verbesserung des Humankapitals und der zuk\u00fcnftigen Produktivit\u00e4t.<\/p>\n\n\n\n<p>Fr\u00fchkindliche Bildung ist daher nicht nur eine Phase, sondern ein Bekenntnis zu einer nachhaltigen sozialen und wirtschaftlichen Entwicklung.<\/p>\n\n\n\n<h2 class=\"wp-block-heading\"><strong>Eine Analogie zum Nachdenken<\/strong><\/h2>\n\n\n\n<p>Die fr\u00fchkindliche Bildung l\u00e4sst sich mit dem Pflanzen eines Baumes vergleichen: Die Fr\u00fcchte sind nicht sofort sichtbar, aber jede Erfahrung, jedes Wort und jede Emotion sind Wurzeln, die sein Wachstum unterst\u00fctzen.<\/p>\n\n\n\n<p>Die F\u00f6rderung dieser Phase stellt sicher, dass zuk\u00fcnftige Generationen mit St\u00e4rke und Zielstrebigkeit aufbl\u00fchen.<\/p>\n\n\n\n<h2 class=\"wp-block-heading\"><strong>Abschluss<\/strong><\/h2>\n\n\n\n<p>Der <strong>globale Trends in der fr\u00fchkindlichen Bildung<\/strong> Sie zeigen einen hoffnungsvollen Horizont auf, in dem fr\u00fchkindliches Lernen als ein umfassender, emotionaler, kreativer Prozess verstanden wird, der mit der realen Welt verbunden ist.<\/p>\n\n\n\n<p>Investitionen in die fr\u00fchkindliche Entwicklung sind nicht nur eine p\u00e4dagogische, sondern auch eine ethische und soziale Entscheidung.<\/p>\n\n\n\n<p>Die Zukunft unseres Planeten wird bereits in den heutigen Vorschulklassen gestaltet. Dies zu verstehen und entsprechend zu handeln, ist eine gemeinsame Verantwortung.<\/p>\n\n\n\n<p>Mehr lesen:&nbsp;<a href=\"https:\/\/espaconews.com\/de\/edicion-genetica-crispr-como-funciona\/\">CRISPR-Genbearbeitung: So funktioniert es<\/a><\/p>\n\n\n\n<h2 class=\"wp-block-heading\"><strong>H\u00e4ufig gestellte Fragen<\/strong><\/h2>\n\n\n\n<p><strong>1. Warum ist es wichtig, die globalen Trends in der fr\u00fchkindlichen Bildung zu kennen?<\/strong><br><\/p>\n\n\n\n<p>Weil sie es erm\u00f6glichen, lokale Modelle an effektivere und humanere internationale Standards anzupassen und so eine gerechtere und qualitativ hochwertigere Bildung zu gew\u00e4hrleisten.<\/p>\n\n\n\n<p><strong>2. Kann Technologie Lehrkr\u00e4fte in der fr\u00fchkindlichen Bildung ersetzen?<\/strong><br><\/p>\n\n\n\n<p>Nein. Technologie ist ein Hilfsmittel, aber die menschliche Verbindung bleibt der Kern des Lernens von Kindern.<\/p>\n\n\n\n<p><strong>3. Was ist der wichtigste Bildungstrend f\u00fcr das Jahr 2025?<\/strong><br>Der umfassende Ansatz, der emotionale Bildung, Inklusion und den verantwortungsvollen Umgang mit Technologie miteinander verbindet.<\/p>\n\n\n\n<p><strong>4. Welche Rolle spielen Eltern bei diesen Trends?<\/strong><br>Sie sind wichtige Verb\u00fcndete. Die Einbeziehung der Familie f\u00f6rdert die schulischen und emotionalen Leistungen der Kinder.<\/p>\n\n\n\n<p><strong>5. Welche L\u00e4nder sind f\u00fchrend bei Innovationen in der fr\u00fchkindlichen Bildung?<\/strong><br><\/p>\n\n\n\n<p>Finnland, Kanada, S\u00fcdkorea und in Lateinamerika Mexiko und Chile zeichnen sich durch integrative \u00f6ffentliche Politik und fortschrittliche Lehrerausbildungsprogramme aus.<\/p>","protected":false},"excerpt":{"rendered":"<p>Tendencias globales en educaci\u00f3n infantil se ha convertido en uno de los temas m\u00e1s debatidos dentro de la agenda educativa internacional. En un mundo donde la tecnolog\u00eda, la neurociencia y la pedagog\u00eda se entrelazan, entender hacia d\u00f3nde se dirige la educaci\u00f3n temprana es clave para preparar a las nuevas generaciones. Sumario: Un cambio global en [&hellip;]<\/p>","protected":false},"author":219,"featured_media":2880,"comment_status":"closed","ping_status":"open","sticky":false,"template":"","format":"standard","meta":{"footnotes":""},"categories":[6],"tags":[],"yoast_head":"<!-- This site is optimized with the Yoast SEO plugin v23.3 - https:\/\/yoast.com\/wordpress\/plugins\/seo\/ -->\n<title>Tendencias globales en educaci\u00f3n infantil - Espa\u00e7o News<\/title>\n<meta name=\"description\" content=\"Tendencias globales en educaci\u00f3n infantil se ha convertido en uno de los temas m\u00e1s debatidos dentro de la agenda educativa internacional.\" \/>\n<meta name=\"robots\" content=\"index, follow, max-snippet:-1, max-image-preview:large, max-video-preview:-1\" \/>\n<link rel=\"canonical\" href=\"https:\/\/espaconews.com\/de\/tendencias-globales-en-educacion-infantil\/\" \/>\n<meta property=\"og:locale\" content=\"de_DE\" \/>\n<meta property=\"og:type\" content=\"article\" \/>\n<meta property=\"og:title\" content=\"Tendencias globales en educaci\u00f3n infantil - Espa\u00e7o News\" \/>\n<meta property=\"og:description\" content=\"Tendencias globales en educaci\u00f3n infantil se ha convertido en uno de los temas m\u00e1s debatidos dentro de la agenda educativa internacional.\" \/>\n<meta property=\"og:url\" content=\"https:\/\/espaconews.com\/de\/tendencias-globales-en-educacion-infantil\/\" \/>\n<meta property=\"og:site_name\" content=\"Espa\u00e7o News\" \/>\n<meta property=\"article:published_time\" content=\"2025-10-28T14:49:14+00:00\" \/>\n<meta property=\"article:modified_time\" content=\"2025-10-28T14:51:27+00:00\" \/>\n<meta property=\"og:image\" content=\"https:\/\/espaconews.com\/wp-content\/uploads\/sites\/142\/2025\/10\/DESTAQUE-ESPACO-48.jpg\" \/>\n\t<meta property=\"og:image:width\" content=\"550\" \/>\n\t<meta property=\"og:image:height\" content=\"350\" \/>\n\t<meta property=\"og:image:type\" content=\"image\/jpeg\" \/>\n<meta name=\"author\" content=\"Matheus Sangaletti\" \/>\n<meta name=\"twitter:card\" content=\"summary_large_image\" \/>\n<meta name=\"twitter:label1\" content=\"Written by\" \/>\n\t<meta name=\"twitter:data1\" content=\"Matheus Sangaletti\" \/>\n\t<meta name=\"twitter:label2\" content=\"Est. reading time\" \/>\n\t<meta name=\"twitter:data2\" content=\"9 Minuten\" \/>\n<script type=\"application\/ld+json\" class=\"yoast-schema-graph\">{\"@context\":\"https:\/\/schema.org\",\"@graph\":[{\"@type\":\"WebPage\",\"@id\":\"https:\/\/espaconews.com\/tendencias-globales-en-educacion-infantil\/\",\"url\":\"https:\/\/espaconews.com\/tendencias-globales-en-educacion-infantil\/\",\"name\":\"Tendencias globales en educaci\u00f3n infantil - Espa\u00e7o News\",\"isPartOf\":{\"@id\":\"https:\/\/espaconews.com\/#website\"},\"primaryImageOfPage\":{\"@id\":\"https:\/\/espaconews.com\/tendencias-globales-en-educacion-infantil\/#primaryimage\"},\"image\":{\"@id\":\"https:\/\/espaconews.com\/tendencias-globales-en-educacion-infantil\/#primaryimage\"},\"thumbnailUrl\":\"https:\/\/espaconews.com\/wp-content\/uploads\/sites\/142\/2025\/10\/DESTAQUE-ESPACO-48.jpg\",\"datePublished\":\"2025-10-28T14:49:14+00:00\",\"dateModified\":\"2025-10-28T14:51:27+00:00\",\"author\":{\"@id\":\"https:\/\/espaconews.com\/#\/schema\/person\/92fcd07e9b1f4323bf74f3170fc0f78a\"},\"description\":\"Tendencias globales en educaci\u00f3n infantil se ha convertido en uno de los temas m\u00e1s debatidos dentro de la agenda educativa internacional.\",\"breadcrumb\":{\"@id\":\"https:\/\/espaconews.com\/tendencias-globales-en-educacion-infantil\/#breadcrumb\"},\"inLanguage\":\"de-DE\",\"potentialAction\":[{\"@type\":\"ReadAction\",\"target\":[\"https:\/\/espaconews.com\/tendencias-globales-en-educacion-infantil\/\"]}]},{\"@type\":\"ImageObject\",\"inLanguage\":\"de-DE\",\"@id\":\"https:\/\/espaconews.com\/tendencias-globales-en-educacion-infantil\/#primaryimage\",\"url\":\"https:\/\/espaconews.com\/wp-content\/uploads\/sites\/142\/2025\/10\/DESTAQUE-ESPACO-48.jpg\",\"contentUrl\":\"https:\/\/espaconews.com\/wp-content\/uploads\/sites\/142\/2025\/10\/DESTAQUE-ESPACO-48.jpg\",\"width\":550,\"height\":350},{\"@type\":\"BreadcrumbList\",\"@id\":\"https:\/\/espaconews.com\/tendencias-globales-en-educacion-infantil\/#breadcrumb\",\"itemListElement\":[{\"@type\":\"ListItem\",\"position\":1,\"name\":\"Home\",\"item\":\"https:\/\/espaconews.com\/\"},{\"@type\":\"ListItem\",\"position\":2,\"name\":\"Tendencias globales en educaci\u00f3n infantil\"}]},{\"@type\":\"WebSite\",\"@id\":\"https:\/\/espaconews.com\/#website\",\"url\":\"https:\/\/espaconews.com\/\",\"name\":\"Espa\u00e7o News\",\"description\":\"\",\"potentialAction\":[{\"@type\":\"SearchAction\",\"target\":{\"@type\":\"EntryPoint\",\"urlTemplate\":\"https:\/\/espaconews.com\/?s={search_term_string}\"},\"query-input\":\"required name=search_term_string\"}],\"inLanguage\":\"de-DE\"},{\"@type\":\"Person\",\"@id\":\"https:\/\/espaconews.com\/#\/schema\/person\/92fcd07e9b1f4323bf74f3170fc0f78a\",\"name\":\"Matheus Sangaletti\",\"image\":{\"@type\":\"ImageObject\",\"inLanguage\":\"de-DE\",\"@id\":\"https:\/\/espaconews.com\/#\/schema\/person\/image\/\",\"url\":\"https:\/\/secure.gravatar.com\/avatar\/280ea957a14a48e6a1ad2133d2cc27c9?s=96&d=mm&r=g\",\"contentUrl\":\"https:\/\/secure.gravatar.com\/avatar\/280ea957a14a48e6a1ad2133d2cc27c9?s=96&d=mm&r=g\",\"caption\":\"Matheus Sangaletti\"},\"url\":\"https:\/\/espaconews.com\/de\/author\/matheuss\/\"}]}<\/script>\n<!-- \/ Yoast SEO plugin. -->","yoast_head_json":{"title":"Tendencias globales en educaci\u00f3n infantil - Espa\u00e7o News","description":"Tendencias globales en educaci\u00f3n infantil se ha convertido en uno de los temas m\u00e1s debatidos dentro de la agenda educativa internacional.","robots":{"index":"index","follow":"follow","max-snippet":"max-snippet:-1","max-image-preview":"max-image-preview:large","max-video-preview":"max-video-preview:-1"},"canonical":"https:\/\/espaconews.com\/de\/tendencias-globales-en-educacion-infantil\/","og_locale":"de_DE","og_type":"article","og_title":"Tendencias globales en educaci\u00f3n infantil - Espa\u00e7o News","og_description":"Tendencias globales en educaci\u00f3n infantil se ha convertido en uno de los temas m\u00e1s debatidos dentro de la agenda educativa internacional.","og_url":"https:\/\/espaconews.com\/de\/tendencias-globales-en-educacion-infantil\/","og_site_name":"Espa\u00e7o News","article_published_time":"2025-10-28T14:49:14+00:00","article_modified_time":"2025-10-28T14:51:27+00:00","og_image":[{"width":550,"height":350,"url":"https:\/\/espaconews.com\/wp-content\/uploads\/sites\/142\/2025\/10\/DESTAQUE-ESPACO-48.jpg","type":"image\/jpeg"}],"author":"Matheus Sangaletti","twitter_card":"summary_large_image","twitter_misc":{"Written by":"Matheus Sangaletti","Est. reading time":"9 Minuten"},"schema":{"@context":"https:\/\/schema.org","@graph":[{"@type":"WebPage","@id":"https:\/\/espaconews.com\/tendencias-globales-en-educacion-infantil\/","url":"https:\/\/espaconews.com\/tendencias-globales-en-educacion-infantil\/","name":"Tendencias globales en educaci\u00f3n infantil - Espa\u00e7o News","isPartOf":{"@id":"https:\/\/espaconews.com\/#website"},"primaryImageOfPage":{"@id":"https:\/\/espaconews.com\/tendencias-globales-en-educacion-infantil\/#primaryimage"},"image":{"@id":"https:\/\/espaconews.com\/tendencias-globales-en-educacion-infantil\/#primaryimage"},"thumbnailUrl":"https:\/\/espaconews.com\/wp-content\/uploads\/sites\/142\/2025\/10\/DESTAQUE-ESPACO-48.jpg","datePublished":"2025-10-28T14:49:14+00:00","dateModified":"2025-10-28T14:51:27+00:00","author":{"@id":"https:\/\/espaconews.com\/#\/schema\/person\/92fcd07e9b1f4323bf74f3170fc0f78a"},"description":"Tendencias globales en educaci\u00f3n infantil se ha convertido en uno de los temas m\u00e1s debatidos dentro de la agenda educativa internacional.","breadcrumb":{"@id":"https:\/\/espaconews.com\/tendencias-globales-en-educacion-infantil\/#breadcrumb"},"inLanguage":"de-DE","potentialAction":[{"@type":"ReadAction","target":["https:\/\/espaconews.com\/tendencias-globales-en-educacion-infantil\/"]}]},{"@type":"ImageObject","inLanguage":"de-DE","@id":"https:\/\/espaconews.com\/tendencias-globales-en-educacion-infantil\/#primaryimage","url":"https:\/\/espaconews.com\/wp-content\/uploads\/sites\/142\/2025\/10\/DESTAQUE-ESPACO-48.jpg","contentUrl":"https:\/\/espaconews.com\/wp-content\/uploads\/sites\/142\/2025\/10\/DESTAQUE-ESPACO-48.jpg","width":550,"height":350},{"@type":"BreadcrumbList","@id":"https:\/\/espaconews.com\/tendencias-globales-en-educacion-infantil\/#breadcrumb","itemListElement":[{"@type":"ListItem","position":1,"name":"Home","item":"https:\/\/espaconews.com\/"},{"@type":"ListItem","position":2,"name":"Tendencias globales en educaci\u00f3n infantil"}]},{"@type":"WebSite","@id":"https:\/\/espaconews.com\/#website","url":"https:\/\/espaconews.com\/","name":"Espa\u00e7o News","description":"","potentialAction":[{"@type":"SearchAction","target":{"@type":"EntryPoint","urlTemplate":"https:\/\/espaconews.com\/?s={search_term_string}"},"query-input":"required name=search_term_string"}],"inLanguage":"de-DE"},{"@type":"Person","@id":"https:\/\/espaconews.com\/#\/schema\/person\/92fcd07e9b1f4323bf74f3170fc0f78a","name":"Matheus Sangaletti","image":{"@type":"ImageObject","inLanguage":"de-DE","@id":"https:\/\/espaconews.com\/#\/schema\/person\/image\/","url":"https:\/\/secure.gravatar.com\/avatar\/280ea957a14a48e6a1ad2133d2cc27c9?s=96&d=mm&r=g","contentUrl":"https:\/\/secure.gravatar.com\/avatar\/280ea957a14a48e6a1ad2133d2cc27c9?s=96&d=mm&r=g","caption":"Matheus Sangaletti"},"url":"https:\/\/espaconews.com\/de\/author\/matheuss\/"}]}},"_links":{"self":[{"href":"https:\/\/espaconews.com\/de\/wp-json\/wp\/v2\/posts\/2879"}],"collection":[{"href":"https:\/\/espaconews.com\/de\/wp-json\/wp\/v2\/posts"}],"about":[{"href":"https:\/\/espaconews.com\/de\/wp-json\/wp\/v2\/types\/post"}],"author":[{"embeddable":true,"href":"https:\/\/espaconews.com\/de\/wp-json\/wp\/v2\/users\/219"}],"replies":[{"embeddable":true,"href":"https:\/\/espaconews.com\/de\/wp-json\/wp\/v2\/comments?post=2879"}],"version-history":[{"count":2,"href":"https:\/\/espaconews.com\/de\/wp-json\/wp\/v2\/posts\/2879\/revisions"}],"predecessor-version":[{"id":2884,"href":"https:\/\/espaconews.com\/de\/wp-json\/wp\/v2\/posts\/2879\/revisions\/2884"}],"wp:featuredmedia":[{"embeddable":true,"href":"https:\/\/espaconews.com\/de\/wp-json\/wp\/v2\/media\/2880"}],"wp:attachment":[{"href":"https:\/\/espaconews.com\/de\/wp-json\/wp\/v2\/media?parent=2879"}],"wp:term":[{"taxonomy":"category","embeddable":true,"href":"https:\/\/espaconews.com\/de\/wp-json\/wp\/v2\/categories?post=2879"},{"taxonomy":"post_tag","embeddable":true,"href":"https:\/\/espaconews.com\/de\/wp-json\/wp\/v2\/tags?post=2879"}],"curies":[{"name":"wp","href":"https:\/\/api.w.org\/{rel}","templated":true}]}}