{"id":2868,"date":"2025-10-27T11:40:10","date_gmt":"2025-10-27T14:40:10","guid":{"rendered":"https:\/\/espaconews.com\/?p=2868"},"modified":"2025-10-27T11:40:25","modified_gmt":"2025-10-27T14:40:25","slug":"habilidades-mas-valoradas-en-la-era-digital","status":"publish","type":"post","link":"https:\/\/espaconews.com\/de\/habilidades-mas-valoradas-en-la-era-digital\/","title":{"rendered":"Die wertvollsten F\u00e4higkeiten im digitalen Zeitalter"},"content":{"rendered":"<p class=\"has-text-align-center\">Inmitten einer technologischen Revolution ist die Beherrschung der <strong>Die wichtigsten F\u00e4higkeiten im digitalen Zeitalter<\/strong> Es ist zu einer unverzichtbaren Voraussetzung f\u00fcr beruflichen Erfolg geworden.<\/p>\n\n\n\n<figure class=\"wp-block-gallery aligncenter has-nested-images columns-default is-cropped wp-block-gallery-1 is-layout-flex wp-block-gallery-is-layout-flex\">\n<figure class=\"wp-block-image size-full\"><img loading=\"lazy\" decoding=\"async\" width=\"550\" height=\"350\" data-id=\"2870\" src=\"https:\/\/espaconews.com\/wp-content\/uploads\/sites\/142\/2025\/10\/DESTAQUE-ESPACO-44-1.jpg\" alt=\"\" class=\"wp-image-2870\" srcset=\"https:\/\/espaconews.com\/wp-content\/uploads\/sites\/142\/2025\/10\/DESTAQUE-ESPACO-44-1.jpg 550w, https:\/\/espaconews.com\/wp-content\/uploads\/sites\/142\/2025\/10\/DESTAQUE-ESPACO-44-1-300x191.jpg 300w, https:\/\/espaconews.com\/wp-content\/uploads\/sites\/142\/2025\/10\/DESTAQUE-ESPACO-44-1-18x12.jpg 18w\" sizes=\"(max-width: 550px) 100vw, 550px\" \/><figcaption class=\"wp-element-caption\">CANVA<\/figcaption><\/figure>\n<\/figure>\n\n\n\n<p class=\"has-text-align-center\">Ein Universit\u00e4tsabschluss oder angesammelte Berufserfahrung reichen nicht mehr aus; entscheidend ist die F\u00e4higkeit, sich anzupassen, zu lernen und weiterzuentwickeln in einem Umfeld, in dem Innovationen schneller voranschreiten als je zuvor.<\/p>\n\n\n\n<p><strong>Zusammenfassung:<\/strong> In diesem Artikel erfahren Sie, welche digitalen F\u00e4higkeiten im Jahr 2025 am gefragtesten sind, warum Unternehmen sie f\u00fcr unerl\u00e4sslich halten, wie Sie sie entwickeln k\u00f6nnen und welche Strategien es Ihnen erm\u00f6glichen, auf einem sich monatlich ver\u00e4ndernden Arbeitsmarkt relevant zu bleiben.<\/p>\n\n\n\n<p>Am Ende finden Sie eine Tabelle mit den von Organisationen am h\u00e4ufigsten nachgefragten F\u00e4higkeiten sowie einen Abschnitt mit h\u00e4ufig gestellten Fragen, um Ihre Fragen zu beantworten.<\/p>\n\n\n\n<p>Sind Sie bereit, genau die Art von Profi zu werden, nach der jeder sucht?<\/p>\n\n\n\n<h2 class=\"wp-block-heading\"><strong>Die Transformation des Arbeitsmarktes<\/strong><\/h2>\n\n\n\n<p>Die Digitalisierung hat unsere Arbeitsweise grundlegend ver\u00e4ndert.<\/p>\n\n\n\n<p>Laut dem Bericht \u201eDie Zukunft der Arbeitspl\u00e4tze 2025\u201c von <strong>Weltwirtschaftsforum<\/strong>, mehr als <strong>60 % der aktuellen %-Arbeitspl\u00e4tze werden fortgeschrittene digitale F\u00e4higkeiten erfordern.<\/strong> in weniger als f\u00fcnf Jahren.<\/p>\n\n\n\n<p>Dieser Wandel ist nicht nur technologischer, sondern auch kultureller und menschlicher Natur.<\/p>\n\n\n\n<p>Unternehmen sch\u00e4tzen heute nicht mehr nur technisches Wissen, sondern auch die F\u00e4higkeit, kontinuierlich zu lernen und kreative L\u00f6sungen f\u00fcr komplexe Probleme anzuwenden.<\/p>\n\n\n\n<p>In diesem Zusammenhang <strong>Die wichtigsten F\u00e4higkeiten im digitalen Zeitalter<\/strong> Sie vereinen kritisches Denken, technologische Kompetenz und Empathie.<\/p>\n\n\n\n<h2 class=\"wp-block-heading\"><strong>Technische F\u00e4higkeiten, die die Zukunft pr\u00e4gen<\/strong><\/h2>\n\n\n\n<p>Die Beherrschung der technologischen Werkzeuge ist eine Grundvoraussetzung.<\/p>\n\n\n\n<p>Allerdings sind nicht alle digitalen Kompetenzen gleich wichtig. Die gefragtesten Kompetenzen im Jahr 2025 lassen sich in drei Hauptbereiche einteilen: <strong>Datenanalyse, k\u00fcnstliche Intelligenz und Cybersicherheit<\/strong>.<\/p>\n\n\n\n<ul>\n<li><strong>Datenanalyse:<\/strong> Das Verst\u00e4ndnis von Informationen ist f\u00fcr strategische Entscheidungen unerl\u00e4sslich. Fachkr\u00e4fte, die gro\u00dfe Datenmengen in handlungsrelevante Erkenntnisse umwandeln k\u00f6nnen, sind sehr gefragt.<\/li>\n\n\n\n<li><strong>K\u00fcnstliche Intelligenz und Automatisierung:<\/strong> Der ethische und effiziente Einsatz von KI zeichnet diejenigen aus, die Innovationen vorantreiben. Das Verst\u00e4ndnis ihrer Grundlagen, selbst ohne Programmierkenntnisse, verschafft einen Wettbewerbsvorteil.<\/li>\n\n\n\n<li><strong>Cybersicherheit:<\/strong> Der Schutz von Unternehmens- und personenbezogenen Daten stellt eine st\u00e4ndige Herausforderung dar. Angesichts der zunehmenden Verbreitung von Telearbeit legen Unternehmen Wert auf Mitarbeiter, die digitale Risiken verstehen.<\/li>\n<\/ul>\n\n\n\n<p>Diese technischen F\u00e4higkeiten beschr\u00e4nken sich nicht auf den Technologiesektor. Auch in Bereichen wie Marketing, Bildung oder Gesundheitswesen macht ihre Beherrschung den entscheidenden Unterschied.<\/p>\n\n\n\n<h2 class=\"wp-block-heading\"><strong>Soft Skills: Die menschliche Seite der digitalen Welt<\/strong><\/h2>\n\n\n\n<p>Da Maschinen immer wiederkehrende Aufgaben \u00fcbernehmen, gewinnen die F\u00e4higkeiten des Menschen an Bedeutung.<\/p>\n\n\n\n<p>Hierin liegt die perfekte Analogie: Die Technologie ist der Motor, aber die <strong>Soft Skills<\/strong> Sie sind das Steuerrad, das die Richtung vorgibt.<\/p>\n\n\n\n<p>Unter den <strong>Die wichtigsten F\u00e4higkeiten im digitalen Zeitalter<\/strong>Sie heben Anpassungsf\u00e4higkeit, effektive Kommunikation und emotionale Intelligenz hervor.<\/p>\n\n\n\n<ul>\n<li><strong>Anpassungsf\u00e4higkeit:<\/strong> Ver\u00e4nderung ist die einzige Konstante. Wer sich schnell an neue Werkzeuge und Prozesse anpasst, bleibt relevant.<\/li>\n\n\n\n<li><strong>Effektive Kommunikation:<\/strong> In einem abgelegenen und multikulturellen Umfeld ist die klare Kommunikation von Ideen ein Wettbewerbsvorteil.<\/li>\n\n\n\n<li><strong>Emotionale Intelligenz:<\/strong> Die F\u00fchrung von Teams erfordert Empathie und Selbstwahrnehmung. Die F\u00e4higkeit, die Emotionen anderer zu erkennen, st\u00e4rkt die Zusammenarbeit.<\/li>\n<\/ul>\n\n\n\n<p>Ein UX-Designer, der beispielsweise technisches Fachwissen mit Empathie verbindet, um den Nutzer zu verstehen, schafft menschlichere und erfolgreichere Produkte.<\/p>\n\n\n\n<h2 class=\"wp-block-heading\"><strong>Kontinuierliches Lernen als Lebensstil<\/strong><\/h2>\n\n\n\n<p>Berufliche Weiterbildung ist nicht l\u00e4nger optional.<\/p>\n\n\n\n<p>Plattformen wie <strong>Coursera, Udemy oder Platzi<\/strong> Sie f\u00f6rdern lebenslanges Lernen und demokratisieren den Zugang zu Wissen.<\/p>\n\n\n\n<p>Der Schl\u00fcssel liegt darin, eine Gewohnheit zu entwickeln: Nehmen Sie sich w\u00f6chentlich Zeit, um neue digitale F\u00e4higkeiten zu erwerben.<\/p>\n\n\n\n<p>Es geht nicht nur darum, Kurse zu belegen, sondern auch darum, das Gelernte anzuwenden.<\/p>\n\n\n\n<p>Ein Analyst, der beispielsweise in seiner Arbeit mit neuen Automatisierungstools experimentiert, erwirbt nicht nur Wissen, sondern verbessert auch reale Prozesse und steigert so deren Wert innerhalb des Unternehmens.<\/p>\n\n\n\n<p>Kontinuierliches Lernen ist zweifellos eine der <strong>Die wichtigsten F\u00e4higkeiten im digitalen Zeitalter<\/strong>weil es Neugierde, Engagement und Widerstandsf\u00e4higkeit beweist.<\/p>\n\n\n\n<h2 class=\"wp-block-heading\"><strong>F\u00fchrungskompetenzen in digitalen Umgebungen<\/strong><\/h2>\n\n\n\n<p>F\u00fchrung wird nicht mehr an der Hierarchie, sondern am Einfluss gemessen.<\/p>\n\n\n\n<p>Verteilte Teams brauchen F\u00fchrungskr\u00e4fte, die inspirieren, zuh\u00f6ren und mithilfe von Technologie koordinieren.<\/p>\n\n\n\n<p>Digitale F\u00fchrungskr\u00e4fte entwickeln F\u00e4higkeiten wie:<\/p>\n\n\n\n<ul>\n<li><strong>Remote-Teammanagement<\/strong><\/li>\n\n\n\n<li><strong>Datengest\u00fctzte Entscheidungsfindung<\/strong><\/li>\n\n\n\n<li><strong>Agiles Denken<\/strong><\/li>\n<\/ul>\n\n\n\n<p>Laut einer Studie von <strong>LinkedIn Learning (2024)<\/strong>Unternehmen, die digitale F\u00fchrungskr\u00e4ftetrainings f\u00f6rdern, weisen eine um 33,1 % h\u00f6here Mitarbeiterbindungsrate auf.<\/p>\n\n\n\n<p>Diese Daten best\u00e4tigen, dass Organisationen sowohl die technischen als auch die zwischenmenschlichen F\u00e4higkeiten ihrer F\u00fchrungskr\u00e4fte sch\u00e4tzen.<\/p>\n\n\n\n<h2 class=\"wp-block-heading\"><strong>Kreativit\u00e4t und kritisches Denken: die menschliche Note<\/strong><\/h2>\n\n\n\n<p>W\u00e4hrend k\u00fcnstliche Intelligenz Prozesse automatisiert, bleibt Kreativit\u00e4t der menschliche Vorteil.<\/p>\n\n\n\n<p>Die F\u00e4higkeit, Fragen zu stellen, Ideen miteinander zu verkn\u00fcpfen und originelle L\u00f6sungen zu entwickeln, ist die Grundlage f\u00fcr Innovation.<\/p>\n\n\n\n<p>Kritisches Denken hilft dabei, Informationen in Zeiten digitaler \u00dcberlastung zu analysieren.<\/p>\n\n\n\n<p>Nicht alles, was online kursiert, ist wahr. Deshalb sind Fachleute, die Daten filtern und stichhaltige Argumente aufbauen k\u00f6nnen, unverzichtbar.<\/p>\n\n\n\n<p>In den Worten von <strong>Satya Nadella<\/strong>Der CEO von Microsoft sagte: \u201eDie wichtigste Lektion des 21. Jahrhunderts ist, zu lernen, wie man lernt.\u201c <\/p>\n\n\n\n<p>Diese kritische und reflektierende Denkweise zeichnet die wertvollsten Fachkr\u00e4fte aus.<\/p>\n\n\n\n<h2 class=\"wp-block-heading\"><strong>Gr\u00fcne Kompetenzen und digitale Nachhaltigkeit<\/strong><\/h2>\n\n\n\n<p>Im Jahr 2025 suchen Unternehmen nicht nur nach Effizienz, sondern auch nach Nachhaltigkeit.<\/p>\n\n\n\n<p>Der Aufstieg der \u201egr\u00fcnen Technologie\u201c f\u00fchrt zu einem erh\u00f6hten Bedarf an umweltbewussten Fachkr\u00e4ften.<\/p>\n\n\n\n<p>Kenntnisse dar\u00fcber, wie man digitale Ressourcen optimiert, den CO2-Fu\u00dfabdruck in der Cloud reduziert und Nachhaltigkeitsprinzipien anwendet, sind zunehmend gefragt.<\/p>\n\n\n\n<p>Diese F\u00e4higkeiten zeugen von sozialer Verantwortung, einem zunehmend wichtigen Wert sowohl f\u00fcr Marken als auch f\u00fcr Mitarbeiter.<\/p>\n\n\n\n<h2 class=\"wp-block-heading\"><strong>Tabelle der gefragtesten digitalen Kompetenzen (2025)<\/strong><\/h2>\n\n\n\n<figure class=\"wp-block-table\"><table><thead><tr><th>Bereich<\/th><th>F\u00e4higkeit<\/th><th>Nachfrageniveau<\/th><\/tr><\/thead><tbody><tr><td>Technologie<\/td><td>Datenanalyse<\/td><td>Sehr hoch<\/td><\/tr><tr><td>Technologie<\/td><td>Cybersicherheit<\/td><td>Hoch<\/td><\/tr><tr><td>K\u00fcnstliche Intelligenz<\/td><td>Automatisierung und maschinelles Lernen<\/td><td>Sehr hoch<\/td><\/tr><tr><td>Management<\/td><td>F\u00fchrung aus der Ferne<\/td><td>Hoch<\/td><\/tr><tr><td>Soft Skills<\/td><td>Kommunikation und Empathie<\/td><td>Sehr hoch<\/td><\/tr><tr><td>Weiterbildung<\/td><td>Selbstgesteuertes Lernen<\/td><td>Hoch<\/td><\/tr><tr><td>Nachhaltigkeit<\/td><td>Gr\u00fcne Technologie<\/td><td>H\u00e4lfte<\/td><\/tr><\/tbody><\/table><figcaption class=\"wp-element-caption\">Die wertvollsten F\u00e4higkeiten im digitalen Zeitalter<\/figcaption><\/figure>\n\n\n\n<p>Mehr lesen:\u00a0<a href=\"https:\/\/espaconews.com\/de\/sectores-con-mayor-crecimiento-en-2025\/\">Branchen mit dem gr\u00f6\u00dften Wachstum im Jahr 2025<\/a><\/p>\n\n\n\n<figure class=\"wp-block-gallery aligncenter has-nested-images columns-default is-cropped wp-block-gallery-2 is-layout-flex wp-block-gallery-is-layout-flex\">\n<figure class=\"wp-block-image size-full\"><img loading=\"lazy\" decoding=\"async\" width=\"550\" height=\"350\" data-id=\"2871\" src=\"https:\/\/espaconews.com\/wp-content\/uploads\/sites\/142\/2025\/10\/DESTAQUE-ESPACO-43.jpg\" alt=\"\" class=\"wp-image-2871\" srcset=\"https:\/\/espaconews.com\/wp-content\/uploads\/sites\/142\/2025\/10\/DESTAQUE-ESPACO-43.jpg 550w, https:\/\/espaconews.com\/wp-content\/uploads\/sites\/142\/2025\/10\/DESTAQUE-ESPACO-43-300x191.jpg 300w, https:\/\/espaconews.com\/wp-content\/uploads\/sites\/142\/2025\/10\/DESTAQUE-ESPACO-43-18x12.jpg 18w\" sizes=\"(max-width: 550px) 100vw, 550px\" \/><figcaption class=\"wp-element-caption\">CANVA<\/figcaption><\/figure>\n<\/figure>\n\n\n\n<h2 class=\"wp-block-heading\"><strong>Wie man die gefragtesten F\u00e4higkeiten im digitalen Zeitalter entwickelt<\/strong><\/h2>\n\n\n\n<p>Um sich von der Masse abzuheben, gen\u00fcgt es nicht zu wissen, welche F\u00e4higkeiten wichtig sind; man muss sie strategisch entwickeln.<\/p>\n\n\n\n<p>Hier einige praktische Empfehlungen:<\/p>\n\n\n\n<ol>\n<li><strong>Bewerten Sie Ihren Ausgangspunkt:<\/strong> Identifizieren Sie Ihre St\u00e4rken und Wissensl\u00fccken.<\/li>\n\n\n\n<li><strong>W\u00e4hle eine Spezialisierung:<\/strong> Anstatt von allem nur ein bisschen zu lernen, sollten Sie sich intensiver mit einer f\u00fcr Ihre Branche relevanten F\u00e4higkeit auseinandersetzen.<\/li>\n\n\n\n<li><strong>Bauen Sie Ihre professionelle Marke auf:<\/strong> Teilen Sie Ihre Erkenntnisse in Netzwerken wie LinkedIn. Indem Sie Ihre Fortschritte pr\u00e4sentieren, st\u00e4rken Sie Ihre Autorit\u00e4t.<\/li>\n\n\n\n<li><strong>Umgib dich mit Mentoren:<\/strong> Von denen zu lernen, die diese F\u00e4higkeiten bereits beherrschen, beschleunigt das Wachstum.<\/li>\n<\/ol>\n\n\n\n<h2 class=\"wp-block-heading\"><strong>Abschluss<\/strong><\/h2>\n\n\n\n<p>Der <strong>Die wichtigsten F\u00e4higkeiten im digitalen Zeitalter<\/strong> Sie gehen \u00fcber die technischen Aspekte hinaus. Sie beinhalten Denkweise, Neugier und Engagement.<\/p>\n\n\n\n<p>Diejenigen, die lernen, Technologie mit Empathie zu verbinden, werden zu den wahren Protagonisten des Wandels.<\/p>\n\n\n\n<p>Die Zukunft geh\u00f6rt denen, die keine Angst davor haben, sich neu zu erfinden, denen, die verstehen, dass Wissen kein Verfallsdatum hat.<\/p>\n\n\n\n<p>Jeder Schritt, den Sie in Richtung digitales Lernen unternehmen, bringt Sie somit nicht nur besseren Chancen n\u00e4her, sondern auch einer wettbewerbsf\u00e4higeren und selbstbewussteren Version Ihrer selbst.<\/p>\n\n\n\n<p>Mehr lesen:\u00a0<a href=\"https:\/\/espaconews.com\/de\/profesiones-mas-demandadas-en-2025\/\">Die gefragtesten Berufe im Jahr 2025<\/a><\/p>\n\n\n\n<h2 class=\"wp-block-heading\"><strong>H\u00e4ufig gestellte Fragen<\/strong><\/h2>\n\n\n\n<p><strong>1. Welche F\u00e4higkeiten werden im Jahr 2025 am meisten gesch\u00e4tzt?<\/strong><br>Zu den gefragtesten F\u00e4higkeiten z\u00e4hlen Datenanalyse, Cybersicherheit, k\u00fcnstliche Intelligenz, effektive Kommunikation und Anpassungsf\u00e4higkeit.<\/p>\n\n\n\n<p><strong>2. Warum sind Soft Skills so wichtig?<\/strong><br>Denn Automatisierung kann Empathie, Zusammenarbeit und kritisches Denken nicht ersetzen, die f\u00fcr moderne F\u00fchrung unerl\u00e4sslich sind.<\/p>\n\n\n\n<p><strong>3. Wo kann ich diese F\u00e4higkeiten erlernen?<\/strong><br>Plattformen wie Coursera, edX, Google Career Certificates und digitale Universit\u00e4ten bieten aktuelle und leicht zug\u00e4ngliche Programme an.<\/p>\n\n\n\n<p><strong>4. Wie bleibt man angesichts so vieler Innovationen relevant?<\/strong><br>Der Schl\u00fcssel liegt im kontinuierlichen Lernen: w\u00f6chentlich Zeit daf\u00fcr aufzuwenden, neue F\u00e4higkeiten zu entwickeln und diese in realen Kontexten anzuwenden.<\/p>","protected":false},"excerpt":{"rendered":"<p>En plena revoluci\u00f3n tecnol\u00f3gica, dominar las habilidades m\u00e1s valoradas en la era digital se ha convertido en un requisito indispensable para destacar profesionalmente. Ya no basta con un t\u00edtulo universitario o con la experiencia acumulada; lo que marca la diferencia es la capacidad de adaptarse, aprender y evolucionar en un entorno donde la innovaci\u00f3n avanza [&hellip;]<\/p>","protected":false},"author":219,"featured_media":2869,"comment_status":"closed","ping_status":"open","sticky":false,"template":"","format":"standard","meta":{"footnotes":""},"categories":[4],"tags":[],"yoast_head":"<!-- This site is optimized with the Yoast SEO plugin v23.3 - https:\/\/yoast.com\/wordpress\/plugins\/seo\/ -->\n<title>Habilidades m\u00e1s valoradas en la era digital - Espa\u00e7o News<\/title>\n<meta name=\"description\" content=\"En plena revoluci\u00f3n tecnol\u00f3gica, dominar las habilidades m\u00e1s valoradas en la era digital se ha convertido en un requisito indispensable para.\" \/>\n<meta name=\"robots\" content=\"index, follow, max-snippet:-1, max-image-preview:large, max-video-preview:-1\" \/>\n<link rel=\"canonical\" href=\"https:\/\/espaconews.com\/de\/habilidades-mas-valoradas-en-la-era-digital\/\" \/>\n<meta property=\"og:locale\" content=\"de_DE\" \/>\n<meta property=\"og:type\" content=\"article\" \/>\n<meta property=\"og:title\" content=\"Habilidades m\u00e1s valoradas en la era digital - Espa\u00e7o News\" \/>\n<meta property=\"og:description\" content=\"En plena revoluci\u00f3n tecnol\u00f3gica, dominar las habilidades m\u00e1s valoradas en la era digital se ha convertido en un requisito indispensable para.\" \/>\n<meta property=\"og:url\" content=\"https:\/\/espaconews.com\/de\/habilidades-mas-valoradas-en-la-era-digital\/\" \/>\n<meta property=\"og:site_name\" content=\"Espa\u00e7o News\" \/>\n<meta property=\"article:published_time\" content=\"2025-10-27T14:40:10+00:00\" \/>\n<meta property=\"article:modified_time\" content=\"2025-10-27T14:40:25+00:00\" \/>\n<meta property=\"og:image\" content=\"https:\/\/espaconews.com\/wp-content\/uploads\/sites\/142\/2025\/10\/DESTAQUE-ESPACO-44.jpg\" \/>\n\t<meta property=\"og:image:width\" content=\"550\" \/>\n\t<meta property=\"og:image:height\" content=\"350\" \/>\n\t<meta property=\"og:image:type\" content=\"image\/jpeg\" \/>\n<meta name=\"author\" content=\"Matheus Sangaletti\" \/>\n<meta name=\"twitter:card\" content=\"summary_large_image\" \/>\n<meta name=\"twitter:label1\" content=\"Written by\" \/>\n\t<meta name=\"twitter:data1\" content=\"Matheus Sangaletti\" \/>\n\t<meta name=\"twitter:label2\" content=\"Est. reading time\" \/>\n\t<meta name=\"twitter:data2\" content=\"8 Minuten\" \/>\n<script type=\"application\/ld+json\" class=\"yoast-schema-graph\">{\"@context\":\"https:\/\/schema.org\",\"@graph\":[{\"@type\":\"WebPage\",\"@id\":\"https:\/\/espaconews.com\/habilidades-mas-valoradas-en-la-era-digital\/\",\"url\":\"https:\/\/espaconews.com\/habilidades-mas-valoradas-en-la-era-digital\/\",\"name\":\"Habilidades m\u00e1s valoradas en la era digital - Espa\u00e7o News\",\"isPartOf\":{\"@id\":\"https:\/\/espaconews.com\/#website\"},\"primaryImageOfPage\":{\"@id\":\"https:\/\/espaconews.com\/habilidades-mas-valoradas-en-la-era-digital\/#primaryimage\"},\"image\":{\"@id\":\"https:\/\/espaconews.com\/habilidades-mas-valoradas-en-la-era-digital\/#primaryimage\"},\"thumbnailUrl\":\"https:\/\/espaconews.com\/wp-content\/uploads\/sites\/142\/2025\/10\/DESTAQUE-ESPACO-44.jpg\",\"datePublished\":\"2025-10-27T14:40:10+00:00\",\"dateModified\":\"2025-10-27T14:40:25+00:00\",\"author\":{\"@id\":\"https:\/\/espaconews.com\/#\/schema\/person\/92fcd07e9b1f4323bf74f3170fc0f78a\"},\"description\":\"En plena revoluci\u00f3n tecnol\u00f3gica, dominar las habilidades m\u00e1s valoradas en la era digital se ha convertido en un requisito indispensable para.\",\"breadcrumb\":{\"@id\":\"https:\/\/espaconews.com\/habilidades-mas-valoradas-en-la-era-digital\/#breadcrumb\"},\"inLanguage\":\"de-DE\",\"potentialAction\":[{\"@type\":\"ReadAction\",\"target\":[\"https:\/\/espaconews.com\/habilidades-mas-valoradas-en-la-era-digital\/\"]}]},{\"@type\":\"ImageObject\",\"inLanguage\":\"de-DE\",\"@id\":\"https:\/\/espaconews.com\/habilidades-mas-valoradas-en-la-era-digital\/#primaryimage\",\"url\":\"https:\/\/espaconews.com\/wp-content\/uploads\/sites\/142\/2025\/10\/DESTAQUE-ESPACO-44.jpg\",\"contentUrl\":\"https:\/\/espaconews.com\/wp-content\/uploads\/sites\/142\/2025\/10\/DESTAQUE-ESPACO-44.jpg\",\"width\":550,\"height\":350},{\"@type\":\"BreadcrumbList\",\"@id\":\"https:\/\/espaconews.com\/habilidades-mas-valoradas-en-la-era-digital\/#breadcrumb\",\"itemListElement\":[{\"@type\":\"ListItem\",\"position\":1,\"name\":\"Home\",\"item\":\"https:\/\/espaconews.com\/\"},{\"@type\":\"ListItem\",\"position\":2,\"name\":\"Habilidades m\u00e1s valoradas en la era digital\"}]},{\"@type\":\"WebSite\",\"@id\":\"https:\/\/espaconews.com\/#website\",\"url\":\"https:\/\/espaconews.com\/\",\"name\":\"Espa\u00e7o News\",\"description\":\"\",\"potentialAction\":[{\"@type\":\"SearchAction\",\"target\":{\"@type\":\"EntryPoint\",\"urlTemplate\":\"https:\/\/espaconews.com\/?s={search_term_string}\"},\"query-input\":\"required name=search_term_string\"}],\"inLanguage\":\"de-DE\"},{\"@type\":\"Person\",\"@id\":\"https:\/\/espaconews.com\/#\/schema\/person\/92fcd07e9b1f4323bf74f3170fc0f78a\",\"name\":\"Matheus Sangaletti\",\"image\":{\"@type\":\"ImageObject\",\"inLanguage\":\"de-DE\",\"@id\":\"https:\/\/espaconews.com\/#\/schema\/person\/image\/\",\"url\":\"https:\/\/secure.gravatar.com\/avatar\/280ea957a14a48e6a1ad2133d2cc27c9?s=96&d=mm&r=g\",\"contentUrl\":\"https:\/\/secure.gravatar.com\/avatar\/280ea957a14a48e6a1ad2133d2cc27c9?s=96&d=mm&r=g\",\"caption\":\"Matheus Sangaletti\"},\"url\":\"https:\/\/espaconews.com\/de\/author\/matheuss\/\"}]}<\/script>\n<!-- \/ Yoast SEO plugin. -->","yoast_head_json":{"title":"Habilidades m\u00e1s valoradas en la era digital - Espa\u00e7o News","description":"En plena revoluci\u00f3n tecnol\u00f3gica, dominar las habilidades m\u00e1s valoradas en la era digital se ha convertido en un requisito indispensable para.","robots":{"index":"index","follow":"follow","max-snippet":"max-snippet:-1","max-image-preview":"max-image-preview:large","max-video-preview":"max-video-preview:-1"},"canonical":"https:\/\/espaconews.com\/de\/habilidades-mas-valoradas-en-la-era-digital\/","og_locale":"de_DE","og_type":"article","og_title":"Habilidades m\u00e1s valoradas en la era digital - Espa\u00e7o News","og_description":"En plena revoluci\u00f3n tecnol\u00f3gica, dominar las habilidades m\u00e1s valoradas en la era digital se ha convertido en un requisito indispensable para.","og_url":"https:\/\/espaconews.com\/de\/habilidades-mas-valoradas-en-la-era-digital\/","og_site_name":"Espa\u00e7o News","article_published_time":"2025-10-27T14:40:10+00:00","article_modified_time":"2025-10-27T14:40:25+00:00","og_image":[{"width":550,"height":350,"url":"https:\/\/espaconews.com\/wp-content\/uploads\/sites\/142\/2025\/10\/DESTAQUE-ESPACO-44.jpg","type":"image\/jpeg"}],"author":"Matheus Sangaletti","twitter_card":"summary_large_image","twitter_misc":{"Written by":"Matheus Sangaletti","Est. reading time":"8 Minuten"},"schema":{"@context":"https:\/\/schema.org","@graph":[{"@type":"WebPage","@id":"https:\/\/espaconews.com\/habilidades-mas-valoradas-en-la-era-digital\/","url":"https:\/\/espaconews.com\/habilidades-mas-valoradas-en-la-era-digital\/","name":"Habilidades m\u00e1s valoradas en la era digital - Espa\u00e7o News","isPartOf":{"@id":"https:\/\/espaconews.com\/#website"},"primaryImageOfPage":{"@id":"https:\/\/espaconews.com\/habilidades-mas-valoradas-en-la-era-digital\/#primaryimage"},"image":{"@id":"https:\/\/espaconews.com\/habilidades-mas-valoradas-en-la-era-digital\/#primaryimage"},"thumbnailUrl":"https:\/\/espaconews.com\/wp-content\/uploads\/sites\/142\/2025\/10\/DESTAQUE-ESPACO-44.jpg","datePublished":"2025-10-27T14:40:10+00:00","dateModified":"2025-10-27T14:40:25+00:00","author":{"@id":"https:\/\/espaconews.com\/#\/schema\/person\/92fcd07e9b1f4323bf74f3170fc0f78a"},"description":"En plena revoluci\u00f3n tecnol\u00f3gica, dominar las habilidades m\u00e1s valoradas en la era digital se ha convertido en un requisito indispensable para.","breadcrumb":{"@id":"https:\/\/espaconews.com\/habilidades-mas-valoradas-en-la-era-digital\/#breadcrumb"},"inLanguage":"de-DE","potentialAction":[{"@type":"ReadAction","target":["https:\/\/espaconews.com\/habilidades-mas-valoradas-en-la-era-digital\/"]}]},{"@type":"ImageObject","inLanguage":"de-DE","@id":"https:\/\/espaconews.com\/habilidades-mas-valoradas-en-la-era-digital\/#primaryimage","url":"https:\/\/espaconews.com\/wp-content\/uploads\/sites\/142\/2025\/10\/DESTAQUE-ESPACO-44.jpg","contentUrl":"https:\/\/espaconews.com\/wp-content\/uploads\/sites\/142\/2025\/10\/DESTAQUE-ESPACO-44.jpg","width":550,"height":350},{"@type":"BreadcrumbList","@id":"https:\/\/espaconews.com\/habilidades-mas-valoradas-en-la-era-digital\/#breadcrumb","itemListElement":[{"@type":"ListItem","position":1,"name":"Home","item":"https:\/\/espaconews.com\/"},{"@type":"ListItem","position":2,"name":"Habilidades m\u00e1s valoradas en la era digital"}]},{"@type":"WebSite","@id":"https:\/\/espaconews.com\/#website","url":"https:\/\/espaconews.com\/","name":"Espa\u00e7o News","description":"","potentialAction":[{"@type":"SearchAction","target":{"@type":"EntryPoint","urlTemplate":"https:\/\/espaconews.com\/?s={search_term_string}"},"query-input":"required name=search_term_string"}],"inLanguage":"de-DE"},{"@type":"Person","@id":"https:\/\/espaconews.com\/#\/schema\/person\/92fcd07e9b1f4323bf74f3170fc0f78a","name":"Matheus Sangaletti","image":{"@type":"ImageObject","inLanguage":"de-DE","@id":"https:\/\/espaconews.com\/#\/schema\/person\/image\/","url":"https:\/\/secure.gravatar.com\/avatar\/280ea957a14a48e6a1ad2133d2cc27c9?s=96&d=mm&r=g","contentUrl":"https:\/\/secure.gravatar.com\/avatar\/280ea957a14a48e6a1ad2133d2cc27c9?s=96&d=mm&r=g","caption":"Matheus Sangaletti"},"url":"https:\/\/espaconews.com\/de\/author\/matheuss\/"}]}},"_links":{"self":[{"href":"https:\/\/espaconews.com\/de\/wp-json\/wp\/v2\/posts\/2868"}],"collection":[{"href":"https:\/\/espaconews.com\/de\/wp-json\/wp\/v2\/posts"}],"about":[{"href":"https:\/\/espaconews.com\/de\/wp-json\/wp\/v2\/types\/post"}],"author":[{"embeddable":true,"href":"https:\/\/espaconews.com\/de\/wp-json\/wp\/v2\/users\/219"}],"replies":[{"embeddable":true,"href":"https:\/\/espaconews.com\/de\/wp-json\/wp\/v2\/comments?post=2868"}],"version-history":[{"count":1,"href":"https:\/\/espaconews.com\/de\/wp-json\/wp\/v2\/posts\/2868\/revisions"}],"predecessor-version":[{"id":2872,"href":"https:\/\/espaconews.com\/de\/wp-json\/wp\/v2\/posts\/2868\/revisions\/2872"}],"wp:featuredmedia":[{"embeddable":true,"href":"https:\/\/espaconews.com\/de\/wp-json\/wp\/v2\/media\/2869"}],"wp:attachment":[{"href":"https:\/\/espaconews.com\/de\/wp-json\/wp\/v2\/media?parent=2868"}],"wp:term":[{"taxonomy":"category","embeddable":true,"href":"https:\/\/espaconews.com\/de\/wp-json\/wp\/v2\/categories?post=2868"},{"taxonomy":"post_tag","embeddable":true,"href":"https:\/\/espaconews.com\/de\/wp-json\/wp\/v2\/tags?post=2868"}],"curies":[{"name":"wp","href":"https:\/\/api.w.org\/{rel}","templated":true}]}}