{"id":2900,"date":"2025-10-30T20:14:54","date_gmt":"2025-10-30T23:14:54","guid":{"rendered":"https:\/\/espaconews.com\/?p=2900"},"modified":"2025-10-30T20:15:12","modified_gmt":"2025-10-30T23:15:12","slug":"como-crear-un-curriculum-ganador-en-2025","status":"publish","type":"post","link":"http:\/\/espaconews.com\/fr_ca\/como-crear-un-curriculum-ganador-en-2025\/","title":{"rendered":"Comment cr\u00e9er un CV gagnant en 2025"},"content":{"rendered":"<p class=\"has-text-align-center\">Si vous souhaitez vous d\u00e9marquer sur le march\u00e9 du travail concurrentiel d&#039;aujourd&#039;hui, apprenez <strong>Comment cr\u00e9er un CV gagnant en 2025<\/strong> C&#039;est votre premier pas vers la r\u00e9ussite professionnelle.<\/p>\n\n\n\n<figure class=\"wp-block-gallery aligncenter has-nested-images columns-default is-cropped wp-block-gallery-1 is-layout-flex wp-block-gallery-is-layout-flex\">\n<figure class=\"wp-block-image size-large\"><img loading=\"lazy\" decoding=\"async\" width=\"1024\" height=\"652\" data-id=\"2902\" src=\"https:\/\/espaconews.com\/wp-content\/uploads\/sites\/142\/2025\/10\/DESTAQUE-ESPACO-55-1-1024x652.jpg\" alt=\"\" class=\"wp-image-2902\" srcset=\"http:\/\/espaconews.com\/wp-content\/uploads\/sites\/142\/2025\/10\/DESTAQUE-ESPACO-55-1-1024x652.jpg 1024w, http:\/\/espaconews.com\/wp-content\/uploads\/sites\/142\/2025\/10\/DESTAQUE-ESPACO-55-1-300x191.jpg 300w, http:\/\/espaconews.com\/wp-content\/uploads\/sites\/142\/2025\/10\/DESTAQUE-ESPACO-55-1-768x489.jpg 768w, http:\/\/espaconews.com\/wp-content\/uploads\/sites\/142\/2025\/10\/DESTAQUE-ESPACO-55-1-18x12.jpg 18w, http:\/\/espaconews.com\/wp-content\/uploads\/sites\/142\/2025\/10\/DESTAQUE-ESPACO-55-1.jpg 1100w\" sizes=\"(max-width: 1024px) 100vw, 1024px\" \/><figcaption class=\"wp-element-caption\">CANVA<\/figcaption><\/figure>\n<\/figure>\n\n\n\n<p class=\"has-text-align-center\">Un CV efficace ne se contente pas de communiquer votre exp\u00e9rience et vos comp\u00e9tences, il refl\u00e8te \u00e9galement votre personnalit\u00e9 et votre capacit\u00e9 d&#039;adaptation \u00e0 un march\u00e9 du travail en constante \u00e9volution.<\/p>\n\n\n\n<p class=\"has-text-align-center\">Dans cet article, vous d\u00e9couvrirez des strat\u00e9gies modernes, des exemples concrets et des conseils pratiques pour que votre CV attire l&#039;attention des recruteurs et augmente vos chances de trouver un emploi.<\/p>\n\n\n\n<h2 class=\"wp-block-heading\">R\u00e9sum\u00e9<\/h2>\n\n\n\n<p>L&#039;importance d&#039;un CV \u00e0 jour<\/p>\n\n\n\n<p>\u00c9l\u00e9ments cl\u00e9s d&#039;un CV gagnant<\/p>\n\n\n\n<p>Formats recommand\u00e9s en 2025<\/p>\n\n\n\n<p>Personnalisation et pertinence : la cl\u00e9 du succ\u00e8s<\/p>\n\n\n\n<p>Optimisation des syst\u00e8mes ATS<\/p>\n\n\n\n<p>Exemples pratiques de CV<\/p>\n\n\n\n<p>Erreurs courantes et comment les \u00e9viter<\/p>\n\n\n\n<p>Questions fr\u00e9quemment pos\u00e9es<\/p>\n\n\n\n<h2 class=\"wp-block-heading\">L&#039;importance d&#039;un CV \u00e0 jour<\/h2>\n\n\n\n<p>En 2025, les recruteurs re\u00e7oivent des centaines de CV par poste vacant, et votre objectif est de vous d\u00e9marquer en quelques secondes.<\/p>\n\n\n\n<p>Selon une \u00e9tude r\u00e9alis\u00e9e par <strong>Constructeur de carri\u00e8re<\/strong>En moyenne, un recruteur ne d\u00e9pense que <strong>6 secondes<\/strong> examiner chaque CV avant de d\u00e9cider de passer \u00e0 l&#039;\u00e9tape suivante.<\/p>\n\n\n\n<p>Cela signifie que votre document doit \u00eatre clair, concis et visuellement attrayant.<\/p>\n\n\n\n<p>Apprendre <strong>Comment cr\u00e9er un CV gagnant en 2025<\/strong> Il ne s&#039;agit pas seulement d&#039;un exercice esth\u00e9tique ; c&#039;est un investissement strat\u00e9gique pour votre carri\u00e8re professionnelle.<\/p>\n\n\n\n<h3 class=\"wp-block-heading\"><strong>Analogie utile<\/strong><\/h3>\n\n\n\n<p>Consid\u00e9rez votre CV comme une vitrine\u00a0: les produits les mieux organis\u00e9s et pr\u00e9sent\u00e9s attirent l\u2019attention du client.<\/p>\n\n\n\n<p>De m\u00eame, un CV bien organis\u00e9 et personnalis\u00e9 attirera l&#039;attention du recruteur au premier coup d&#039;\u0153il.<\/p>\n\n\n\n<h2 class=\"wp-block-heading\">\u00c9l\u00e9ments cl\u00e9s d&#039;un CV gagnant<\/h2>\n\n\n\n<p>Pour que votre CV atteigne son objectif, il doit inclure des sections strat\u00e9giques qui communiquent votre valeur professionnelle\u00a0:<\/p>\n\n\n\n<p><strong>En-t\u00eate professionnel<\/strong>: vos nom, titre et coordonn\u00e9es.<\/p>\n\n\n\n<p><strong>R\u00e9sum\u00e9 ex\u00e9cutif<\/strong>: un court paragraphe r\u00e9sumant votre exp\u00e9rience, vos r\u00e9alisations et vos objectifs.<\/p>\n\n\n\n<p><strong>exp\u00e9rience professionnelle<\/strong>D\u00e9taillez vos r\u00f4les, responsabilit\u00e9s et r\u00e9sultats quantifiables les plus pertinents.<\/p>\n\n\n\n<p><strong>Formation et certifications<\/strong>\u00c9tudes formelles, cours r\u00e9cents et certifications professionnelles.<\/p>\n\n\n\n<p><strong>Comp\u00e9tences<\/strong>: un m\u00e9lange de comp\u00e9tences techniques et relationnelles.<\/p>\n\n\n\n<p><strong>Projets ou r\u00e9alisations suppl\u00e9mentaires<\/strong>: un travail pertinent en dehors d&#039;un emploi formel qui d\u00e9montre votre initiative et votre cr\u00e9ativit\u00e9.<\/p>\n\n\n\n<p><strong>Exemple original 1\u00a0:<\/strong> Si vous \u00eates graphiste, au lieu d&#039;\u00e9crire simplement \u00ab Graphiste \u00bb, vous pourriez \u00e9crire\u00a0:<\/p>\n\n\n\n<p>\u00ab Graphiste sp\u00e9cialis\u00e9e en image de marque et exp\u00e9rience utilisateur, avec 5 ans d&#039;exp\u00e9rience dans la mise en \u0153uvre de strat\u00e9gies visuelles qui ont permis d&#039;augmenter la fid\u00e9lisation de la client\u00e8le de 251 000 $. \u00bb<\/p>\n\n\n\n<h2 class=\"wp-block-heading\">Formats recommand\u00e9s en 2025<\/h2>\n\n\n\n<p>La conception des CV a \u00e9volu\u00e9. Aujourd&#039;hui, les recruteurs privil\u00e9gient les formats faciles \u00e0 lire, aussi bien sur papier que sur support num\u00e9rique.<\/p>\n\n\n\n<p><strong>chronologique inverse<\/strong>Mettez d&#039;abord en avant votre exp\u00e9rience la plus r\u00e9cente. Id\u00e9alement, si vous avez fait vos preuves.<\/p>\n\n\n\n<p><strong>Fonctionnelles ou par comp\u00e9tences<\/strong>Mettez en valeur vos comp\u00e9tences ; utile si vous changez de secteur ou si vous avez une exp\u00e9rience diversifi\u00e9e.<\/p>\n\n\n\n<p><strong>Mixte ou hybride<\/strong>Elle allie exp\u00e9rience et comp\u00e9tences ; c&#039;est le format le plus recommand\u00e9 en 2025.<\/p>\n\n\n\n<p>L&#039;essentiel est de maintenir un <strong>\u00e9quilibre visuel<\/strong>\u00c9vitez les longs paragraphes et utilisez des listes, du texte en gras et des sous-titres pour guider la lecture.<\/p>\n\n\n\n<p>Un CV trop encombr\u00e9 ou d\u00e9sorganis\u00e9 diminue vos chances d&#039;\u00eatre pris en consid\u00e9ration.<\/p>\n\n\n\n<h2 class=\"wp-block-heading\">Personnalisation et pertinence : la cl\u00e9 du succ\u00e8s<\/h2>\n\n\n\n<p>Il n&#039;existe pas de CV type qui convienne \u00e0 tous les postes.<\/p>\n\n\n\n<p>Adapter votre CV \u00e0 l&#039;emploi vis\u00e9 augmente consid\u00e9rablement vos chances de r\u00e9ussite.<\/p>\n\n\n\n<p>Par exemple, si l&#039;offre d&#039;emploi requiert des comp\u00e9tences en leadership et en gestion d&#039;\u00e9quipe, mettez en avant les exp\u00e9riences o\u00f9 vous avez coordonn\u00e9 des projets et obtenu des r\u00e9sultats concrets.<\/p>\n\n\n\n<p><strong>Fait pertinent :<\/strong> une \u00e9tude de <strong>LinkedIn<\/strong> Une \u00e9tude de 2024 montre que les CV personnalis\u00e9s ont un <strong>40% plus de chances<\/strong> g\u00e9n\u00e9rer des entretiens g\u00e9n\u00e9riques.<\/p>\n\n\n\n<p>Cela souligne l&#039;importance d&#039;adapter directement vos comp\u00e9tences aux exigences du poste.<\/p>\n\n\n\n<p><strong>Exemple original 2\u00a0:<\/strong> Pour un poste en marketing digital, mentionner simplement \u00ab\u00a0R\u00e9seaux sociaux\u00a0\u00bb ne suffit pas\u00a0; fournissez des d\u00e9tails\u00a0:<\/p>\n\n\n\n<p>\u00ab J\u2019ai g\u00e9r\u00e9 des campagnes Facebook et LinkedIn qui ont permis d\u2019augmenter l\u2019engagement de 351 000 personnes et de g\u00e9n\u00e9rer 1 200 prospects en six mois. \u00bb<\/p>\n\n\n\n<h2 class=\"wp-block-heading\">Optimisation des syst\u00e8mes ATS<\/h2>\n\n\n\n<p>D\u2019ici 2025, la plupart des entreprises utiliseront des syst\u00e8mes de suivi des candidatures (ATS) pour filtrer les CV avant qu\u2019ils n\u2019arrivent entre les mains d\u2019un recruteur.<\/p>\n\n\n\n<p>Ces syst\u00e8mes recherchent des mots-cl\u00e9s sp\u00e9cifiques li\u00e9s \u00e0 l&#039;offre d&#039;emploi.<\/p>\n\n\n\n<h3 class=\"wp-block-heading\"><strong>Conseils pour r\u00e9ussir l&#039;ATS\u00a0:<\/strong><\/h3>\n\n\n\n<p>Utiliser <strong>mots-cl\u00e9s pour l&#039;offre d&#039;emploi<\/strong> naturellement dans votre CV.<\/p>\n\n\n\n<p>\u00c9vitez les images, les graphiques complexes ou les tableaux que les syst\u00e8mes ATS ne peuvent pas lire.<\/p>\n\n\n\n<p>Enregistrez votre fichier dans <strong>PDF ou Word<\/strong>formats compatibles avec la plupart de ces syst\u00e8mes.<\/p>\n\n\n\n<p><strong>Tableau de r\u00e9f\u00e9rence rapide\u00a0: Compatibilit\u00e9 du format ATS<\/strong><\/p>\n\n\n\n<figure class=\"wp-block-table\"><table><thead><tr><th>Format<\/th><th>Compatibilit\u00e9 ATS<\/th><th>Recommandation<\/th><\/tr><\/thead><tbody><tr><td>PDF<\/td><td>Haut<\/td><td>Oui, \u00e0 condition que le PDF soit du texte et non une image.<\/td><\/tr><tr><td>Mot<\/td><td>Tr\u00e8s \u00e9lev\u00e9<\/td><td>Id\u00e9al pour l&#039;envoi direct par courrier<\/td><\/tr><tr><td>Image<\/td><td>Faible<\/td><td>\u00c0 \u00e9viter, difficile \u00e0 lire par ATS<\/td><\/tr><tr><td>Graphique<\/td><td>Moyenne<\/td><td>\u00c0 utiliser uniquement si elles renforcent les informations textuelles<\/td><\/tr><\/tbody><\/table><figcaption class=\"wp-element-caption\">Comment cr\u00e9er un CV gagnant en 2025<\/figcaption><\/figure>\n\n\n\n<figure class=\"wp-block-gallery aligncenter has-nested-images columns-default is-cropped wp-block-gallery-2 is-layout-flex wp-block-gallery-is-layout-flex\">\n<figure class=\"wp-block-image size-large\"><img loading=\"lazy\" decoding=\"async\" width=\"1024\" height=\"652\" data-id=\"2903\" src=\"https:\/\/espaconews.com\/wp-content\/uploads\/sites\/142\/2025\/10\/DESTAQUE-ESPACO-56-1024x652.jpg\" alt=\"\" class=\"wp-image-2903\" srcset=\"http:\/\/espaconews.com\/wp-content\/uploads\/sites\/142\/2025\/10\/DESTAQUE-ESPACO-56-1024x652.jpg 1024w, http:\/\/espaconews.com\/wp-content\/uploads\/sites\/142\/2025\/10\/DESTAQUE-ESPACO-56-300x191.jpg 300w, http:\/\/espaconews.com\/wp-content\/uploads\/sites\/142\/2025\/10\/DESTAQUE-ESPACO-56-768x489.jpg 768w, http:\/\/espaconews.com\/wp-content\/uploads\/sites\/142\/2025\/10\/DESTAQUE-ESPACO-56-18x12.jpg 18w, http:\/\/espaconews.com\/wp-content\/uploads\/sites\/142\/2025\/10\/DESTAQUE-ESPACO-56.jpg 1100w\" sizes=\"(max-width: 1024px) 100vw, 1024px\" \/><figcaption class=\"wp-element-caption\">CANVA<\/figcaption><\/figure>\n<\/figure>\n\n\n\n<p>En savoir plus:\u00a0<a href=\"http:\/\/espaconews.com\/fr_ca\/sectores-con-mayor-crecimiento-en-2025\/\">Secteurs \u00e0 plus forte croissance en 2025<\/a><\/p>\n\n\n\n<h2 class=\"wp-block-heading\">Comment structurer son CV \u00e9tape par \u00e9tape<\/h2>\n\n\n\n<p><strong>En-t\u00eate et contact<\/strong>: nom complet, adresse courriel professionnelle, profil LinkedIn mis \u00e0 jour.<\/p>\n\n\n\n<p><strong>R\u00e9sum\u00e9 professionnel<\/strong>: maximum 3 lignes refl\u00e9tant votre proposition de valeur.<\/p>\n\n\n\n<p><strong>exp\u00e9rience professionnelle<\/strong>: les r\u00f4les les plus r\u00e9cents en premier, avec des r\u00e9alisations mesurables.<\/p>\n\n\n\n<p><strong>\u00c9ducation<\/strong>: titres, institutions et dates.<\/p>\n\n\n\n<p><strong>Comp\u00e9tences<\/strong>: class\u00e9s par pertinence par rapport au poste vacant.<\/p>\n\n\n\n<p><strong>Projets et r\u00e9alisations suppl\u00e9mentaires<\/strong>: fait preuve d&#039;initiative et obtient des r\u00e9sultats concrets.<\/p>\n\n\n\n<p><strong>Question rh\u00e9torique :<\/strong> Ne pr\u00e9f\u00e9reriez-vous pas que votre CV soit si convaincant que le recruteur n&#039;ait pas besoin de poser d&#039;autres questions ?<\/p>\n\n\n\n<h2 class=\"wp-block-heading\">Erreurs courantes et comment les \u00e9viter<\/h2>\n\n\n\n<p><strong>Informations obsol\u00e8tes<\/strong>Un CV comportant des exp\u00e9riences pass\u00e9es non pertinentes peut en diminuer la valeur.<\/p>\n\n\n\n<p><strong>Texte excessif<\/strong>Un CV doit \u00eatre clair et concis, pas un roman.<\/p>\n\n\n\n<p><strong>Fautes d&#039;orthographe<\/strong>Une seule erreur peut donner une impression n\u00e9gative imm\u00e9diate.<\/p>\n\n\n\n<p><strong>Format non professionnel<\/strong>\u00c9vitez les couleurs excessives, les polices de caract\u00e8res inhabituelles ou les designs distrayants.<\/p>\n\n\n\n<p>En 2025, plus que jamais, ce sont les d\u00e9tails qui font la diff\u00e9rence.<\/p>\n\n\n\n<p>De petits ajustements, comme une bonne typographie et un espacement appropri\u00e9, peuvent am\u00e9liorer la lisibilit\u00e9 et, par cons\u00e9quent, votre impact.<\/p>\n\n\n\n<h2 class=\"wp-block-heading\">Conclusion<\/h2>\n\n\n\n<p>Savoir <strong>Comment cr\u00e9er un CV gagnant en 2025<\/strong> C&#039;est une comp\u00e9tence indispensable pour tout professionnel souhaitant faire progresser sa carri\u00e8re.<\/p>\n\n\n\n<p>Un CV bien structur\u00e9, personnalis\u00e9 et visuellement attrayant, optimis\u00e9 pour les syst\u00e8mes de suivi des candidatures (ATS), augmente non seulement vos opportunit\u00e9s, mais refl\u00e8te \u00e9galement votre professionnalisme et votre engagement.<\/p>\n\n\n\n<p>N&#039;oubliez pas : chaque section doit communiquer votre valeur et votre potentiel de mani\u00e8re concr\u00e8te et mesurable.<\/p>\n\n\n\n<p>Consacrer du temps \u00e0 son CV, c&#039;est investir dans son avenir.<\/p>\n\n\n\n<p>Consid\u00e9rez-la comme votre carte de visite, qui vous ouvre la porte \u00e0 de nouvelles opportunit\u00e9s d&#039;emploi.<\/p>\n\n\n\n<p>En savoir plus:\u00a0<a href=\"http:\/\/espaconews.com\/fr_ca\/soft-skills-esenciales-para-el-futuro\/\">Comp\u00e9tences g\u00e9n\u00e9rales essentielles pour l&#039;avenir<\/a><\/p>\n\n\n\n<h2 class=\"wp-block-heading\">Foire aux questions (FAQ)<\/h2>\n\n\n\n<p><strong>1. Quelle doit \u00eatre la longueur d&#039;un CV efficace ?<\/strong><br>Id\u00e9alement, une \u00e0 deux pages suffisent. Cela doit mettre en valeur vos r\u00e9alisations sans submerger le recruteur.<\/p>\n\n\n\n<p><strong>2. Est-il n\u00e9cessaire d&#039;inclure une photo\u00a0?<\/strong><br>Au Mexique, ce n&#039;est pas obligatoire. N&#039;envoyez une photo que si elle est exig\u00e9e par l&#039;emploi, et assurez-vous qu&#039;elle soit de qualit\u00e9 professionnelle.<\/p>\n\n\n\n<p><strong>3. Comment mettre \u00e0 jour mon CV si je change de secteur d&#039;activit\u00e9 ?<\/strong><br>Mettez l&#039;accent sur les comp\u00e9tences transf\u00e9rables et les exp\u00e9riences pertinentes, en utilisant un format fonctionnel ou hybride.<\/p>\n\n\n\n<p><strong>4. Dois-je inclure des r\u00e9f\u00e9rences ?<\/strong><br>Uniquement si l&#039;entreprise le demande. Vous pouvez indiquer \u00ab R\u00e9f\u00e9rences disponibles sur demande \u00bb.<\/p>","protected":false},"excerpt":{"rendered":"<p>Si vous souhaitez vous d\u00e9marquer sur le march\u00e9 du travail concurrentiel d&#039;aujourd&#039;hui, apprendre \u00e0 cr\u00e9er un CV percutant en 2025 est la premi\u00e8re \u00e9tape vers la r\u00e9ussite professionnelle. Un CV efficace communique non seulement votre exp\u00e9rience et vos comp\u00e9tences, mais refl\u00e8te \u00e9galement votre personnalit\u00e9 et votre capacit\u00e9 d&#039;adaptation \u00e0 un environnement de travail en constante \u00e9volution. Dans cet article, [\u2026]<\/p>","protected":false},"author":219,"featured_media":2901,"comment_status":"closed","ping_status":"open","sticky":false,"template":"","format":"standard","meta":{"footnotes":""},"categories":[4],"tags":[],"yoast_head":"<!-- This site is optimized with the Yoast SEO plugin v23.3 - https:\/\/yoast.com\/wordpress\/plugins\/seo\/ -->\n<title>C\u00f3mo crear un curr\u00edculum ganador en 2025 - Espa\u00e7o News<\/title>\n<meta name=\"description\" content=\"Si est\u00e1s buscando destacarte en el competitivo mercado laboral actual, aprender c\u00f3mo crear un curr\u00edculum ganador en 2025 es tu primer paso...\" \/>\n<meta name=\"robots\" content=\"index, follow, max-snippet:-1, max-image-preview:large, max-video-preview:-1\" \/>\n<link rel=\"canonical\" href=\"http:\/\/espaconews.com\/fr_ca\/como-crear-un-curriculum-ganador-en-2025\/\" \/>\n<meta property=\"og:locale\" content=\"fr_CA\" \/>\n<meta property=\"og:type\" content=\"article\" \/>\n<meta property=\"og:title\" content=\"C\u00f3mo crear un curr\u00edculum ganador en 2025 - Espa\u00e7o News\" \/>\n<meta property=\"og:description\" content=\"Si est\u00e1s buscando destacarte en el competitivo mercado laboral actual, aprender c\u00f3mo crear un curr\u00edculum ganador en 2025 es tu primer paso...\" \/>\n<meta property=\"og:url\" content=\"http:\/\/espaconews.com\/fr_ca\/como-crear-un-curriculum-ganador-en-2025\/\" \/>\n<meta property=\"og:site_name\" content=\"Espa\u00e7o News\" \/>\n<meta property=\"article:published_time\" content=\"2025-10-30T23:14:54+00:00\" \/>\n<meta property=\"article:modified_time\" content=\"2025-10-30T23:15:12+00:00\" \/>\n<meta property=\"og:image\" content=\"http:\/\/espaconews.com\/wp-content\/uploads\/sites\/142\/2025\/10\/DESTAQUE-ESPACO-55.jpg\" \/>\n\t<meta property=\"og:image:width\" content=\"1100\" \/>\n\t<meta property=\"og:image:height\" content=\"700\" \/>\n\t<meta property=\"og:image:type\" content=\"image\/jpeg\" \/>\n<meta name=\"author\" content=\"Matheus Sangaletti\" \/>\n<meta name=\"twitter:card\" content=\"summary_large_image\" \/>\n<meta name=\"twitter:label1\" content=\"Written by\" \/>\n\t<meta name=\"twitter:data1\" content=\"Matheus Sangaletti\" \/>\n\t<meta name=\"twitter:label2\" content=\"Est. reading time\" \/>\n\t<meta name=\"twitter:data2\" content=\"7 minutes\" \/>\n<script type=\"application\/ld+json\" class=\"yoast-schema-graph\">{\"@context\":\"https:\/\/schema.org\",\"@graph\":[{\"@type\":\"WebPage\",\"@id\":\"http:\/\/espaconews.com\/fr\/como-crear-un-curriculum-ganador-en-2025\/\",\"url\":\"http:\/\/espaconews.com\/fr\/como-crear-un-curriculum-ganador-en-2025\/\",\"name\":\"C\u00f3mo crear un curr\u00edculum ganador en 2025 - Espa\u00e7o News\",\"isPartOf\":{\"@id\":\"https:\/\/espaconews.com\/#website\"},\"primaryImageOfPage\":{\"@id\":\"http:\/\/espaconews.com\/fr\/como-crear-un-curriculum-ganador-en-2025\/#primaryimage\"},\"image\":{\"@id\":\"http:\/\/espaconews.com\/fr\/como-crear-un-curriculum-ganador-en-2025\/#primaryimage\"},\"thumbnailUrl\":\"http:\/\/espaconews.com\/wp-content\/uploads\/sites\/142\/2025\/10\/DESTAQUE-ESPACO-55.jpg\",\"datePublished\":\"2025-10-30T23:14:54+00:00\",\"dateModified\":\"2025-10-30T23:15:12+00:00\",\"author\":{\"@id\":\"https:\/\/espaconews.com\/#\/schema\/person\/92fcd07e9b1f4323bf74f3170fc0f78a\"},\"description\":\"Si est\u00e1s buscando destacarte en el competitivo mercado laboral actual, aprender c\u00f3mo crear un curr\u00edculum ganador en 2025 es tu primer paso...\",\"breadcrumb\":{\"@id\":\"http:\/\/espaconews.com\/fr\/como-crear-un-curriculum-ganador-en-2025\/#breadcrumb\"},\"inLanguage\":\"fr-CA\",\"potentialAction\":[{\"@type\":\"ReadAction\",\"target\":[\"http:\/\/espaconews.com\/fr\/como-crear-un-curriculum-ganador-en-2025\/\"]}]},{\"@type\":\"ImageObject\",\"inLanguage\":\"fr-CA\",\"@id\":\"http:\/\/espaconews.com\/fr\/como-crear-un-curriculum-ganador-en-2025\/#primaryimage\",\"url\":\"http:\/\/espaconews.com\/wp-content\/uploads\/sites\/142\/2025\/10\/DESTAQUE-ESPACO-55.jpg\",\"contentUrl\":\"http:\/\/espaconews.com\/wp-content\/uploads\/sites\/142\/2025\/10\/DESTAQUE-ESPACO-55.jpg\",\"width\":1100,\"height\":700},{\"@type\":\"BreadcrumbList\",\"@id\":\"http:\/\/espaconews.com\/fr\/como-crear-un-curriculum-ganador-en-2025\/#breadcrumb\",\"itemListElement\":[{\"@type\":\"ListItem\",\"position\":1,\"name\":\"Home\",\"item\":\"https:\/\/espaconews.com\/\"},{\"@type\":\"ListItem\",\"position\":2,\"name\":\"C\u00f3mo crear un curr\u00edculum ganador en 2025\"}]},{\"@type\":\"WebSite\",\"@id\":\"https:\/\/espaconews.com\/#website\",\"url\":\"https:\/\/espaconews.com\/\",\"name\":\"Espa\u00e7o News\",\"description\":\"\",\"potentialAction\":[{\"@type\":\"SearchAction\",\"target\":{\"@type\":\"EntryPoint\",\"urlTemplate\":\"https:\/\/espaconews.com\/?s={search_term_string}\"},\"query-input\":\"required name=search_term_string\"}],\"inLanguage\":\"fr-CA\"},{\"@type\":\"Person\",\"@id\":\"https:\/\/espaconews.com\/#\/schema\/person\/92fcd07e9b1f4323bf74f3170fc0f78a\",\"name\":\"Matheus Sangaletti\",\"image\":{\"@type\":\"ImageObject\",\"inLanguage\":\"fr-CA\",\"@id\":\"https:\/\/espaconews.com\/#\/schema\/person\/image\/\",\"url\":\"http:\/\/2.gravatar.com\/avatar\/280ea957a14a48e6a1ad2133d2cc27c9?s=96&d=mm&r=g\",\"contentUrl\":\"http:\/\/2.gravatar.com\/avatar\/280ea957a14a48e6a1ad2133d2cc27c9?s=96&d=mm&r=g\",\"caption\":\"Matheus Sangaletti\"},\"url\":\"http:\/\/espaconews.com\/fr_ca\/author\/matheuss\/\"}]}<\/script>\n<!-- \/ Yoast SEO plugin. -->","yoast_head_json":{"title":"C\u00f3mo crear un curr\u00edculum ganador en 2025 - Espa\u00e7o News","description":"Si est\u00e1s buscando destacarte en el competitivo mercado laboral actual, aprender c\u00f3mo crear un curr\u00edculum ganador en 2025 es tu primer paso...","robots":{"index":"index","follow":"follow","max-snippet":"max-snippet:-1","max-image-preview":"max-image-preview:large","max-video-preview":"max-video-preview:-1"},"canonical":"http:\/\/espaconews.com\/fr_ca\/como-crear-un-curriculum-ganador-en-2025\/","og_locale":"fr_CA","og_type":"article","og_title":"C\u00f3mo crear un curr\u00edculum ganador en 2025 - Espa\u00e7o News","og_description":"Si est\u00e1s buscando destacarte en el competitivo mercado laboral actual, aprender c\u00f3mo crear un curr\u00edculum ganador en 2025 es tu primer paso...","og_url":"http:\/\/espaconews.com\/fr_ca\/como-crear-un-curriculum-ganador-en-2025\/","og_site_name":"Espa\u00e7o News","article_published_time":"2025-10-30T23:14:54+00:00","article_modified_time":"2025-10-30T23:15:12+00:00","og_image":[{"width":1100,"height":700,"url":"http:\/\/espaconews.com\/wp-content\/uploads\/sites\/142\/2025\/10\/DESTAQUE-ESPACO-55.jpg","type":"image\/jpeg"}],"author":"Matheus Sangaletti","twitter_card":"summary_large_image","twitter_misc":{"Written by":"Matheus Sangaletti","Est. reading time":"7 minutes"},"schema":{"@context":"https:\/\/schema.org","@graph":[{"@type":"WebPage","@id":"http:\/\/espaconews.com\/fr\/como-crear-un-curriculum-ganador-en-2025\/","url":"http:\/\/espaconews.com\/fr\/como-crear-un-curriculum-ganador-en-2025\/","name":"C\u00f3mo crear un curr\u00edculum ganador en 2025 - Espa\u00e7o News","isPartOf":{"@id":"https:\/\/espaconews.com\/#website"},"primaryImageOfPage":{"@id":"http:\/\/espaconews.com\/fr\/como-crear-un-curriculum-ganador-en-2025\/#primaryimage"},"image":{"@id":"http:\/\/espaconews.com\/fr\/como-crear-un-curriculum-ganador-en-2025\/#primaryimage"},"thumbnailUrl":"http:\/\/espaconews.com\/wp-content\/uploads\/sites\/142\/2025\/10\/DESTAQUE-ESPACO-55.jpg","datePublished":"2025-10-30T23:14:54+00:00","dateModified":"2025-10-30T23:15:12+00:00","author":{"@id":"https:\/\/espaconews.com\/#\/schema\/person\/92fcd07e9b1f4323bf74f3170fc0f78a"},"description":"Si est\u00e1s buscando destacarte en el competitivo mercado laboral actual, aprender c\u00f3mo crear un curr\u00edculum ganador en 2025 es tu primer paso...","breadcrumb":{"@id":"http:\/\/espaconews.com\/fr\/como-crear-un-curriculum-ganador-en-2025\/#breadcrumb"},"inLanguage":"fr-CA","potentialAction":[{"@type":"ReadAction","target":["http:\/\/espaconews.com\/fr\/como-crear-un-curriculum-ganador-en-2025\/"]}]},{"@type":"ImageObject","inLanguage":"fr-CA","@id":"http:\/\/espaconews.com\/fr\/como-crear-un-curriculum-ganador-en-2025\/#primaryimage","url":"http:\/\/espaconews.com\/wp-content\/uploads\/sites\/142\/2025\/10\/DESTAQUE-ESPACO-55.jpg","contentUrl":"http:\/\/espaconews.com\/wp-content\/uploads\/sites\/142\/2025\/10\/DESTAQUE-ESPACO-55.jpg","width":1100,"height":700},{"@type":"BreadcrumbList","@id":"http:\/\/espaconews.com\/fr\/como-crear-un-curriculum-ganador-en-2025\/#breadcrumb","itemListElement":[{"@type":"ListItem","position":1,"name":"Home","item":"https:\/\/espaconews.com\/"},{"@type":"ListItem","position":2,"name":"C\u00f3mo crear un curr\u00edculum ganador en 2025"}]},{"@type":"WebSite","@id":"https:\/\/espaconews.com\/#website","url":"https:\/\/espaconews.com\/","name":"Espa\u00e7o News","description":"","potentialAction":[{"@type":"SearchAction","target":{"@type":"EntryPoint","urlTemplate":"https:\/\/espaconews.com\/?s={search_term_string}"},"query-input":"required name=search_term_string"}],"inLanguage":"fr-CA"},{"@type":"Person","@id":"https:\/\/espaconews.com\/#\/schema\/person\/92fcd07e9b1f4323bf74f3170fc0f78a","name":"Matheus Sangaletti","image":{"@type":"ImageObject","inLanguage":"fr-CA","@id":"https:\/\/espaconews.com\/#\/schema\/person\/image\/","url":"http:\/\/2.gravatar.com\/avatar\/280ea957a14a48e6a1ad2133d2cc27c9?s=96&d=mm&r=g","contentUrl":"http:\/\/2.gravatar.com\/avatar\/280ea957a14a48e6a1ad2133d2cc27c9?s=96&d=mm&r=g","caption":"Matheus Sangaletti"},"url":"http:\/\/espaconews.com\/fr_ca\/author\/matheuss\/"}]}},"_links":{"self":[{"href":"http:\/\/espaconews.com\/fr_ca\/wp-json\/wp\/v2\/posts\/2900"}],"collection":[{"href":"http:\/\/espaconews.com\/fr_ca\/wp-json\/wp\/v2\/posts"}],"about":[{"href":"http:\/\/espaconews.com\/fr_ca\/wp-json\/wp\/v2\/types\/post"}],"author":[{"embeddable":true,"href":"http:\/\/espaconews.com\/fr_ca\/wp-json\/wp\/v2\/users\/219"}],"replies":[{"embeddable":true,"href":"http:\/\/espaconews.com\/fr_ca\/wp-json\/wp\/v2\/comments?post=2900"}],"version-history":[{"count":1,"href":"http:\/\/espaconews.com\/fr_ca\/wp-json\/wp\/v2\/posts\/2900\/revisions"}],"predecessor-version":[{"id":2904,"href":"http:\/\/espaconews.com\/fr_ca\/wp-json\/wp\/v2\/posts\/2900\/revisions\/2904"}],"wp:featuredmedia":[{"embeddable":true,"href":"http:\/\/espaconews.com\/fr_ca\/wp-json\/wp\/v2\/media\/2901"}],"wp:attachment":[{"href":"http:\/\/espaconews.com\/fr_ca\/wp-json\/wp\/v2\/media?parent=2900"}],"wp:term":[{"taxonomy":"category","embeddable":true,"href":"http:\/\/espaconews.com\/fr_ca\/wp-json\/wp\/v2\/categories?post=2900"},{"taxonomy":"post_tag","embeddable":true,"href":"http:\/\/espaconews.com\/fr_ca\/wp-json\/wp\/v2\/tags?post=2900"}],"curies":[{"name":"wp","href":"https:\/\/api.w.org\/{rel}","templated":true}]}}