{"id":2895,"date":"2025-10-29T16:41:48","date_gmt":"2025-10-29T19:41:48","guid":{"rendered":"https:\/\/espaconews.com\/?p=2895"},"modified":"2025-10-29T16:41:53","modified_gmt":"2025-10-29T19:41:53","slug":"beneficios-para-madres-y-padres-trabajadores","status":"publish","type":"post","link":"http:\/\/espaconews.com\/fr_ca\/beneficios-para-madres-y-padres-trabajadores\/","title":{"rendered":"Avantages pour les m\u00e8res et les p\u00e8res qui travaillent"},"content":{"rendered":"<p class=\"has-text-align-center\">Au Mexique, <strong>avantages pour les m\u00e8res et les p\u00e8res qui travaillent<\/strong> Leur soutien va bien au-del\u00e0 d&#039;une simple aide financi\u00e8re\u00a0:<\/p>\n\n\n\n<figure class=\"wp-block-gallery aligncenter has-nested-images columns-default is-cropped wp-block-gallery-1 is-layout-flex wp-block-gallery-is-layout-flex\">\n<figure class=\"wp-block-image size-full\"><img loading=\"lazy\" decoding=\"async\" width=\"550\" height=\"350\" data-id=\"2897\" src=\"https:\/\/espaconews.com\/wp-content\/uploads\/sites\/142\/2025\/10\/DESTAQUE-ESPACO-54-1.jpg\" alt=\"\" class=\"wp-image-2897\" srcset=\"http:\/\/espaconews.com\/wp-content\/uploads\/sites\/142\/2025\/10\/DESTAQUE-ESPACO-54-1.jpg 550w, http:\/\/espaconews.com\/wp-content\/uploads\/sites\/142\/2025\/10\/DESTAQUE-ESPACO-54-1-300x191.jpg 300w, http:\/\/espaconews.com\/wp-content\/uploads\/sites\/142\/2025\/10\/DESTAQUE-ESPACO-54-1-18x12.jpg 18w\" sizes=\"(max-width: 550px) 100vw, 550px\" \/><figcaption class=\"wp-element-caption\">CANVA<\/figcaption><\/figure>\n<\/figure>\n\n\n\n<p class=\"has-text-align-center\">Ce sont des droits et des programmes con\u00e7us pour concilier vie professionnelle et parentalit\u00e9.<\/p>\n\n\n\n<p class=\"has-text-align-center\">Selon l&#039;INEGI, environ 11 % des m\u00e9nages sont dirig\u00e9s par une seule personne (m\u00e8re, p\u00e8re ou tuteur), ce qui souligne le besoin urgent d&#039;un soutien solide.<\/p>\n\n\n\n<p>Par exemple, le Programme de soutien au bien-\u00eatre des enfants de m\u00e8res qui travaillent offre un soutien financier bimensuel aux parents qui travaillent, \u00e9tudient ou recherchent un emploi et qui ne disposent pas de services de garde d&#039;enfants.<\/p>\n\n\n\n<p>De plus, la loi f\u00e9d\u00e9rale sur le travail reconna\u00eet des droits sp\u00e9cifiques aux p\u00e8res, tels que le cong\u00e9 de paternit\u00e9 et les services de garde d&#039;enfants pour les enfants des travailleurs assur\u00e9s.<\/p>\n\n\n\n<p>Une bonne analogie pour le comprendre :<\/p>\n\n\n\n<p>B\u00e9n\u00e9ficier de ces avantages, c&#039;est comme avoir une rampe de s\u00e9curit\u00e9 dans un escalier\u00a0: cela n&#039;\u00e9limine pas compl\u00e8tement l&#039;effort, mais cela r\u00e9duit consid\u00e9rablement le risque de chute.<\/p>\n\n\n\n<p>Dans ce cas, cela permet de veiller \u00e0 ce que les efforts li\u00e9s au travail et aux soins ne conduisent pas \u00e0 un \u00e9puisement extr\u00eame.<\/p>\n\n\n\n<h2 class=\"wp-block-heading\">Principaux avantages sociaux et d&#039;emploi disponibles<\/h2>\n\n\n\n<p>Lors de l&#039;examen des prestations disponibles, il est conseill\u00e9 de les regrouper selon leur nature\u00a0: soutien financier, droits des travailleurs et services de soins.<\/p>\n\n\n\n<h3 class=\"wp-block-heading\"><strong>soutien financier direct<\/strong><\/h3>\n\n\n\n<p>Le programme susmentionn\u00e9 (Enfants de m\u00e8res qui travaillent) pr\u00e9voit des montants de [les montants suivants] \u00e0 compter de 2025 <strong>$1 650 MXN tous les deux mois<\/strong> pour les enfants jusqu&#039;\u00e0 4 ans et <strong>$3 720 MXN tous les deux mois<\/strong> pour les enfants handicap\u00e9s jusqu&#039;\u00e0 6 ans.<\/p>\n\n\n\n<p>Cette mesure permet aux m\u00e8res, aux p\u00e8res c\u00e9libataires ou aux tuteurs de maintenir une activit\u00e9 professionnelle ou scolaire sans n\u00e9gliger la prise en charge des mineurs.<br><\/p>\n\n\n\n<p>Ce sont des exemples concrets de la mani\u00e8re dont <strong>avantages pour les m\u00e8res et les p\u00e8res qui travaillent<\/strong> Cela peut se traduire par un all\u00e8gement direct du budget familial et une plus grande tranquillit\u00e9 d&#039;esprit permettant de se concentrer sur le travail.<\/p>\n\n\n\n<h3 class=\"wp-block-heading\"><strong>droits des travailleurs et services de soins<\/strong><\/h3>\n\n\n\n<p>La loi f\u00e9d\u00e9rale sur le travail \u00e9tablit que les p\u00e8res ont droit \u00e0 un cong\u00e9 de paternit\u00e9 (traditionnellement cinq jours ouvrables r\u00e9mun\u00e9r\u00e9s).<\/p>\n\n\n\n<p>Les travailleurs assur\u00e9s par l&#039;IMSS ont acc\u00e8s \u00e0 des garderies pour les enfants de moins de 4 ans, ce qui facilite le maintien en emploi des m\u00e8res et des p\u00e8res.<\/p>\n\n\n\n<p>Dans le secteur priv\u00e9, des organisations comme l&#039;UNICEF recommandent des modalit\u00e9s de travail flexibles, le t\u00e9l\u00e9travail et un soutien direct aux parents pour couvrir les besoins de garde d&#039;enfants, ce qui renforce la cat\u00e9gorie des avantages pour les m\u00e8res et les p\u00e8res qui travaillent.<\/p>\n\n\n\n<h3 class=\"wp-block-heading\"><strong>services de garde d&#039;enfants et de soins structurels<\/strong><\/h3>\n\n\n\n<p>Bien qu\u2019il ne soit plus en vigueur sous sa forme originale, le programme de garde d\u2019enfants destin\u00e9 \u00e0 soutenir les m\u00e8res qui travaillent, mis en place les ann\u00e9es pr\u00e9c\u00e9dentes, a fait jurisprudence en subventionnant la garde d\u2019enfants pour les m\u00e8res qui travaillaient, \u00e9tudiaient ou cherchaient un emploi. <\/p>\n\n\n\n<p><br>Ce type de service est un \u00e9l\u00e9ment essentiel des avantages sociaux offerts aux m\u00e8res et aux p\u00e8res qui travaillent, car il leur permet de lib\u00e9rer une partie du temps et des efforts que la garde d&#039;enfants absorberait normalement.<\/p>\n\n\n\n<h2 class=\"wp-block-heading\">Comment acc\u00e9der \u00e0 ces avantages et les maximiser<\/h2>\n\n\n\n<p>Disposer de l&#039;information est utile\u00a0; l&#039;appliquer est essentiel. Voici quelques strat\u00e9gies pour vous aider \u00e0 en tirer le meilleur parti. <strong>avantages pour les m\u00e8res et les p\u00e8res qui travaillent<\/strong>.<\/p>\n\n\n\n<h3 class=\"wp-block-heading\"><strong>1. V\u00e9rifiez votre admissibilit\u00e9 et vos documents.<\/strong><\/h3>\n\n\n\n<p>Pour \u00eatre admissible aux avantages \u00e9conomiques f\u00e9d\u00e9raux en 2025, il est important de satisfaire \u00e0 certaines exigences\u00a0:<\/p>\n\n\n\n<p>\u00catre une m\u00e8re, un p\u00e8re c\u00e9libataire ou le tuteur d&#039;un mineur r\u00e9pondant aux crit\u00e8res d&#039;\u00e2ge (jusqu&#039;\u00e0 4 ans ou jusqu&#039;\u00e0 6 ans en cas de handicap).<\/p>\n\n\n\n<p>\u00catre employ\u00e9, \u00e9tudier ou chercher un emploi.<\/p>\n\n\n\n<p>Manque d&#039;acc\u00e8s aux services de garde d&#039;enfants institutionnels.<\/p>\n\n\n\n<p>Pr\u00e9senter une pi\u00e8ce d&#039;identit\u00e9 officielle, le CURP des personnes impliqu\u00e9es, l&#039;acte de naissance du mineur, un justificatif de domicile.<\/p>\n\n\n\n<h3 class=\"wp-block-heading\"><strong>2. Examinez les droits des travailleurs dans votre entreprise ou votre secteur.<\/strong><\/h3>\n\n\n\n<p>V\u00e9rifiez si votre entreprise propose des horaires de travail flexibles, le t\u00e9l\u00e9travail ou une garderie sur place, qui peuvent compl\u00e9ter les avantages sociaux officiels.<\/p>\n\n\n\n<p>V\u00e9rifiez si votre contrat ou accord pr\u00e9voit des am\u00e9liorations au cong\u00e9 de paternit\u00e9 ou de maternit\u00e9 au-del\u00e0 du minimum l\u00e9gal.<br><\/p>\n\n\n\n<p>Ces mesures permettent aux m\u00e8res et aux p\u00e8res qui travaillent de mieux profiter des prestations et de ne pas d\u00e9pendre uniquement du minimum requis.<\/p>\n\n\n\n<h3 class=\"wp-block-heading\"><strong>3. Planifier comment int\u00e9grer le soutien au budget et aux activit\u00e9s courantes<\/strong><\/h3>\n\n\n\n<p>Exemple 1 : Une m\u00e8re qui travaille de nuit d\u00e9cide d&#039;utiliser l&#039;aide financi\u00e8re bimensuelle pour embaucher une garderie locale avec des heures d&#039;ouverture prolong\u00e9es, ce qui lui permet de travailler sans interruption.<\/p>\n\n\n\n<p><br>Exemple 2 : Un p\u00e8re qui travaille \u00e0 distance n\u00e9gocie avec son employeur une semaine de travail comprim\u00e9e de quatre jours ; le r\u00e9sultat : plus de temps avec son fils et moins de stress li\u00e9 \u00e0 la circulation ou aux trajets domicile-travail.<\/p>\n\n\n\n<p><br>Ces images montrent que les avantages sociaux accord\u00e9s aux m\u00e8res et aux p\u00e8res qui travaillent peuvent devenir des leviers pour am\u00e9liorer \u00e0 la fois la productivit\u00e9 et le bien-\u00eatre.<\/p>\n\n\n\n<h3 class=\"wp-block-heading\"><strong>4. Tenez votre statut \u00e0 jour et assurez-vous de suivre les proc\u00e9dures.<\/strong><\/h3>\n\n\n\n<p>Ces programmes exigent que vous renouveliez ou ratifiiez vos donn\u00e9es, par exemple en participant \u00e0 des visites \u00e0 domicile ou en confirmant l&#039;exactitude de vos donn\u00e9es.<\/p>\n\n\n\n<p>En cas de changement de votre situation (emploi, adresse, etc.), il est conseill\u00e9 de nous en informer afin d&#039;\u00e9viter toute perte de soutien.<\/p>\n\n\n\n<p><br>Ce type de suivi permet de garantir le maintien des avantages accord\u00e9s aux m\u00e8res et aux p\u00e8res qui travaillent.<\/p>\n\n\n\n<h2 class=\"wp-block-heading\">Tableau r\u00e9capitulatif des montants et des m\u00e9thodes<\/h2>\n\n\n\n<figure class=\"wp-block-table\"><table><thead><tr><th>Modalit\u00e9s du programme<\/th><th>\u00c2ge de l&#039;enfant<\/th><th>Montant bimensuel estim\u00e9 pour 2025<\/th><\/tr><\/thead><tbody><tr><td>Enfants jusqu&#039;\u00e0 4 ans<\/td><td>De la naissance jusqu&#039;\u00e0 la veille de ses 4 ans<\/td><td><strong>$1 650 MXN<\/strong><\/td><\/tr><tr><td>Enfants handicap\u00e9s jusqu&#039;\u00e0 6 ans<\/td><td>De la naissance jusqu&#039;\u00e0 la veille de ses 6 ans<\/td><td><strong>$3 720 MXN<\/strong><\/td><\/tr><\/tbody><\/table><figcaption class=\"wp-element-caption\">avantages pour les m\u00e8res et les p\u00e8res qui travaillent<br><\/figcaption><\/figure>\n\n\n\n<p>Ce tableau illustre comment les prestations destin\u00e9es aux m\u00e8res et aux p\u00e8res qui travaillent sont structur\u00e9es selon diff\u00e9rentes situations, facilitant ainsi la conciliation entre vie familiale et professionnelle.<\/p>\n\n\n\n<figure class=\"wp-block-gallery aligncenter has-nested-images columns-default is-cropped wp-block-gallery-2 is-layout-flex wp-block-gallery-is-layout-flex\">\n<figure class=\"wp-block-image size-full\"><img loading=\"lazy\" decoding=\"async\" width=\"550\" height=\"350\" data-id=\"2898\" src=\"https:\/\/espaconews.com\/wp-content\/uploads\/sites\/142\/2025\/10\/DESTAQUE-ESPACO-53.jpg\" alt=\"\" class=\"wp-image-2898\" srcset=\"http:\/\/espaconews.com\/wp-content\/uploads\/sites\/142\/2025\/10\/DESTAQUE-ESPACO-53.jpg 550w, http:\/\/espaconews.com\/wp-content\/uploads\/sites\/142\/2025\/10\/DESTAQUE-ESPACO-53-300x191.jpg 300w, http:\/\/espaconews.com\/wp-content\/uploads\/sites\/142\/2025\/10\/DESTAQUE-ESPACO-53-18x12.jpg 18w\" sizes=\"(max-width: 550px) 100vw, 550px\" \/><figcaption class=\"wp-element-caption\">CANVA<\/figcaption><\/figure>\n<\/figure>\n\n\n\n<p>En savoir plus:\u00a0<a href=\"http:\/\/espaconews.com\/fr_ca\/beneficios-sociales-mas-importantes-en-2025\/\">Les principales prestations sociales en 2025<\/a><\/p>\n\n\n\n<h2 class=\"wp-block-heading\">Points cl\u00e9s \u00e0 prendre en compte et limitations \u00e0 garder \u00e0 l&#039;esprit<\/h2>\n\n\n\n<p>Bien que ces avantages soient pr\u00e9cieux, il est \u00e9galement important d&#039;en conna\u00eetre les limites afin d&#039;\u00e9viter des attentes irr\u00e9alistes.<\/p>\n\n\n\n<p>Les programmes de soutien ne couvrent pas tous les besoins en mati\u00e8re de garde d&#039;enfants\u00a0: la participation active des parents, le choix de cr\u00e8ches priv\u00e9es ou d&#039;autres solutions restent n\u00e9cessaires.<\/p>\n\n\n\n<p>Certains droits des travailleurs d\u00e9pendent de l&#039;entreprise ou de la convention collective ; autrement dit, les avantages r\u00e9els varient selon l&#039;employeur.<\/p>\n\n\n\n<p>Les montants financiers peuvent ne pas couvrir toutes les d\u00e9penses li\u00e9es au travail et les frais de garde d&#039;enfants ; ils doivent \u00eatre combin\u00e9s \u00e0 d&#039;autres strat\u00e9gies de gestion du temps et des ressources.<\/p>\n\n\n\n<h2 class=\"wp-block-heading\">Conclusion<\/h2>\n\n\n\n<p>Le <strong>avantages pour les m\u00e8res et les p\u00e8res qui travaillent<\/strong> Au Mexique, elles offrent une r\u00e9elle opportunit\u00e9 de concilier vie professionnelle et garde d&#039;enfants, d&#039;am\u00e9liorer la productivit\u00e9 et de r\u00e9duire le fardeau \u00e9conomique et \u00e9motionnel li\u00e9 \u00e0 l&#039;\u00e9ducation des enfants.<\/p>\n\n\n\n<p>En combinant soutien financier, droits des travailleurs et services de soins avec une strat\u00e9gie personnelle de gestion du temps et des ressources, vous cr\u00e9ez un impact concret sur votre bien-\u00eatre.<\/p>\n\n\n\n<p>Pourquoi attendre que quelqu&#039;un d&#039;autre le fasse alors que vous pouvez profiter de ces avantages d\u00e8s aujourd&#039;hui ?<\/p>\n\n\n\n<p>En vous informant, en faisant des recherches et en planifiant, vous mettez ces ressources \u00e0 votre service, et non l&#039;inverse.<\/p>\n\n\n\n<p>Commencez par examiner le type de soutien que vous pouvez demander ce mois-ci et int\u00e9grez-le \u00e0 votre strat\u00e9gie familiale et professionnelle.<\/p>\n\n\n\n<p>En savoir plus:\u00a0<a href=\"http:\/\/espaconews.com\/fr_ca\/como-ahorrar-en-facturas-de-electricidad\/\">Comment r\u00e9duire ses factures d&#039;\u00e9lectricit\u00e9<\/a><\/p>\n\n\n\n<h2 class=\"wp-block-heading\">Foire aux questions (FAQ)<\/h2>\n\n\n\n<p><strong>Qui peut demander des allocations de garde d&#039;enfants ?<\/strong><br><\/p>\n\n\n\n<p>Toute m\u00e8re, p\u00e8re c\u00e9libataire ou tuteur qui travaille, \u00e9tudie ou recherche un emploi et qui a des enfants mineurs dans les tranches d&#039;\u00e2ge stipul\u00e9es (jusqu&#039;\u00e0 4 ans ou jusqu&#039;\u00e0 6 ans en cas de handicap) et qui n&#039;a pas acc\u00e8s aux services publics de garde d&#039;enfants.<\/p>\n\n\n\n<p><strong>Combien de temps dure le soutien financier\u00a0?<\/strong><br>Cela d\u00e9pend de l&#039;\u00e2ge de l&#039;enfant et du type de programme ; par exemple, jusqu&#039;\u00e0 peu avant ses 4 ans, ou jusqu&#039;\u00e0 6 ans en cas de handicap.<\/p>\n\n\n\n<p>Les exigences peuvent alors changer. <\/p>\n\n\n\n<p><strong>Peut-il \u00eatre combin\u00e9 avec d&#039;autres droits des travailleurs\u00a0?<\/strong><br><\/p>\n\n\n\n<p>Oui. Les avantages sociaux sont compl\u00e9t\u00e9s par des droits du travail tels que la garde d&#039;enfants IMSS ou les cong\u00e9s de paternit\u00e9\/maternit\u00e9, en plus des politiques internes de l&#039;entreprise qui favorisent l&#039;\u00e9quilibre entre vie professionnelle et vie personnelle.<\/p>\n\n\n\n<p><strong>Que se passe-t-il si je change de travail ou si j&#039;arr\u00eate mes \u00e9tudes\u00a0? Est-ce que je perds mon soutien\u00a0?<\/strong><br>Si vous modifiez votre activit\u00e9 ou votre statut professionnel, il est recommand\u00e9 d&#039;en informer le programme concern\u00e9 afin de confirmer que vous continuez \u00e0 remplir les conditions requises.<\/p>\n\n\n\n<p>Certaines modifications peuvent affecter l&#039;admissibilit\u00e9.<\/p>","protected":false},"excerpt":{"rendered":"<p>Au Mexique, les avantages accord\u00e9s aux m\u00e8res et aux p\u00e8res qui travaillent ne se limitent pas \u00e0 un simple soutien financier\u00a0: il s\u2019agit de droits et de programmes con\u00e7us pour concilier travail et parentalit\u00e9. Selon l\u2019INEGI, environ 11\u00a0% des m\u00e9nages sont dirig\u00e9s par une seule personne (m\u00e8re, p\u00e8re ou tuteur), ce qui souligne l\u2019urgence de la situation.<\/p>","protected":false},"author":219,"featured_media":2896,"comment_status":"closed","ping_status":"open","sticky":false,"template":"","format":"standard","meta":{"footnotes":""},"categories":[3],"tags":[],"yoast_head":"<!-- This site is optimized with the Yoast SEO plugin v23.3 - https:\/\/yoast.com\/wordpress\/plugins\/seo\/ -->\n<title>Beneficios para madres y padres trabajadores - Espa\u00e7o News<\/title>\n<meta name=\"description\" content=\"En M\u00e9xico, los beneficios para madres y padres trabajadores van m\u00e1s all\u00e1 de un simple apoyo econ\u00f3mico: Son derechos y programas dise\u00f1ados...\" \/>\n<meta name=\"robots\" content=\"index, follow, max-snippet:-1, max-image-preview:large, max-video-preview:-1\" \/>\n<link rel=\"canonical\" href=\"http:\/\/espaconews.com\/fr_ca\/beneficios-para-madres-y-padres-trabajadores\/\" \/>\n<meta property=\"og:locale\" content=\"fr_CA\" \/>\n<meta property=\"og:type\" content=\"article\" \/>\n<meta property=\"og:title\" content=\"Beneficios para madres y padres trabajadores - Espa\u00e7o News\" \/>\n<meta property=\"og:description\" content=\"En M\u00e9xico, los beneficios para madres y padres trabajadores van m\u00e1s all\u00e1 de un simple apoyo econ\u00f3mico: Son derechos y programas dise\u00f1ados...\" \/>\n<meta property=\"og:url\" content=\"http:\/\/espaconews.com\/fr_ca\/beneficios-para-madres-y-padres-trabajadores\/\" \/>\n<meta property=\"og:site_name\" content=\"Espa\u00e7o News\" \/>\n<meta property=\"article:published_time\" content=\"2025-10-29T19:41:48+00:00\" \/>\n<meta property=\"article:modified_time\" content=\"2025-10-29T19:41:53+00:00\" \/>\n<meta property=\"og:image\" content=\"http:\/\/espaconews.com\/wp-content\/uploads\/sites\/142\/2025\/10\/DESTAQUE-ESPACO-54.jpg\" \/>\n\t<meta property=\"og:image:width\" content=\"550\" \/>\n\t<meta property=\"og:image:height\" content=\"350\" \/>\n\t<meta property=\"og:image:type\" content=\"image\/jpeg\" \/>\n<meta name=\"author\" content=\"Matheus Sangaletti\" \/>\n<meta name=\"twitter:card\" content=\"summary_large_image\" \/>\n<meta name=\"twitter:label1\" content=\"Written by\" \/>\n\t<meta name=\"twitter:data1\" content=\"Matheus Sangaletti\" \/>\n\t<meta name=\"twitter:label2\" content=\"Est. reading time\" \/>\n\t<meta name=\"twitter:data2\" content=\"8 minutes\" \/>\n<script type=\"application\/ld+json\" class=\"yoast-schema-graph\">{\"@context\":\"https:\/\/schema.org\",\"@graph\":[{\"@type\":\"WebPage\",\"@id\":\"http:\/\/espaconews.com\/fr\/beneficios-para-madres-y-padres-trabajadores\/\",\"url\":\"http:\/\/espaconews.com\/fr\/beneficios-para-madres-y-padres-trabajadores\/\",\"name\":\"Beneficios para madres y padres trabajadores - Espa\u00e7o News\",\"isPartOf\":{\"@id\":\"https:\/\/espaconews.com\/#website\"},\"primaryImageOfPage\":{\"@id\":\"http:\/\/espaconews.com\/fr\/beneficios-para-madres-y-padres-trabajadores\/#primaryimage\"},\"image\":{\"@id\":\"http:\/\/espaconews.com\/fr\/beneficios-para-madres-y-padres-trabajadores\/#primaryimage\"},\"thumbnailUrl\":\"http:\/\/espaconews.com\/wp-content\/uploads\/sites\/142\/2025\/10\/DESTAQUE-ESPACO-54.jpg\",\"datePublished\":\"2025-10-29T19:41:48+00:00\",\"dateModified\":\"2025-10-29T19:41:53+00:00\",\"author\":{\"@id\":\"https:\/\/espaconews.com\/#\/schema\/person\/92fcd07e9b1f4323bf74f3170fc0f78a\"},\"description\":\"En M\u00e9xico, los beneficios para madres y padres trabajadores van m\u00e1s all\u00e1 de un simple apoyo econ\u00f3mico: Son derechos y programas dise\u00f1ados...\",\"breadcrumb\":{\"@id\":\"http:\/\/espaconews.com\/fr\/beneficios-para-madres-y-padres-trabajadores\/#breadcrumb\"},\"inLanguage\":\"fr-CA\",\"potentialAction\":[{\"@type\":\"ReadAction\",\"target\":[\"http:\/\/espaconews.com\/fr\/beneficios-para-madres-y-padres-trabajadores\/\"]}]},{\"@type\":\"ImageObject\",\"inLanguage\":\"fr-CA\",\"@id\":\"http:\/\/espaconews.com\/fr\/beneficios-para-madres-y-padres-trabajadores\/#primaryimage\",\"url\":\"http:\/\/espaconews.com\/wp-content\/uploads\/sites\/142\/2025\/10\/DESTAQUE-ESPACO-54.jpg\",\"contentUrl\":\"http:\/\/espaconews.com\/wp-content\/uploads\/sites\/142\/2025\/10\/DESTAQUE-ESPACO-54.jpg\",\"width\":550,\"height\":350},{\"@type\":\"BreadcrumbList\",\"@id\":\"http:\/\/espaconews.com\/fr\/beneficios-para-madres-y-padres-trabajadores\/#breadcrumb\",\"itemListElement\":[{\"@type\":\"ListItem\",\"position\":1,\"name\":\"Home\",\"item\":\"https:\/\/espaconews.com\/\"},{\"@type\":\"ListItem\",\"position\":2,\"name\":\"Beneficios para madres y padres trabajadores\"}]},{\"@type\":\"WebSite\",\"@id\":\"https:\/\/espaconews.com\/#website\",\"url\":\"https:\/\/espaconews.com\/\",\"name\":\"Espa\u00e7o News\",\"description\":\"\",\"potentialAction\":[{\"@type\":\"SearchAction\",\"target\":{\"@type\":\"EntryPoint\",\"urlTemplate\":\"https:\/\/espaconews.com\/?s={search_term_string}\"},\"query-input\":\"required name=search_term_string\"}],\"inLanguage\":\"fr-CA\"},{\"@type\":\"Person\",\"@id\":\"https:\/\/espaconews.com\/#\/schema\/person\/92fcd07e9b1f4323bf74f3170fc0f78a\",\"name\":\"Matheus Sangaletti\",\"image\":{\"@type\":\"ImageObject\",\"inLanguage\":\"fr-CA\",\"@id\":\"https:\/\/espaconews.com\/#\/schema\/person\/image\/\",\"url\":\"http:\/\/2.gravatar.com\/avatar\/280ea957a14a48e6a1ad2133d2cc27c9?s=96&d=mm&r=g\",\"contentUrl\":\"http:\/\/2.gravatar.com\/avatar\/280ea957a14a48e6a1ad2133d2cc27c9?s=96&d=mm&r=g\",\"caption\":\"Matheus Sangaletti\"},\"url\":\"http:\/\/espaconews.com\/fr_ca\/author\/matheuss\/\"}]}<\/script>\n<!-- \/ Yoast SEO plugin. -->","yoast_head_json":{"title":"Beneficios para madres y padres trabajadores - Espa\u00e7o News","description":"En M\u00e9xico, los beneficios para madres y padres trabajadores van m\u00e1s all\u00e1 de un simple apoyo econ\u00f3mico: Son derechos y programas dise\u00f1ados...","robots":{"index":"index","follow":"follow","max-snippet":"max-snippet:-1","max-image-preview":"max-image-preview:large","max-video-preview":"max-video-preview:-1"},"canonical":"http:\/\/espaconews.com\/fr_ca\/beneficios-para-madres-y-padres-trabajadores\/","og_locale":"fr_CA","og_type":"article","og_title":"Beneficios para madres y padres trabajadores - Espa\u00e7o News","og_description":"En M\u00e9xico, los beneficios para madres y padres trabajadores van m\u00e1s all\u00e1 de un simple apoyo econ\u00f3mico: Son derechos y programas dise\u00f1ados...","og_url":"http:\/\/espaconews.com\/fr_ca\/beneficios-para-madres-y-padres-trabajadores\/","og_site_name":"Espa\u00e7o News","article_published_time":"2025-10-29T19:41:48+00:00","article_modified_time":"2025-10-29T19:41:53+00:00","og_image":[{"width":550,"height":350,"url":"http:\/\/espaconews.com\/wp-content\/uploads\/sites\/142\/2025\/10\/DESTAQUE-ESPACO-54.jpg","type":"image\/jpeg"}],"author":"Matheus Sangaletti","twitter_card":"summary_large_image","twitter_misc":{"Written by":"Matheus Sangaletti","Est. reading time":"8 minutes"},"schema":{"@context":"https:\/\/schema.org","@graph":[{"@type":"WebPage","@id":"http:\/\/espaconews.com\/fr\/beneficios-para-madres-y-padres-trabajadores\/","url":"http:\/\/espaconews.com\/fr\/beneficios-para-madres-y-padres-trabajadores\/","name":"Beneficios para madres y padres trabajadores - Espa\u00e7o News","isPartOf":{"@id":"https:\/\/espaconews.com\/#website"},"primaryImageOfPage":{"@id":"http:\/\/espaconews.com\/fr\/beneficios-para-madres-y-padres-trabajadores\/#primaryimage"},"image":{"@id":"http:\/\/espaconews.com\/fr\/beneficios-para-madres-y-padres-trabajadores\/#primaryimage"},"thumbnailUrl":"http:\/\/espaconews.com\/wp-content\/uploads\/sites\/142\/2025\/10\/DESTAQUE-ESPACO-54.jpg","datePublished":"2025-10-29T19:41:48+00:00","dateModified":"2025-10-29T19:41:53+00:00","author":{"@id":"https:\/\/espaconews.com\/#\/schema\/person\/92fcd07e9b1f4323bf74f3170fc0f78a"},"description":"En M\u00e9xico, los beneficios para madres y padres trabajadores van m\u00e1s all\u00e1 de un simple apoyo econ\u00f3mico: Son derechos y programas dise\u00f1ados...","breadcrumb":{"@id":"http:\/\/espaconews.com\/fr\/beneficios-para-madres-y-padres-trabajadores\/#breadcrumb"},"inLanguage":"fr-CA","potentialAction":[{"@type":"ReadAction","target":["http:\/\/espaconews.com\/fr\/beneficios-para-madres-y-padres-trabajadores\/"]}]},{"@type":"ImageObject","inLanguage":"fr-CA","@id":"http:\/\/espaconews.com\/fr\/beneficios-para-madres-y-padres-trabajadores\/#primaryimage","url":"http:\/\/espaconews.com\/wp-content\/uploads\/sites\/142\/2025\/10\/DESTAQUE-ESPACO-54.jpg","contentUrl":"http:\/\/espaconews.com\/wp-content\/uploads\/sites\/142\/2025\/10\/DESTAQUE-ESPACO-54.jpg","width":550,"height":350},{"@type":"BreadcrumbList","@id":"http:\/\/espaconews.com\/fr\/beneficios-para-madres-y-padres-trabajadores\/#breadcrumb","itemListElement":[{"@type":"ListItem","position":1,"name":"Home","item":"https:\/\/espaconews.com\/"},{"@type":"ListItem","position":2,"name":"Beneficios para madres y padres trabajadores"}]},{"@type":"WebSite","@id":"https:\/\/espaconews.com\/#website","url":"https:\/\/espaconews.com\/","name":"Espa\u00e7o News","description":"","potentialAction":[{"@type":"SearchAction","target":{"@type":"EntryPoint","urlTemplate":"https:\/\/espaconews.com\/?s={search_term_string}"},"query-input":"required name=search_term_string"}],"inLanguage":"fr-CA"},{"@type":"Person","@id":"https:\/\/espaconews.com\/#\/schema\/person\/92fcd07e9b1f4323bf74f3170fc0f78a","name":"Matheus Sangaletti","image":{"@type":"ImageObject","inLanguage":"fr-CA","@id":"https:\/\/espaconews.com\/#\/schema\/person\/image\/","url":"http:\/\/2.gravatar.com\/avatar\/280ea957a14a48e6a1ad2133d2cc27c9?s=96&d=mm&r=g","contentUrl":"http:\/\/2.gravatar.com\/avatar\/280ea957a14a48e6a1ad2133d2cc27c9?s=96&d=mm&r=g","caption":"Matheus Sangaletti"},"url":"http:\/\/espaconews.com\/fr_ca\/author\/matheuss\/"}]}},"_links":{"self":[{"href":"http:\/\/espaconews.com\/fr_ca\/wp-json\/wp\/v2\/posts\/2895"}],"collection":[{"href":"http:\/\/espaconews.com\/fr_ca\/wp-json\/wp\/v2\/posts"}],"about":[{"href":"http:\/\/espaconews.com\/fr_ca\/wp-json\/wp\/v2\/types\/post"}],"author":[{"embeddable":true,"href":"http:\/\/espaconews.com\/fr_ca\/wp-json\/wp\/v2\/users\/219"}],"replies":[{"embeddable":true,"href":"http:\/\/espaconews.com\/fr_ca\/wp-json\/wp\/v2\/comments?post=2895"}],"version-history":[{"count":1,"href":"http:\/\/espaconews.com\/fr_ca\/wp-json\/wp\/v2\/posts\/2895\/revisions"}],"predecessor-version":[{"id":2899,"href":"http:\/\/espaconews.com\/fr_ca\/wp-json\/wp\/v2\/posts\/2895\/revisions\/2899"}],"wp:featuredmedia":[{"embeddable":true,"href":"http:\/\/espaconews.com\/fr_ca\/wp-json\/wp\/v2\/media\/2896"}],"wp:attachment":[{"href":"http:\/\/espaconews.com\/fr_ca\/wp-json\/wp\/v2\/media?parent=2895"}],"wp:term":[{"taxonomy":"category","embeddable":true,"href":"http:\/\/espaconews.com\/fr_ca\/wp-json\/wp\/v2\/categories?post=2895"},{"taxonomy":"post_tag","embeddable":true,"href":"http:\/\/espaconews.com\/fr_ca\/wp-json\/wp\/v2\/tags?post=2895"}],"curies":[{"name":"wp","href":"https:\/\/api.w.org\/{rel}","templated":true}]}}