{"id":2764,"date":"2025-10-17T14:58:26","date_gmt":"2025-10-17T17:58:26","guid":{"rendered":"https:\/\/espaconews.com\/?p=2764"},"modified":"2025-10-17T14:58:28","modified_gmt":"2025-10-17T17:58:28","slug":"tendencias-del-mercado-laboral-global","status":"publish","type":"post","link":"http:\/\/espaconews.com\/fr_ca\/tendencias-del-mercado-laboral-global\/","title":{"rendered":"Tendances du march\u00e9 du travail mondial"},"content":{"rendered":"<p class=\"has-text-align-center\"><strong>tendances mondiales du march\u00e9 du travail<\/strong> Elles dressent un tableau complexe, o\u00f9 convergent technologie, \u00e9conomie, d\u00e9mographie et politiques sociales.<\/p>\n\n\n\n<figure class=\"wp-block-gallery aligncenter has-nested-images columns-default is-cropped wp-block-gallery-1 is-layout-flex wp-block-gallery-is-layout-flex\">\n<figure class=\"wp-block-image size-full\"><img loading=\"lazy\" decoding=\"async\" width=\"550\" height=\"350\" data-id=\"2766\" src=\"https:\/\/espaconews.com\/wp-content\/uploads\/sites\/142\/2025\/10\/DESTAQUE-ESPACO-33-1.jpg\" alt=\"\" class=\"wp-image-2766\" srcset=\"http:\/\/espaconews.com\/wp-content\/uploads\/sites\/142\/2025\/10\/DESTAQUE-ESPACO-33-1.jpg 550w, http:\/\/espaconews.com\/wp-content\/uploads\/sites\/142\/2025\/10\/DESTAQUE-ESPACO-33-1-300x191.jpg 300w, http:\/\/espaconews.com\/wp-content\/uploads\/sites\/142\/2025\/10\/DESTAQUE-ESPACO-33-1-18x12.jpg 18w\" sizes=\"(max-width: 550px) 100vw, 550px\" \/><figcaption class=\"wp-element-caption\">CANVA<\/figcaption><\/figure>\n<\/figure>\n\n\n\n<p class=\"has-text-align-center\">La dynamique actuelle du march\u00e9 du travail est marqu\u00e9e par une interaction constante entre innovation, in\u00e9galit\u00e9s et adaptation de la main-d&#039;\u0153uvre.<\/p>\n\n\n\n<p>Comprendre ces tendances est essentiel non seulement pour les entreprises et les gouvernements, mais aussi pour les professionnels qui cherchent \u00e0 rester comp\u00e9titifs dans un environnement en constante \u00e9volution.<\/p>\n\n\n\n<p>Cet article analyse les facteurs qui d\u00e9finissent l&#039;emploi mondial aujourd&#039;hui, offre des exemples pratiques et propose des strat\u00e9gies pour naviguer avec succ\u00e8s dans ce contexte.<\/p>\n\n\n\n<h2 class=\"wp-block-heading\">\ud83d\udcca Aper\u00e7u actuel de l&#039;emploi mondial<\/h2>\n\n\n\n<p>En 2024, selon le rapport de l&#039;OIT intitul\u00e9 \u00ab Perspectives mondiales de l&#039;emploi et du social :<\/p>\n\n\n\n<p>Selon le rapport \u00ab Tendances 2025 \u00bb, l&#039;emploi mondial a progress\u00e9 parall\u00e8lement \u00e0 la population active, maintenant le taux de ch\u00f4mage mondial \u00e0 51 %, un niveau similaire \u00e0 celui des ann\u00e9es pr\u00e9c\u00e9dentes.<\/p>\n\n\n\n<p>Bien que cela repr\u00e9sente une certaine stabilit\u00e9, cela ne se traduit pas par une am\u00e9lioration significative de la qualit\u00e9 des emplois ni par une r\u00e9duction de la pauvret\u00e9 au travail, en particulier dans les r\u00e9gions \u00e0 faibles revenus.<\/p>\n\n\n\n<p>La croissance \u00e9conomique mondiale, bien que positive, est insuffisante pour absorber l&#039;ensemble de la main-d&#039;\u0153uvre \u00e9mergente.<\/p>\n\n\n\n<p>Par exemple, en Asie du Sud, des millions de jeunes arrivent chaque ann\u00e9e sur le march\u00e9 du travail, mais les emplois disponibles ne correspondent pas toujours \u00e0 leurs comp\u00e9tences.<\/p>\n\n\n\n<p>Ce d\u00e9calage engendre une augmentation du travail informel et du sous-emploi, ph\u00e9nom\u00e8nes qui affectent \u00e0 la fois la productivit\u00e9 et la s\u00e9curit\u00e9 \u00e9conomique de millions de personnes.<\/p>\n\n\n\n<h2 class=\"wp-block-heading\">\u2696\ufe0f In\u00e9galit\u00e9s persistantes<\/h2>\n\n\n\n<p>Malgr\u00e9 les progr\u00e8s en mati\u00e8re d&#039;\u00e9ducation et l&#039;augmentation du taux de participation des femmes au march\u00e9 du travail, les in\u00e9galit\u00e9s salariales et d&#039;opportunit\u00e9s demeurent un d\u00e9fi majeur.<\/p>\n\n\n\n<p>Selon des donn\u00e9es r\u00e9centes de l&#039;OCDE, les femmes continuent de gagner en moyenne 201 000 \u00a3 de moins que les hommes pour des emplois de valeur \u00e9gale.<\/p>\n\n\n\n<p>De plus, les secteurs informels tels que l&#039;\u00e9conomie domestique ou le commerce de d\u00e9tail informel offrent des emplois pr\u00e9caires sans avantages sociaux ni stabilit\u00e9.<\/p>\n\n\n\n<p>Par exemple, au Mexique, plus de 501 % des travailleurs occupent des emplois informels, ce qui limite leur acc\u00e8s \u00e0 la s\u00e9curit\u00e9 sociale et aux pensions.<\/p>\n\n\n\n<p>Cette in\u00e9galit\u00e9 a des implications non seulement \u00e9conomiques, mais aussi sociales, car le manque d&#039;inclusion sur le march\u00e9 du travail peut g\u00e9n\u00e9rer des tensions et limiter la mobilit\u00e9 sociale.<\/p>\n\n\n\n<h2 class=\"wp-block-heading\">\ud83e\udd16 Impact de la technologie sur l&#039;emploi<\/h2>\n\n\n\n<p>L&#039;automatisation et l&#039;intelligence artificielle transforment profond\u00e9ment les march\u00e9s du travail. <\/p>\n\n\n\n<p>Dans des secteurs traditionnels comme la production industrielle et la logistique, certaines t\u00e2ches sont d\u00e9sormais remplac\u00e9es par des robots et des logiciels intelligents.<\/p>\n\n\n\n<p>Cependant, ce changement cr\u00e9e \u00e9galement de nouvelles opportunit\u00e9s\u00a0: la programmation, la cybers\u00e9curit\u00e9, l\u2019analyse de donn\u00e9es et la gestion de projets technologiques sont des domaines en pleine expansion.<\/p>\n\n\n\n<p>Par exemple, des entreprises comme Amazon et Siemens investissent dans la reconversion de leurs employ\u00e9s, en leur proposant des formations aux comp\u00e9tences num\u00e9riques pour faire face \u00e0 l&#039;automatisation.<\/p>\n\n\n\n<p>La cl\u00e9 du succ\u00e8s pour les travailleurs r\u00e9sidera dans l&#039;adaptabilit\u00e9 et la formation continue, qui leur permettront non seulement de conserver leur emploi, mais aussi d&#039;acc\u00e9der \u00e0 de meilleures opportunit\u00e9s. <\/p>\n\n\n\n<p>L&#039;enseignement technique et la ma\u00eetrise du num\u00e9rique sont devenus des facteurs essentiels de comp\u00e9titivit\u00e9 sur le march\u00e9 du travail.<\/p>\n\n\n\n<h2 class=\"wp-block-heading\">\ud83c\udf31 Transition vers des \u00e9conomies durables<\/h2>\n\n\n\n<p>Le changement climatique et la transition vers des \u00e9conomies vertes ont stimul\u00e9 la cr\u00e9ation d&#039;emplois dans les secteurs durables.<\/p>\n\n\n\n<p>Les \u00e9nergies renouvelables, l&#039;agriculture biologique, la gestion des d\u00e9chets et la construction durable repr\u00e9sentent des opportunit\u00e9s \u00e9mergentes qui visent \u00e0 \u00e9quilibrer croissance \u00e9conomique et protection de l&#039;environnement.<\/p>\n\n\n\n<p>Par exemple, l&#039;Espagne a augment\u00e9 de 301 % le nombre d&#039;emplois verts au cours des trois derni\u00e8res ann\u00e9es, notamment dans les domaines de l&#039;installation de panneaux solaires, de la maintenance des \u00e9oliennes et de la gestion de projets durables.<\/p>\n\n\n\n<p>Cette tendance offre non seulement des alternatives d&#039;emploi, mais contribue \u00e9galement \u00e0 b\u00e2tir des soci\u00e9t\u00e9s plus r\u00e9silientes et conscientes de leur impact environnemental.<\/p>\n\n\n\n<p>Les politiques publiques encourageant l&#039;investissement dans les \u00e9nergies propres, la formation aux comp\u00e9tences vertes et la certification professionnelle sont essentielles pour consolider cette transition.<\/p>\n\n\n\n<h2 class=\"wp-block-heading\">\ud83c\udf93 Inad\u00e9quation entre l&#039;\u00e9ducation et le march\u00e9 du travail<\/h2>\n\n\n\n<p>Bien que le niveau d&#039;\u00e9ducation mondial ait progress\u00e9, d&#039;importantes inad\u00e9quations persistent entre les comp\u00e9tences acquises et les exigences du march\u00e9 du travail.<\/p>\n\n\n\n<p>De nombreuses universit\u00e9s et syst\u00e8mes \u00e9ducatifs omettent de mettre \u00e0 jour leurs programmes pour y inclure les comp\u00e9tences num\u00e9riques, la pens\u00e9e critique et la gestion de projet, pourtant essentielles dans l&#039;\u00e9conomie actuelle.<\/p>\n\n\n\n<p>Par exemple, un ing\u00e9nieur fra\u00eechement dipl\u00f4m\u00e9 en Colombie peut ma\u00eetriser la th\u00e9orie de l&#039;ing\u00e9nierie, mais manquer de connaissances en logiciels de conception ou en analyse de donn\u00e9es exig\u00e9es par les entreprises technologiques.<\/p>\n\n\n\n<p>Cet \u00e9cart souligne la n\u00e9cessit\u00e9 d&#039;une formation continue, d&#039;une formation technique compl\u00e9mentaire et de partenariats entre les entreprises et les universit\u00e9s afin d&#039;adapter les comp\u00e9tences aux opportunit\u00e9s d&#039;emploi.<\/p>\n\n\n\n<h2 class=\"wp-block-heading\">\ud83c\udf0d D\u00e9fis sp\u00e9cifiques en Am\u00e9rique latine<\/h2>\n\n\n\n<p>L&#039;Am\u00e9rique latine est confront\u00e9e \u00e0 des d\u00e9fis particuliers sur le march\u00e9 du travail.<\/p>\n\n\n\n<p>L\u2019emploi informel touche plus de 501 % des travailleurs dans plusieurs pays de la r\u00e9gion, limitant leur s\u00e9curit\u00e9 \u00e9conomique et leur acc\u00e8s aux prestations sociales.<\/p>\n\n\n\n<p>Le ch\u00f4mage des jeunes est \u00e9lev\u00e9, avec des taux d\u00e9passant 151 % dans certains pays, et l&#039;\u00e9cart entre les sexes demeure un obstacle persistant.<\/p>\n\n\n\n<p>Des facteurs externes, tels que la g\u00e9opolitique mondiale, le changement climatique et la volatilit\u00e9 \u00e9conomique, influencent \u00e9galement la stabilit\u00e9 de l&#039;emploi.<\/p>\n\n\n\n<p>Par exemple, les s\u00e9cheresses prolong\u00e9es dans les pays agricoles peuvent affecter la production et entra\u00eener des pertes d&#039;emplois temporaires, tandis que les tensions commerciales ont un impact sur l&#039;industrie manufacturi\u00e8re.<\/p>\n\n\n\n<h2 class=\"wp-block-heading\">\ud83d\udcc8 Statistiques pertinentes<\/h2>\n\n\n\n<p>Selon l&#039;OIT, la reprise du march\u00e9 du travail devrait ralentir dans les ann\u00e9es \u00e0 venir, avec une r\u00e9duction pouvant atteindre 7 millions d&#039;emplois dans le monde. <\/p>\n\n\n\n<p>Ce chiffre souligne la n\u00e9cessit\u00e9 de politiques du travail qui favorisent l&#039;inclusion, la formation et la s\u00e9curit\u00e9 sociale, ainsi que la diversification \u00e9conomique dans les secteurs strat\u00e9giques.<\/p>\n\n\n\n<h2 class=\"wp-block-heading\">\ud83e\udde0 Analogie pour comprendre le march\u00e9 du travail<\/h2>\n\n\n\n<p>On peut se repr\u00e9senter le march\u00e9 du travail comme un fleuve au courant constant.<\/p>\n\n\n\n<p>Les facteurs qui la modifient repr\u00e9sentent les tendances technologiques, le changement climatique et les politiques \u00e9conomiques. <\/p>\n\n\n\n<p>Pour r\u00e9ussir dans ce domaine, il faut construire des navires solides (comp\u00e9tences techniques et relationnelles) et choisir des itin\u00e9raires strat\u00e9giques (secteurs \u00e9mergents et durables).<\/p>\n\n\n\n<p>Ceux qui ignorent ces tendances risquent de prendre du retard, tandis que ceux qui s&#039;adaptent trouveront des opportunit\u00e9s de croissance et de stabilit\u00e9.<\/p>\n\n\n\n<h2 class=\"wp-block-heading\">\u2705 Strat\u00e9gies d&#039;adaptation aux tendances mondiales du march\u00e9 du travail<\/h2>\n\n\n\n<ol>\n<li><strong>Formation continue :<\/strong> Acqu\u00e9rir de nouvelles comp\u00e9tences num\u00e9riques et techniques en fonction de la demande du march\u00e9.<\/li>\n\n\n\n<li><strong>Flexibilit\u00e9 professionnelle :<\/strong> Soyez pr\u00eat \u00e0 changer de secteur ou de r\u00f4le en fonction des opportunit\u00e9s.<\/li>\n\n\n\n<li><strong>R\u00e9seaux professionnels :<\/strong> \u00c9tablissez des relations et participez activement \u00e0 des communaut\u00e9s de travail.<\/li>\n\n\n\n<li><strong>\u00c9ducation verte et durable :<\/strong> Int\u00e9grer les connaissances relatives aux \u00e9nergies propres et aux pratiques durables.<\/li>\n\n\n\n<li><strong>Inclusion et diversit\u00e9 :<\/strong> Promouvoir l\u2019\u00e9galit\u00e9 des sexes et la participation des groupes historiquement marginalis\u00e9s.<\/li>\n<\/ol>\n\n\n\n<figure class=\"wp-block-gallery aligncenter has-nested-images columns-default is-cropped wp-block-gallery-2 is-layout-flex wp-block-gallery-is-layout-flex\">\n<figure class=\"wp-block-image size-full\"><img loading=\"lazy\" decoding=\"async\" width=\"550\" height=\"350\" data-id=\"2767\" src=\"https:\/\/espaconews.com\/wp-content\/uploads\/sites\/142\/2025\/10\/DESTAQUE-ESPACO-34.jpg\" alt=\"\" class=\"wp-image-2767\" srcset=\"http:\/\/espaconews.com\/wp-content\/uploads\/sites\/142\/2025\/10\/DESTAQUE-ESPACO-34.jpg 550w, http:\/\/espaconews.com\/wp-content\/uploads\/sites\/142\/2025\/10\/DESTAQUE-ESPACO-34-300x191.jpg 300w, http:\/\/espaconews.com\/wp-content\/uploads\/sites\/142\/2025\/10\/DESTAQUE-ESPACO-34-18x12.jpg 18w\" sizes=\"(max-width: 550px) 100vw, 550px\" \/><figcaption class=\"wp-element-caption\">CANVA<\/figcaption><\/figure>\n<\/figure>\n\n\n\n<p>En savoir plus:\u00a0<a href=\"http:\/\/espaconews.com\/fr_ca\/profesiones-mas-demandadas-en-2025\/\">Les professions les plus demand\u00e9es en 2025<\/a><\/p>\n\n\n\n<h2 class=\"wp-block-heading\">\u2753 Questions fr\u00e9quemment pos\u00e9es<\/h2>\n\n\n\n<p><strong>1. Comment se pr\u00e9parer aux nouvelles tendances du march\u00e9 du travail ?<\/strong><br>Investir dans la formation continue, d\u00e9velopper ses comp\u00e9tences num\u00e9riques et maintenir sa capacit\u00e9 d&#039;adaptation sont essentiels. <\/p>\n\n\n\n<p>Participer \u00e0 des cours en ligne et \u00e0 des certifications sp\u00e9cialis\u00e9es peut faire toute la diff\u00e9rence.<\/p>\n\n\n\n<p><strong>2. Quels sont les secteurs qui affichent la plus forte croissance ?<\/strong><br>Les technologies, les \u00e9nergies renouvelables, le d\u00e9veloppement durable, la cybers\u00e9curit\u00e9 et l&#039;analyse des donn\u00e9es affichent une croissance soutenue et des perspectives \u00e0 long terme.<\/p>\n\n\n\n<p><strong>3. Quelles politiques favorisent un march\u00e9 du travail plus inclusif ?<\/strong><br>Promouvoir l&#039;\u00e9galit\u00e9 des sexes, la formation professionnelle, la protection sociale, l&#039;emploi formel et des incitations pour les entreprises qui cr\u00e9ent des emplois d\u00e9cents.<\/p>\n\n\n\n<p>En savoir plus:\u00a0<a href=\"http:\/\/espaconews.com\/fr_ca\/preguntas-mas-frecuentes-en-entrevistas\/\">Questions les plus fr\u00e9quemment pos\u00e9es lors des entretiens<\/a><\/p>\n\n\n\n<h2 class=\"wp-block-heading\">\ud83d\udca1 Conclusion<\/h2>\n\n\n\n<p>Le <strong>tendances mondiales du march\u00e9 du travail<\/strong> En 2025, elles refl\u00e8tent un paysage dynamique et multiforme.<\/p>\n\n\n\n<p>Ces d\u00e9fis, qu&#039;il s&#039;agisse d&#039;automatisation, d&#039;in\u00e9galit\u00e9s ou d&#039;inad\u00e9quations en mati\u00e8re d&#039;\u00e9ducation, exigent des r\u00e9ponses proactives de la part des gouvernements, des entreprises et des travailleurs.<\/p>\n\n\n\n<p>Ceux qui investissent dans les comp\u00e9tences, l&#039;\u00e9ducation et le d\u00e9veloppement durable seront mieux plac\u00e9s pour prosp\u00e9rer.<\/p>\n\n\n\n<p>L\u2019adaptabilit\u00e9 et une vision strat\u00e9gique seront essentielles pour r\u00e9ussir \u00e0 s\u2019orienter dans un march\u00e9 du travail en constante \u00e9volution.<\/p>","protected":false},"excerpt":{"rendered":"<p>Las tendencias del mercado laboral global muestran un panorama complejo, donde convergen tecnolog\u00eda, econom\u00eda, demograf\u00eda y pol\u00edticas sociales. La din\u00e1mica laboral actual est\u00e1 marcada por una interacci\u00f3n constante entre innovaci\u00f3n, desigualdad y adaptaci\u00f3n de la fuerza laboral. Comprender estas tendencias no solo es vital para empresas y gobiernos, sino tambi\u00e9n para profesionales que buscan mantenerse [&hellip;]<\/p>","protected":false},"author":219,"featured_media":2765,"comment_status":"closed","ping_status":"open","sticky":false,"template":"","format":"standard","meta":{"footnotes":""},"categories":[4],"tags":[],"yoast_head":"<!-- This site is optimized with the Yoast SEO plugin v23.3 - https:\/\/yoast.com\/wordpress\/plugins\/seo\/ -->\n<title>Tendencias del mercado laboral global - Espa\u00e7o News<\/title>\n<meta name=\"description\" content=\"Las tendencias del mercado laboral global muestran un panorama complejo, donde convergen tecnolog\u00eda, econom\u00eda, demograf\u00eda y pol\u00edticas...\" \/>\n<meta name=\"robots\" content=\"index, follow, max-snippet:-1, max-image-preview:large, max-video-preview:-1\" \/>\n<link rel=\"canonical\" href=\"http:\/\/espaconews.com\/fr_ca\/tendencias-del-mercado-laboral-global\/\" \/>\n<meta property=\"og:locale\" content=\"fr_CA\" \/>\n<meta property=\"og:type\" content=\"article\" \/>\n<meta property=\"og:title\" content=\"Tendencias del mercado laboral global - Espa\u00e7o News\" \/>\n<meta property=\"og:description\" content=\"Las tendencias del mercado laboral global muestran un panorama complejo, donde convergen tecnolog\u00eda, econom\u00eda, demograf\u00eda y pol\u00edticas...\" \/>\n<meta property=\"og:url\" content=\"http:\/\/espaconews.com\/fr_ca\/tendencias-del-mercado-laboral-global\/\" \/>\n<meta property=\"og:site_name\" content=\"Espa\u00e7o News\" \/>\n<meta property=\"article:published_time\" content=\"2025-10-17T17:58:26+00:00\" \/>\n<meta property=\"article:modified_time\" content=\"2025-10-17T17:58:28+00:00\" \/>\n<meta property=\"og:image\" content=\"http:\/\/espaconews.com\/wp-content\/uploads\/sites\/142\/2025\/10\/DESTAQUE-ESPACO-33.jpg\" \/>\n\t<meta property=\"og:image:width\" content=\"550\" \/>\n\t<meta property=\"og:image:height\" content=\"350\" \/>\n\t<meta property=\"og:image:type\" content=\"image\/jpeg\" \/>\n<meta name=\"author\" content=\"Matheus Sangaletti\" \/>\n<meta name=\"twitter:card\" content=\"summary_large_image\" \/>\n<meta name=\"twitter:label1\" content=\"Written by\" \/>\n\t<meta name=\"twitter:data1\" content=\"Matheus Sangaletti\" \/>\n\t<meta name=\"twitter:label2\" content=\"Est. reading time\" \/>\n\t<meta name=\"twitter:data2\" content=\"8 minutes\" \/>\n<script type=\"application\/ld+json\" class=\"yoast-schema-graph\">{\"@context\":\"https:\/\/schema.org\",\"@graph\":[{\"@type\":\"WebPage\",\"@id\":\"http:\/\/espaconews.com\/fr\/tendencias-del-mercado-laboral-global\/\",\"url\":\"http:\/\/espaconews.com\/fr\/tendencias-del-mercado-laboral-global\/\",\"name\":\"Tendencias del mercado laboral global - Espa\u00e7o News\",\"isPartOf\":{\"@id\":\"https:\/\/espaconews.com\/#website\"},\"primaryImageOfPage\":{\"@id\":\"http:\/\/espaconews.com\/fr\/tendencias-del-mercado-laboral-global\/#primaryimage\"},\"image\":{\"@id\":\"http:\/\/espaconews.com\/fr\/tendencias-del-mercado-laboral-global\/#primaryimage\"},\"thumbnailUrl\":\"http:\/\/espaconews.com\/wp-content\/uploads\/sites\/142\/2025\/10\/DESTAQUE-ESPACO-33.jpg\",\"datePublished\":\"2025-10-17T17:58:26+00:00\",\"dateModified\":\"2025-10-17T17:58:28+00:00\",\"author\":{\"@id\":\"https:\/\/espaconews.com\/#\/schema\/person\/92fcd07e9b1f4323bf74f3170fc0f78a\"},\"description\":\"Las tendencias del mercado laboral global muestran un panorama complejo, donde convergen tecnolog\u00eda, econom\u00eda, demograf\u00eda y pol\u00edticas...\",\"breadcrumb\":{\"@id\":\"http:\/\/espaconews.com\/fr\/tendencias-del-mercado-laboral-global\/#breadcrumb\"},\"inLanguage\":\"fr-CA\",\"potentialAction\":[{\"@type\":\"ReadAction\",\"target\":[\"http:\/\/espaconews.com\/fr\/tendencias-del-mercado-laboral-global\/\"]}]},{\"@type\":\"ImageObject\",\"inLanguage\":\"fr-CA\",\"@id\":\"http:\/\/espaconews.com\/fr\/tendencias-del-mercado-laboral-global\/#primaryimage\",\"url\":\"http:\/\/espaconews.com\/wp-content\/uploads\/sites\/142\/2025\/10\/DESTAQUE-ESPACO-33.jpg\",\"contentUrl\":\"http:\/\/espaconews.com\/wp-content\/uploads\/sites\/142\/2025\/10\/DESTAQUE-ESPACO-33.jpg\",\"width\":550,\"height\":350},{\"@type\":\"BreadcrumbList\",\"@id\":\"http:\/\/espaconews.com\/fr\/tendencias-del-mercado-laboral-global\/#breadcrumb\",\"itemListElement\":[{\"@type\":\"ListItem\",\"position\":1,\"name\":\"Home\",\"item\":\"https:\/\/espaconews.com\/\"},{\"@type\":\"ListItem\",\"position\":2,\"name\":\"Tendencias del mercado laboral global\"}]},{\"@type\":\"WebSite\",\"@id\":\"https:\/\/espaconews.com\/#website\",\"url\":\"https:\/\/espaconews.com\/\",\"name\":\"Espa\u00e7o News\",\"description\":\"\",\"potentialAction\":[{\"@type\":\"SearchAction\",\"target\":{\"@type\":\"EntryPoint\",\"urlTemplate\":\"https:\/\/espaconews.com\/?s={search_term_string}\"},\"query-input\":\"required name=search_term_string\"}],\"inLanguage\":\"fr-CA\"},{\"@type\":\"Person\",\"@id\":\"https:\/\/espaconews.com\/#\/schema\/person\/92fcd07e9b1f4323bf74f3170fc0f78a\",\"name\":\"Matheus Sangaletti\",\"image\":{\"@type\":\"ImageObject\",\"inLanguage\":\"fr-CA\",\"@id\":\"https:\/\/espaconews.com\/#\/schema\/person\/image\/\",\"url\":\"http:\/\/2.gravatar.com\/avatar\/280ea957a14a48e6a1ad2133d2cc27c9?s=96&d=mm&r=g\",\"contentUrl\":\"http:\/\/2.gravatar.com\/avatar\/280ea957a14a48e6a1ad2133d2cc27c9?s=96&d=mm&r=g\",\"caption\":\"Matheus Sangaletti\"},\"url\":\"http:\/\/espaconews.com\/fr_ca\/author\/matheuss\/\"}]}<\/script>\n<!-- \/ Yoast SEO plugin. -->","yoast_head_json":{"title":"Tendencias del mercado laboral global - Espa\u00e7o News","description":"Las tendencias del mercado laboral global muestran un panorama complejo, donde convergen tecnolog\u00eda, econom\u00eda, demograf\u00eda y pol\u00edticas...","robots":{"index":"index","follow":"follow","max-snippet":"max-snippet:-1","max-image-preview":"max-image-preview:large","max-video-preview":"max-video-preview:-1"},"canonical":"http:\/\/espaconews.com\/fr_ca\/tendencias-del-mercado-laboral-global\/","og_locale":"fr_CA","og_type":"article","og_title":"Tendencias del mercado laboral global - Espa\u00e7o News","og_description":"Las tendencias del mercado laboral global muestran un panorama complejo, donde convergen tecnolog\u00eda, econom\u00eda, demograf\u00eda y pol\u00edticas...","og_url":"http:\/\/espaconews.com\/fr_ca\/tendencias-del-mercado-laboral-global\/","og_site_name":"Espa\u00e7o News","article_published_time":"2025-10-17T17:58:26+00:00","article_modified_time":"2025-10-17T17:58:28+00:00","og_image":[{"width":550,"height":350,"url":"http:\/\/espaconews.com\/wp-content\/uploads\/sites\/142\/2025\/10\/DESTAQUE-ESPACO-33.jpg","type":"image\/jpeg"}],"author":"Matheus Sangaletti","twitter_card":"summary_large_image","twitter_misc":{"Written by":"Matheus Sangaletti","Est. reading time":"8 minutes"},"schema":{"@context":"https:\/\/schema.org","@graph":[{"@type":"WebPage","@id":"http:\/\/espaconews.com\/fr\/tendencias-del-mercado-laboral-global\/","url":"http:\/\/espaconews.com\/fr\/tendencias-del-mercado-laboral-global\/","name":"Tendencias del mercado laboral global - Espa\u00e7o News","isPartOf":{"@id":"https:\/\/espaconews.com\/#website"},"primaryImageOfPage":{"@id":"http:\/\/espaconews.com\/fr\/tendencias-del-mercado-laboral-global\/#primaryimage"},"image":{"@id":"http:\/\/espaconews.com\/fr\/tendencias-del-mercado-laboral-global\/#primaryimage"},"thumbnailUrl":"http:\/\/espaconews.com\/wp-content\/uploads\/sites\/142\/2025\/10\/DESTAQUE-ESPACO-33.jpg","datePublished":"2025-10-17T17:58:26+00:00","dateModified":"2025-10-17T17:58:28+00:00","author":{"@id":"https:\/\/espaconews.com\/#\/schema\/person\/92fcd07e9b1f4323bf74f3170fc0f78a"},"description":"Las tendencias del mercado laboral global muestran un panorama complejo, donde convergen tecnolog\u00eda, econom\u00eda, demograf\u00eda y pol\u00edticas...","breadcrumb":{"@id":"http:\/\/espaconews.com\/fr\/tendencias-del-mercado-laboral-global\/#breadcrumb"},"inLanguage":"fr-CA","potentialAction":[{"@type":"ReadAction","target":["http:\/\/espaconews.com\/fr\/tendencias-del-mercado-laboral-global\/"]}]},{"@type":"ImageObject","inLanguage":"fr-CA","@id":"http:\/\/espaconews.com\/fr\/tendencias-del-mercado-laboral-global\/#primaryimage","url":"http:\/\/espaconews.com\/wp-content\/uploads\/sites\/142\/2025\/10\/DESTAQUE-ESPACO-33.jpg","contentUrl":"http:\/\/espaconews.com\/wp-content\/uploads\/sites\/142\/2025\/10\/DESTAQUE-ESPACO-33.jpg","width":550,"height":350},{"@type":"BreadcrumbList","@id":"http:\/\/espaconews.com\/fr\/tendencias-del-mercado-laboral-global\/#breadcrumb","itemListElement":[{"@type":"ListItem","position":1,"name":"Home","item":"https:\/\/espaconews.com\/"},{"@type":"ListItem","position":2,"name":"Tendencias del mercado laboral global"}]},{"@type":"WebSite","@id":"https:\/\/espaconews.com\/#website","url":"https:\/\/espaconews.com\/","name":"Espa\u00e7o News","description":"","potentialAction":[{"@type":"SearchAction","target":{"@type":"EntryPoint","urlTemplate":"https:\/\/espaconews.com\/?s={search_term_string}"},"query-input":"required name=search_term_string"}],"inLanguage":"fr-CA"},{"@type":"Person","@id":"https:\/\/espaconews.com\/#\/schema\/person\/92fcd07e9b1f4323bf74f3170fc0f78a","name":"Matheus Sangaletti","image":{"@type":"ImageObject","inLanguage":"fr-CA","@id":"https:\/\/espaconews.com\/#\/schema\/person\/image\/","url":"http:\/\/2.gravatar.com\/avatar\/280ea957a14a48e6a1ad2133d2cc27c9?s=96&d=mm&r=g","contentUrl":"http:\/\/2.gravatar.com\/avatar\/280ea957a14a48e6a1ad2133d2cc27c9?s=96&d=mm&r=g","caption":"Matheus Sangaletti"},"url":"http:\/\/espaconews.com\/fr_ca\/author\/matheuss\/"}]}},"_links":{"self":[{"href":"http:\/\/espaconews.com\/fr_ca\/wp-json\/wp\/v2\/posts\/2764"}],"collection":[{"href":"http:\/\/espaconews.com\/fr_ca\/wp-json\/wp\/v2\/posts"}],"about":[{"href":"http:\/\/espaconews.com\/fr_ca\/wp-json\/wp\/v2\/types\/post"}],"author":[{"embeddable":true,"href":"http:\/\/espaconews.com\/fr_ca\/wp-json\/wp\/v2\/users\/219"}],"replies":[{"embeddable":true,"href":"http:\/\/espaconews.com\/fr_ca\/wp-json\/wp\/v2\/comments?post=2764"}],"version-history":[{"count":1,"href":"http:\/\/espaconews.com\/fr_ca\/wp-json\/wp\/v2\/posts\/2764\/revisions"}],"predecessor-version":[{"id":2768,"href":"http:\/\/espaconews.com\/fr_ca\/wp-json\/wp\/v2\/posts\/2764\/revisions\/2768"}],"wp:featuredmedia":[{"embeddable":true,"href":"http:\/\/espaconews.com\/fr_ca\/wp-json\/wp\/v2\/media\/2765"}],"wp:attachment":[{"href":"http:\/\/espaconews.com\/fr_ca\/wp-json\/wp\/v2\/media?parent=2764"}],"wp:term":[{"taxonomy":"category","embeddable":true,"href":"http:\/\/espaconews.com\/fr_ca\/wp-json\/wp\/v2\/categories?post=2764"},{"taxonomy":"post_tag","embeddable":true,"href":"http:\/\/espaconews.com\/fr_ca\/wp-json\/wp\/v2\/tags?post=2764"}],"curies":[{"name":"wp","href":"https:\/\/api.w.org\/{rel}","templated":true}]}}