{"id":2751,"date":"2025-10-16T14:56:30","date_gmt":"2025-10-16T17:56:30","guid":{"rendered":"https:\/\/espaconews.com\/?p=2751"},"modified":"2025-10-16T15:05:16","modified_gmt":"2025-10-16T18:05:16","slug":"avances-en-biotecnologia-lo-que-promete-la-genetica","status":"publish","type":"post","link":"http:\/\/espaconews.com\/fr_ca\/avances-en-biotecnologia-lo-que-promete-la-genetica\/","title":{"rendered":"Progr\u00e8s en biotechnologie : ce que promet la g\u00e9n\u00e9tique"},"content":{"rendered":"<p class=\"has-text-align-center\"><strong>Progr\u00e8s en biotechnologie : ce que promet la g\u00e9n\u00e9tique<\/strong> Elle ouvre une fen\u00eatre sur l&#039;avenir de la science, de la sant\u00e9 et de la soci\u00e9t\u00e9.<\/p>\n\n\n\n<figure class=\"wp-block-gallery aligncenter has-nested-images columns-default is-cropped wp-block-gallery-1 is-layout-flex wp-block-gallery-is-layout-flex\">\n<figure class=\"wp-block-image size-full\"><img loading=\"lazy\" decoding=\"async\" width=\"550\" height=\"350\" data-id=\"2753\" src=\"https:\/\/espaconews.com\/wp-content\/uploads\/sites\/142\/2025\/10\/DESTAQUE-ESPACO-29-1.jpg\" alt=\"\" class=\"wp-image-2753\" srcset=\"http:\/\/espaconews.com\/wp-content\/uploads\/sites\/142\/2025\/10\/DESTAQUE-ESPACO-29-1.jpg 550w, http:\/\/espaconews.com\/wp-content\/uploads\/sites\/142\/2025\/10\/DESTAQUE-ESPACO-29-1-300x191.jpg 300w, http:\/\/espaconews.com\/wp-content\/uploads\/sites\/142\/2025\/10\/DESTAQUE-ESPACO-29-1-18x12.jpg 18w\" sizes=\"(max-width: 550px) 100vw, 550px\" \/><figcaption class=\"wp-element-caption\">CANVA<\/figcaption><\/figure>\n<\/figure>\n\n\n\n<p class=\"has-text-align-center\">Cet article vous pr\u00e9sentera les \u00e9tapes les plus r\u00e9centes et leur impact potentiel, organis\u00e9s selon une s\u00e9quence logique\u00a0: contexte mondial, applications m\u00e9dicales, agriculture, d\u00e9fis \u00e9thiques et r\u00e9glementaires, cas au Mexique et perspectives.<\/p>\n\n\n\n<p> Pourquoi est-ce important ? Parce que la g\u00e9n\u00e9tique et la biotechnologie ne sont plus seulement l&#039;affaire des laboratoires : elles transforment la fa\u00e7on dont les maladies sont pr\u00e9venues, dont le monde est nourri et dont les politiques scientifiques sont structur\u00e9es.<\/p>\n\n\n\n<h2 class=\"wp-block-heading\">Aper\u00e7u mondial : comment la biotechnologie progresse en 2025<\/h2>\n\n\n\n<p>En 2025, la biotechnologie conna\u00eet une phase d&#039;expansion. Le march\u00e9 mondial a atteint pr\u00e8s de <strong>478,5 milliards de dollars am\u00e9ricains<\/strong> en 2024 et devrait cro\u00eetre \u00e0 un taux de croissance annuel compos\u00e9 (TCAC) de 14,1 % entre 2025 et 2034. <\/p>\n\n\n\n<p>Les technologies de s\u00e9quen\u00e7age de nouvelle g\u00e9n\u00e9ration (NGS), l&#039;\u00e9dition g\u00e9nique et la biologie synth\u00e9tique sont \u00e0 l&#039;avant-garde de cette \u00e9volution.<\/p>\n\n\n\n<p>Un exemple : le d\u00e9veloppement de <strong>R\u00e9f\u00e9rence du pang\u00e9nome humain<\/strong>, qui int\u00e8gre de nouvelles r\u00e9gions g\u00e9n\u00e9tiques omises du g\u00e9nome de r\u00e9f\u00e9rence traditionnel, renforce la diversit\u00e9 g\u00e9n\u00e9tique dans les \u00e9tudes cliniques. <\/p>\n\n\n\n<p>De m\u00eame, la convergence entre l&#039;intelligence artificielle (IA) et la g\u00e9nomique s&#039;intensifie.<\/p>\n\n\n\n<p>Selon une \u00e9tude r\u00e9cente, les mod\u00e8les g\u00e9n\u00e9ratifs et les mod\u00e8les de langage (LLM) sont appliqu\u00e9s pour interpr\u00e9ter des variantes g\u00e9n\u00e9tiques complexes, bien qu&#039;ils soient encore confront\u00e9s \u00e0 des d\u00e9fis en mati\u00e8re d&#039;int\u00e9gration des donn\u00e9es cliniques, g\u00e9nomiques et d&#039;imagerie. <\/p>\n\n\n\n<p>La biologie synth\u00e9tique progresse \u00e9galement : des start-ups utilisent des cellules comme des \u00ab usines \u00bb pour produire des m\u00e9dicaments, des mat\u00e9riaux biod\u00e9gradables ou des carburants verts.<\/p>\n\n\n\n<p>Ce dynamisme mondial permet aux lecteurs de mieux comprendre. <strong>Progr\u00e8s en biotechnologie : ce que promet la g\u00e9n\u00e9tique<\/strong>.<\/p>\n\n\n\n<h2 class=\"wp-block-heading\">En mati\u00e8re de sant\u00e9 : la g\u00e9n\u00e9tique appliqu\u00e9e comme moteur de la m\u00e9decine personnalis\u00e9e<\/h2>\n\n\n\n<h3 class=\"wp-block-heading\">\u00c9dition g\u00e9nique plus s\u00fbre et plus cibl\u00e9e<\/h3>\n\n\n\n<p>La technologie CRISPR continue de faire la une des journaux, mais cela ne suffit plus.<\/p>\n\n\n\n<p>Des technologies telles que <strong>\u00e9dition de base<\/strong> et <strong>montage principal<\/strong>qui permettent de modifier une seule base de l&#039;ADN sans rompre le double brin, r\u00e9duisant ainsi le risque d&#039;insertions ind\u00e9sirables. <\/p>\n\n\n\n<p>Les chercheurs ont \u00e9galement mis au point des syst\u00e8mes guid\u00e9s par l&#039;IA pour concevoir les mol\u00e9cules. <em>ARN guide<\/em> (gRNA) avec une grande pr\u00e9cision et une probabilit\u00e9 plus faible d&#039;effets secondaires ind\u00e9sirables. <\/p>\n\n\n\n<p>Par exemple : un patient pr\u00e9sentant une mutation ponctuelle rare pourrait recevoir une th\u00e9rapie g\u00e9nique cibl\u00e9e qui corrige cette modification sp\u00e9cifique, sans alt\u00e9rer d&#039;autres r\u00e9gions du g\u00e9nome (il s&#039;agirait de l&#039;exemple original 1 de cet article).<\/p>\n\n\n\n<h3 class=\"wp-block-heading\">Diagnostics g\u00e9nomiques et multi-omiques<\/h3>\n\n\n\n<p>Aujourd&#039;hui, le s\u00e9quen\u00e7age de g\u00e8nes isol\u00e9s ne suffit plus.<\/p>\n\n\n\n<p>Les plateformes d&#039;analyse combinent la g\u00e9nomique, la transcriptomique et la prot\u00e9omique (multi-omique) pour une \u00e9valuation compl\u00e8te de l&#039;\u00e9tat biologique. <\/p>\n\n\n\n<p>Gr\u00e2ce \u00e0 cela, les oncologues peuvent identifier les variations somatiques dans les tumeurs malignes, pr\u00e9dire la r\u00e9ponse aux m\u00e9dicaments ou d\u00e9tecter l&#039;\u00e9mergence de r\u00e9sistances.<\/p>\n\n\n\n<p>Chez une patiente atteinte d\u2019un cancer du sein, par exemple, le profil g\u00e9n\u00e9tique de la tumeur est cr\u00e9\u00e9, la mutation motrice est d\u00e9termin\u00e9e et le traitement est adapt\u00e9 en temps r\u00e9el (exemple original 2).<\/p>\n\n\n\n<h3 class=\"wp-block-heading\">Formules de personnalisation et de pr\u00e9vention<\/h3>\n\n\n\n<p>La m\u00e9decine personnalis\u00e9e n&#039;est plus une simple promesse ; elle devient une r\u00e9alit\u00e9.<\/p>\n\n\n\n<p>Une \u00e9tude men\u00e9e dans le cadre de l&#039;Hispanic Community Health Study \/ Study of Latinos analyse comment les variations g\u00e9n\u00e9tiques au sein des populations latines influencent les maladies chroniques, en adaptant les profils de risque aux sp\u00e9cificit\u00e9s culturelles.<\/p>\n\n\n\n<p>La question rh\u00e9torique\u00a0: ne souhaiteriez-vous pas que votre traitement soit adapt\u00e9 \u00e0 votre ADN, et non \u00e0 la moyenne des autres populations\u00a0?<\/p>\n\n\n\n<h2 class=\"wp-block-heading\">Agriculture et durabilit\u00e9\u00a0: des cultures plus r\u00e9silientes et une production intelligente<\/h2>\n\n\n\n<p>Le <strong>Progr\u00e8s en biotechnologie : ce que promet la g\u00e9n\u00e9tique<\/strong> Ils ne se contentent pas d&#039;observer le corps humain : ils interviennent dans ce que nous mangeons, dans la fa\u00e7on dont nous cultivons nos plantes et dans notre r\u00e9action face au changement climatique.<\/p>\n\n\n\n<p>Le Mexique fait face \u00e0 des d\u00e9fis uniques.<\/p>\n\n\n\n<p>Bien que des restrictions existent concernant les semences g\u00e9n\u00e9tiquement modifi\u00e9es (par exemple, la derni\u00e8re autorisation de culture de coton g\u00e9n\u00e9tiquement modifi\u00e9 remonte \u00e0 2019), des investissements ont \u00e9t\u00e9 r\u00e9alis\u00e9s dans la recherche et les protocoles de s\u00e9curit\u00e9 pour l&#039;\u00e9dition g\u00e9nique des plantes.<\/p>\n\n\n\n<p>Le march\u00e9 de la g\u00e9nomique au Mexique a atteint 460,8 millions de dollars am\u00e9ricains en 2024 ; il devrait atteindre 1 509,7 millions de dollars am\u00e9ricains d&#039;ici 2033, avec un taux de croissance annuel moyen de 12,6 %. <\/p>\n\n\n\n<p>Cela signifie que les secteurs de l&#039;agriculture, des biotechnologies et de la sant\u00e9 convergent pour renforcer l&#039;infrastructure g\u00e9n\u00e9tique nationale.<\/p>\n\n\n\n<p>En agriculture avanc\u00e9e, des cultures ont \u00e9t\u00e9 d\u00e9velopp\u00e9es gr\u00e2ce \u00e0 la modification g\u00e9n\u00e9tique cibl\u00e9e, capables de tol\u00e9rer la s\u00e9cheresse, les ravageurs ou les sols salins.<\/p>\n\n\n\n<p>On \u00e9tudie \u00e9galement des micro-organismes qui am\u00e9liorent la sant\u00e9 des sols en modifiant leur microbiome afin d&#039;accro\u00eetre les rendements sans engrais chimiques.<\/p>\n\n\n\n<p>Un fait pertinent\u00a0: en 2024, une greffe de rein modifi\u00e9e d\u2019origine porcine chez l\u2019homme a \u00e9t\u00e9 rapport\u00e9e, g\u00e9n\u00e9tiquement ajust\u00e9e pour r\u00e9duire le rejet immunitaire.<\/p>\n\n\n\n<p>C&#039;est un indicateur puissant : la g\u00e9n\u00e9tique n&#039;est pas de la fiction, elle est d\u00e9sormais pr\u00e9sente dans les cliniques et les exploitations agricoles.<\/p>\n\n\n\n<h2 class=\"wp-block-heading\">D\u00e9fis \u00e9thiques, r\u00e9glementaires et de confiance du public<\/h2>\n\n\n\n<p>Aucun progr\u00e8s scientifique n&#039;est exempt de controverses. <strong>Progr\u00e8s en biotechnologie : ce que promet la g\u00e9n\u00e9tique<\/strong>Des questions fondamentales se posent concernant l&#039;\u00e9thique, l&#039;\u00e9quit\u00e9 et la gouvernance.<\/p>\n\n\n\n<h3 class=\"wp-block-heading\">cadre r\u00e9glementaire national et mondial<\/h3>\n\n\n\n<p>Au Mexique, les propositions de r\u00e9forme r\u00e9glementaire tentent d&#039;harmoniser l&#039;\u00e9dition du g\u00e9nome humain avec les normes internationales, mais des lacunes juridiques subsistent.<\/p>\n\n\n\n<p>\u00c0 l&#039;\u00e9chelle mondiale, la cr\u00e9ation de <em>Atlas des biotechnologies \u00e9mergentes<\/em> Elle vise \u00e0 fournir des orientations aux gouvernements sur les technologies \u00e9mergentes sans recourir \u00e0 l&#039;alarmisme ni \u00e0 la na\u00efvet\u00e9.<\/p>\n\n\n\n<p>Le d\u00e9fi r\u00e9glementaire consiste \u00e0 d\u00e9finir dans quelle mesure il est permis de modifier les embryons, de modifier la lign\u00e9e germinale (h\u00e9r\u00e9ditaire) ou d&#039;utiliser les biotechnologies en agriculture sans compromettre la biodiversit\u00e9.<\/p>\n\n\n\n<h3 class=\"wp-block-heading\">Vie priv\u00e9e, consentement et in\u00e9galit\u00e9s<\/h3>\n\n\n\n<p>L\u2019accumulation de donn\u00e9es g\u00e9nomiques pose des risques pour la vie priv\u00e9e. Le consentement \u00e9clair\u00e9 doit \u00eatre clairement expliqu\u00e9 et les individus doivent avoir le contr\u00f4le de leurs donn\u00e9es.<\/p>\n\n\n\n<p>L&#039;\u00e9quit\u00e9 compte aussi : si seuls quelques-uns ont acc\u00e8s aux th\u00e9rapies g\u00e9niques, les in\u00e9galit\u00e9s m\u00e9dicales se creusent.<\/p>\n\n\n\n<p>De plus, les populations autochtones peuvent se m\u00e9fier de la recherche g\u00e9n\u00e9tique en l&#039;absence de participation active de la communaut\u00e9.<\/p>\n\n\n\n<p>Le respect des cultures est essentiel \u00e0 la confiance.<\/p>\n\n\n\n<h3 class=\"wp-block-heading\">Risques biologiques et bios\u00e9curit\u00e9<\/h3>\n\n\n\n<p>La modification des organismes vivants peut engendrer des effets impr\u00e9vus sur les \u00e9cosyst\u00e8mes.<\/p>\n\n\n\n<p>La biologie synth\u00e9tique doit s&#039;accompagner de protocoles rigoureux de confinement et de surveillance.<\/p>\n\n\n\n<p>Il existe \u00e9galement un double danger : les technologies pacifiques peuvent se transformer en outils malveillants en l\u2019absence de surveillance internationale.<\/p>\n\n\n\n<h2 class=\"wp-block-heading\">Cas et tendances au Mexique<\/h2>\n\n\n\n<h3 class=\"wp-block-heading\">Projet oriGen<\/h3>\n\n\n\n<p>Le projet oriGen vise \u00e0 s\u00e9quencer les g\u00e9nomes de 100\u00a0000 Mexicains \u00e0 des fins de m\u00e9decine personnalis\u00e9e, d\u2019\u00e9tudes sur la variation g\u00e9n\u00e9tique et de renforcement de la sant\u00e9 publique.<\/p>\n\n\n\n<p>Cette initiative contribuera \u00e0 la connaissance locale des variantes sp\u00e9cifiques mexicaines et permettra d&#039;adapter plus pr\u00e9cis\u00e9ment les th\u00e9rapies g\u00e9n\u00e9tiques \u00e0 la population nationale.<\/p>\n\n\n\n<h3 class=\"wp-block-heading\">startups mexicaines en biotechnologie<\/h3>\n\n\n\n<p>Parmi les projets exceptionnels, <strong>GeneProDx<\/strong> Elle offre des services de diagnostic g\u00e9n\u00e9tique plus accessibles et \u00e9volutifs en Am\u00e9rique latine, favorisant ainsi la d\u00e9mocratisation de la g\u00e9nomique.<\/p>\n\n\n\n<p>D&#039;autres start-ups travaillent dans le domaine des biotechnologies agricoles, en modifiant les cultures locales par \u00e9dition g\u00e9n\u00e9tique afin d&#039;optimiser le rendement ou la r\u00e9sistance environnementale.<\/p>\n\n\n\n<h3 class=\"wp-block-heading\">D\u00e9fis de la politique agricole<\/h3>\n\n\n\n<p>Bien que la biotechnologie suscite un int\u00e9r\u00eat certain, le Mexique restreint l&#039;utilisation des cultures g\u00e9n\u00e9tiquement modifi\u00e9es dans certains produits.<\/p>\n\n\n\n<p>Par exemple, l&#039;industrie cotonni\u00e8re subit des pertes car aucune nouvelle vari\u00e9t\u00e9 g\u00e9n\u00e9tiquement modifi\u00e9e n&#039;a \u00e9t\u00e9 approuv\u00e9e depuis 2019.<\/p>\n\n\n\n<p>Ce contraste r\u00e9v\u00e8le que les progr\u00e8s scientifiques se heurtent souvent \u00e0 des politiques agricoles conservatrices ou \u00e0 des craintes sociales.<\/p>\n\n\n\n<h2 class=\"wp-block-heading\">Perspectives et horizon : \u00e0 quoi s&#039;attendre<\/h2>\n\n\n\n<h3 class=\"wp-block-heading\">d\u00e9mocratisation de l&#039;acc\u00e8s \u00e0 la g\u00e9n\u00e9tique<\/h3>\n\n\n\n<p>Avec la baisse constante des co\u00fbts de s\u00e9quen\u00e7age et l&#039;accessibilit\u00e9 accrue des plateformes d&#039;IA, il sera bient\u00f4t possible pour chacun de conna\u00eetre sa \u00ab carte g\u00e9n\u00e9tique \u00bb pr\u00e9ventive, d&#039;identifier les risques et de recevoir des recommandations personnalis\u00e9es.<\/p>\n\n\n\n<h3 class=\"wp-block-heading\">Th\u00e9rapies de nouvelle g\u00e9n\u00e9ration<\/h3>\n\n\n\n<p>Il semble que d&#039;ici la fin de la d\u00e9cennie, de nombreuses maladies rares actuellement incurables trouveront une solution g\u00e9n\u00e9tique. L&#039;association de la modification g\u00e9n\u00e9tique (CRISPR et th\u00e9rapies cellulaires) promet de corriger plus efficacement les anomalies monog\u00e9niques.<\/p>\n\n\n\n<h3 class=\"wp-block-heading\">Convergence avec les technologies \u00e9mergentes<\/h3>\n\n\n\n<p>La biotechnologie ne fonctionne plus de mani\u00e8re isol\u00e9e : elle collabore avec la nanotechnologie, les biocapteurs, les mat\u00e9riaux intelligents et m\u00eame la blockchain pour garantir la transparence des cha\u00eenes g\u00e9n\u00e9tiques.<\/p>\n\n\n\n<h3 class=\"wp-block-heading\">gouvernance mondiale collaborative<\/h3>\n\n\n\n<p>De sorte que <strong>Progr\u00e8s en biotechnologie : ce que promet la g\u00e9n\u00e9tique<\/strong> Pour que cela se traduise par un b\u00e9n\u00e9fice collectif, une coop\u00e9ration internationale est n\u00e9cessaire en mati\u00e8re de r\u00e9glementation, de financement et d&#039;\u00e9thique.<\/p>\n\n\n\n<p>Les pays disposant de moins de ressources ne peuvent pas \u00eatre laiss\u00e9s pour compte.<\/p>\n\n\n\n<h2 class=\"wp-block-heading\">Tableau comparatif des technologies prometteuses<\/h2>\n\n\n\n<p>Voici un tableau r\u00e9capitulant certaines technologies r\u00e9centes, leur \u00e9tat d&#039;avancement et leur impact potentiel\u00a0:<\/p>\n\n\n\n<figure class=\"wp-block-table\"><table><thead><tr><th>Technologie \/ approche<\/th><th>\u00c9tat actuel (2025)<\/th><th>Potentiel promis<\/th><\/tr><\/thead><tbody><tr><td>\u00c9dition de base \/ \u00e9dition de base<\/td><td>Dans les essais pr\u00e9cliniques et de phase pr\u00e9coce<\/td><td>Correction cibl\u00e9e des mutations \u00e0 faible risque<\/td><\/tr><tr><td>IA pour la conception de gRNA<\/td><td>Utilisation exp\u00e9rimentale dans des laboratoires de pointe<\/td><td>Plus de pr\u00e9cision, moins d&#039;effets secondaires<\/td><\/tr><tr><td>S\u00e9quen\u00e7age rapide (Nanopore \/ NovaSeq)<\/td><td>instruments commerciaux en expansion<\/td><td>Des diagnostics plus rapides et moins chers<\/td><\/tr><tr><td>\u00c9dition g\u00e9n\u00e9tique des plantes<\/td><td>\u00c9tudes d&#039;essais ou champ restreint<\/td><td>Cultures r\u00e9sistantes, rendement sup\u00e9rieur<\/td><\/tr><tr><td>multi-omiques int\u00e9gr\u00e9es<\/td><td>Utilis\u00e9 dans les centres de pointe<\/td><td>Diagnostics holistiques et personnalis\u00e9s<\/td><\/tr><\/tbody><\/table><figcaption class=\"wp-element-caption\">Progr\u00e8s en biotechnologie : ce que promet la g\u00e9n\u00e9tique<\/figcaption><\/figure>\n\n\n\n<figure class=\"wp-block-gallery aligncenter has-nested-images columns-default is-cropped wp-block-gallery-2 is-layout-flex wp-block-gallery-is-layout-flex\">\n<figure class=\"wp-block-image size-full\"><img loading=\"lazy\" decoding=\"async\" width=\"550\" height=\"350\" data-id=\"2754\" src=\"https:\/\/espaconews.com\/wp-content\/uploads\/sites\/142\/2025\/10\/DESTAQUE-ESPACO-30.jpg\" alt=\"\" class=\"wp-image-2754\" srcset=\"http:\/\/espaconews.com\/wp-content\/uploads\/sites\/142\/2025\/10\/DESTAQUE-ESPACO-30.jpg 550w, http:\/\/espaconews.com\/wp-content\/uploads\/sites\/142\/2025\/10\/DESTAQUE-ESPACO-30-300x191.jpg 300w, http:\/\/espaconews.com\/wp-content\/uploads\/sites\/142\/2025\/10\/DESTAQUE-ESPACO-30-18x12.jpg 18w\" sizes=\"(max-width: 550px) 100vw, 550px\" \/><figcaption class=\"wp-element-caption\">CANVA<\/figcaption><\/figure>\n<\/figure>\n\n\n\n<p>En savoir plus:\u00a0<a href=\"http:\/\/espaconews.com\/fr_ca\/preguntas-mas-frecuentes-en-entrevistas\/\">Questions les plus fr\u00e9quemment pos\u00e9es lors des entretiens<\/a><\/p>\n\n\n\n<h2 class=\"wp-block-heading\">Conclusion<\/h2>\n\n\n\n<p>Le <strong>Progr\u00e8s en biotechnologie : ce que promet la g\u00e9n\u00e9tique<\/strong> Ils nous invitent \u00e0 imaginer un monde o\u00f9 les maladies sont pr\u00e9venues gr\u00e2ce \u00e0 un profil g\u00e9n\u00e9tique, o\u00f9 l&#039;agriculture s&#039;adapte au climat gr\u00e2ce \u00e0 l&#039;\u00e9dition g\u00e9nique, et o\u00f9 l&#039;\u00e9thique et la science sont en dialogue constant.<\/p>\n\n\n\n<p>Il ne s&#039;agit pas d&#039;un avenir lointain, mais de transformations d\u00e9j\u00e0 en cours.<\/p>\n\n\n\n<p>Cependant, tout n&#039;est pas certain. La r\u00e9glementation, la confiance du public, l&#039;acc\u00e8s \u00e9quitable et le contr\u00f4le \u00e9thique seront tout aussi essentiels que les d\u00e9couvertes scientifiques elles-m\u00eames.<\/p>\n\n\n\n<p>Le v\u00e9ritable succ\u00e8s r\u00e9sidera dans l&#039;application de ces progr\u00e8s au profit de la majorit\u00e9, la r\u00e9duction des in\u00e9galit\u00e9s et la pr\u00e9servation de l&#039;int\u00e9grit\u00e9 biologique de la plan\u00e8te.<\/p>\n\n\n\n<p>En savoir plus:\u00a0<a href=\"http:\/\/espaconews.com\/fr_ca\/inteligencia-artificial-en-las-aulas-ventajas-y-riesgos\/\">L&#039;intelligence artificielle en classe : avantages et risques<\/a><\/p>\n\n\n\n<h2 class=\"wp-block-heading\">Foire aux questions (FAQ)<\/h2>\n\n\n\n<p><strong>Que signifie exactement \u00ab biotechnologie g\u00e9n\u00e9tique \u00bb ?<\/strong><br>Il s&#039;agit de l&#039;utilisation d&#039;outils g\u00e9n\u00e9tiques tels que l&#039;\u00e9dition, le s\u00e9quen\u00e7age et la synth\u00e8se de l&#039;ADN pour modifier les organismes, cr\u00e9er des th\u00e9rapies, am\u00e9liorer les cultures et comprendre la biologie.<\/p>\n\n\n\n<p><strong>La th\u00e9rapie g\u00e9nique est-elle sans danger pour l&#039;\u00eatre humain aujourd&#039;hui\u00a0?<\/strong><br>Il existe des exemples de r\u00e9ussite et des essais rigoureux, mais chaque cas est unique.<\/p>\n\n\n\n<p>La conception, la validation et le suivi doivent respecter des normes \u00e9thiques \u00e9lev\u00e9es et garantir que les avantages l&#039;emportent sur les risques.<\/p>\n\n\n\n<p><strong>Le Mexique est-il \u00e0 la tra\u00eene en mati\u00e8re de biotechnologie g\u00e9n\u00e9tique\u00a0?<\/strong><br>Pas enti\u00e8rement, mais elle se heurte \u00e0 des obstacles r\u00e9glementaires et d&#039;investissement.<\/p>\n\n\n\n<p>Des projets comme oriGen ou des startups montrent qu&#039;il existe une voie active vers la consolidation.<\/p>\n\n\n\n<p><strong>La modification g\u00e9n\u00e9tique pr\u00e9sente-t-elle des risques pour l&#039;\u00e9cosyst\u00e8me\u00a0?<\/strong><br>Oui, il y a des l\u00e2chers indiscrimin\u00e9s.<\/p>\n\n\n\n<p>C\u2019est pourquoi les m\u00e9canismes de confinement, les \u00e9valuations d\u2019impact \u00e9cologique et les r\u00e8gles internationales de bios\u00e9curit\u00e9 sont n\u00e9cessaires.<\/p>\n\n\n\n<p><strong>La biotechnologie sera-t-elle accessible \u00e0 tous ?<\/strong><br>C\u2019est l\u00e0 tout le d\u00e9fi\u00a0: veiller \u00e0 ce que cela ne devienne pas un privil\u00e8ge. <\/p>\n\n\n\n<p>Les politiques publiques, les subventions et la collaboration mondiale seront essentielles pour que la g\u00e9n\u00e9tique profite \u00e0 de multiples communaut\u00e9s.<\/p>","protected":false},"excerpt":{"rendered":"<p>Avances en biotecnolog\u00eda: lo que promete la gen\u00e9tica abre una ventana al futuro de la ciencia, salud y sociedad. En este art\u00edculo te mostrar\u00e1s los hitos m\u00e1s recientes y su impacto posible, organizado en un recorrido l\u00f3gico: contexto global, aplicaciones m\u00e9dicas, agricultura, desaf\u00edos \u00e9ticos\/regulatorios, casos en M\u00e9xico y perspectivas. \u00bfPor qu\u00e9 importa? Porque la gen\u00e9tica [&hellip;]<\/p>","protected":false},"author":219,"featured_media":2752,"comment_status":"closed","ping_status":"open","sticky":false,"template":"","format":"standard","meta":{"footnotes":""},"categories":[6],"tags":[],"yoast_head":"<!-- This site is optimized with the Yoast SEO plugin v23.3 - https:\/\/yoast.com\/wordpress\/plugins\/seo\/ -->\n<title>Avances en biotecnolog\u00eda: lo que promete la gen\u00e9tica - Espa\u00e7o News<\/title>\n<meta name=\"description\" content=\"Avances en biotecnolog\u00eda: lo que promete la gen\u00e9tica abre una ventana al futuro de la ciencia, salud y sociedad.\" \/>\n<meta name=\"robots\" content=\"index, follow, max-snippet:-1, max-image-preview:large, max-video-preview:-1\" \/>\n<link rel=\"canonical\" href=\"http:\/\/espaconews.com\/fr_ca\/avances-en-biotecnologia-lo-que-promete-la-genetica\/\" \/>\n<meta property=\"og:locale\" content=\"fr_CA\" \/>\n<meta property=\"og:type\" content=\"article\" \/>\n<meta property=\"og:title\" content=\"Avances en biotecnolog\u00eda: lo que promete la gen\u00e9tica - Espa\u00e7o News\" \/>\n<meta property=\"og:description\" content=\"Avances en biotecnolog\u00eda: lo que promete la gen\u00e9tica abre una ventana al futuro de la ciencia, salud y sociedad.\" \/>\n<meta property=\"og:url\" content=\"http:\/\/espaconews.com\/fr_ca\/avances-en-biotecnologia-lo-que-promete-la-genetica\/\" \/>\n<meta property=\"og:site_name\" content=\"Espa\u00e7o News\" \/>\n<meta property=\"article:published_time\" content=\"2025-10-16T17:56:30+00:00\" \/>\n<meta property=\"article:modified_time\" content=\"2025-10-16T18:05:16+00:00\" \/>\n<meta property=\"og:image\" content=\"http:\/\/espaconews.com\/wp-content\/uploads\/sites\/142\/2025\/10\/DESTAQUE-ESPACO-29.jpg\" \/>\n\t<meta property=\"og:image:width\" content=\"550\" \/>\n\t<meta property=\"og:image:height\" content=\"350\" \/>\n\t<meta property=\"og:image:type\" content=\"image\/jpeg\" \/>\n<meta name=\"author\" content=\"Matheus Sangaletti\" \/>\n<meta name=\"twitter:card\" content=\"summary_large_image\" \/>\n<meta name=\"twitter:label1\" content=\"Written by\" \/>\n\t<meta name=\"twitter:data1\" content=\"Matheus Sangaletti\" \/>\n\t<meta name=\"twitter:label2\" content=\"Est. reading time\" \/>\n\t<meta name=\"twitter:data2\" content=\"10 minutes\" \/>\n<script type=\"application\/ld+json\" class=\"yoast-schema-graph\">{\"@context\":\"https:\/\/schema.org\",\"@graph\":[{\"@type\":\"WebPage\",\"@id\":\"http:\/\/espaconews.com\/fr\/avances-en-biotecnologia-lo-que-promete-la-genetica\/\",\"url\":\"http:\/\/espaconews.com\/fr\/avances-en-biotecnologia-lo-que-promete-la-genetica\/\",\"name\":\"Avances en biotecnolog\u00eda: lo que promete la gen\u00e9tica - Espa\u00e7o News\",\"isPartOf\":{\"@id\":\"https:\/\/espaconews.com\/#website\"},\"primaryImageOfPage\":{\"@id\":\"http:\/\/espaconews.com\/fr\/avances-en-biotecnologia-lo-que-promete-la-genetica\/#primaryimage\"},\"image\":{\"@id\":\"http:\/\/espaconews.com\/fr\/avances-en-biotecnologia-lo-que-promete-la-genetica\/#primaryimage\"},\"thumbnailUrl\":\"http:\/\/espaconews.com\/wp-content\/uploads\/sites\/142\/2025\/10\/DESTAQUE-ESPACO-29.jpg\",\"datePublished\":\"2025-10-16T17:56:30+00:00\",\"dateModified\":\"2025-10-16T18:05:16+00:00\",\"author\":{\"@id\":\"https:\/\/espaconews.com\/#\/schema\/person\/92fcd07e9b1f4323bf74f3170fc0f78a\"},\"description\":\"Avances en biotecnolog\u00eda: lo que promete la gen\u00e9tica abre una ventana al futuro de la ciencia, salud y sociedad.\",\"breadcrumb\":{\"@id\":\"http:\/\/espaconews.com\/fr\/avances-en-biotecnologia-lo-que-promete-la-genetica\/#breadcrumb\"},\"inLanguage\":\"fr-CA\",\"potentialAction\":[{\"@type\":\"ReadAction\",\"target\":[\"http:\/\/espaconews.com\/fr\/avances-en-biotecnologia-lo-que-promete-la-genetica\/\"]}]},{\"@type\":\"ImageObject\",\"inLanguage\":\"fr-CA\",\"@id\":\"http:\/\/espaconews.com\/fr\/avances-en-biotecnologia-lo-que-promete-la-genetica\/#primaryimage\",\"url\":\"http:\/\/espaconews.com\/wp-content\/uploads\/sites\/142\/2025\/10\/DESTAQUE-ESPACO-29.jpg\",\"contentUrl\":\"http:\/\/espaconews.com\/wp-content\/uploads\/sites\/142\/2025\/10\/DESTAQUE-ESPACO-29.jpg\",\"width\":550,\"height\":350},{\"@type\":\"BreadcrumbList\",\"@id\":\"http:\/\/espaconews.com\/fr\/avances-en-biotecnologia-lo-que-promete-la-genetica\/#breadcrumb\",\"itemListElement\":[{\"@type\":\"ListItem\",\"position\":1,\"name\":\"Home\",\"item\":\"https:\/\/espaconews.com\/\"},{\"@type\":\"ListItem\",\"position\":2,\"name\":\"Avances en biotecnolog\u00eda: lo que promete la gen\u00e9tica\"}]},{\"@type\":\"WebSite\",\"@id\":\"https:\/\/espaconews.com\/#website\",\"url\":\"https:\/\/espaconews.com\/\",\"name\":\"Espa\u00e7o News\",\"description\":\"\",\"potentialAction\":[{\"@type\":\"SearchAction\",\"target\":{\"@type\":\"EntryPoint\",\"urlTemplate\":\"https:\/\/espaconews.com\/?s={search_term_string}\"},\"query-input\":\"required name=search_term_string\"}],\"inLanguage\":\"fr-CA\"},{\"@type\":\"Person\",\"@id\":\"https:\/\/espaconews.com\/#\/schema\/person\/92fcd07e9b1f4323bf74f3170fc0f78a\",\"name\":\"Matheus Sangaletti\",\"image\":{\"@type\":\"ImageObject\",\"inLanguage\":\"fr-CA\",\"@id\":\"https:\/\/espaconews.com\/#\/schema\/person\/image\/\",\"url\":\"http:\/\/2.gravatar.com\/avatar\/280ea957a14a48e6a1ad2133d2cc27c9?s=96&d=mm&r=g\",\"contentUrl\":\"http:\/\/2.gravatar.com\/avatar\/280ea957a14a48e6a1ad2133d2cc27c9?s=96&d=mm&r=g\",\"caption\":\"Matheus Sangaletti\"},\"url\":\"http:\/\/espaconews.com\/fr_ca\/author\/matheuss\/\"}]}<\/script>\n<!-- \/ Yoast SEO plugin. -->","yoast_head_json":{"title":"Avances en biotecnolog\u00eda: lo que promete la gen\u00e9tica - Espa\u00e7o News","description":"Avances en biotecnolog\u00eda: lo que promete la gen\u00e9tica abre una ventana al futuro de la ciencia, salud y sociedad.","robots":{"index":"index","follow":"follow","max-snippet":"max-snippet:-1","max-image-preview":"max-image-preview:large","max-video-preview":"max-video-preview:-1"},"canonical":"http:\/\/espaconews.com\/fr_ca\/avances-en-biotecnologia-lo-que-promete-la-genetica\/","og_locale":"fr_CA","og_type":"article","og_title":"Avances en biotecnolog\u00eda: lo que promete la gen\u00e9tica - Espa\u00e7o News","og_description":"Avances en biotecnolog\u00eda: lo que promete la gen\u00e9tica abre una ventana al futuro de la ciencia, salud y sociedad.","og_url":"http:\/\/espaconews.com\/fr_ca\/avances-en-biotecnologia-lo-que-promete-la-genetica\/","og_site_name":"Espa\u00e7o News","article_published_time":"2025-10-16T17:56:30+00:00","article_modified_time":"2025-10-16T18:05:16+00:00","og_image":[{"width":550,"height":350,"url":"http:\/\/espaconews.com\/wp-content\/uploads\/sites\/142\/2025\/10\/DESTAQUE-ESPACO-29.jpg","type":"image\/jpeg"}],"author":"Matheus Sangaletti","twitter_card":"summary_large_image","twitter_misc":{"Written by":"Matheus Sangaletti","Est. reading time":"10 minutes"},"schema":{"@context":"https:\/\/schema.org","@graph":[{"@type":"WebPage","@id":"http:\/\/espaconews.com\/fr\/avances-en-biotecnologia-lo-que-promete-la-genetica\/","url":"http:\/\/espaconews.com\/fr\/avances-en-biotecnologia-lo-que-promete-la-genetica\/","name":"Avances en biotecnolog\u00eda: lo que promete la gen\u00e9tica - Espa\u00e7o News","isPartOf":{"@id":"https:\/\/espaconews.com\/#website"},"primaryImageOfPage":{"@id":"http:\/\/espaconews.com\/fr\/avances-en-biotecnologia-lo-que-promete-la-genetica\/#primaryimage"},"image":{"@id":"http:\/\/espaconews.com\/fr\/avances-en-biotecnologia-lo-que-promete-la-genetica\/#primaryimage"},"thumbnailUrl":"http:\/\/espaconews.com\/wp-content\/uploads\/sites\/142\/2025\/10\/DESTAQUE-ESPACO-29.jpg","datePublished":"2025-10-16T17:56:30+00:00","dateModified":"2025-10-16T18:05:16+00:00","author":{"@id":"https:\/\/espaconews.com\/#\/schema\/person\/92fcd07e9b1f4323bf74f3170fc0f78a"},"description":"Avances en biotecnolog\u00eda: lo que promete la gen\u00e9tica abre una ventana al futuro de la ciencia, salud y sociedad.","breadcrumb":{"@id":"http:\/\/espaconews.com\/fr\/avances-en-biotecnologia-lo-que-promete-la-genetica\/#breadcrumb"},"inLanguage":"fr-CA","potentialAction":[{"@type":"ReadAction","target":["http:\/\/espaconews.com\/fr\/avances-en-biotecnologia-lo-que-promete-la-genetica\/"]}]},{"@type":"ImageObject","inLanguage":"fr-CA","@id":"http:\/\/espaconews.com\/fr\/avances-en-biotecnologia-lo-que-promete-la-genetica\/#primaryimage","url":"http:\/\/espaconews.com\/wp-content\/uploads\/sites\/142\/2025\/10\/DESTAQUE-ESPACO-29.jpg","contentUrl":"http:\/\/espaconews.com\/wp-content\/uploads\/sites\/142\/2025\/10\/DESTAQUE-ESPACO-29.jpg","width":550,"height":350},{"@type":"BreadcrumbList","@id":"http:\/\/espaconews.com\/fr\/avances-en-biotecnologia-lo-que-promete-la-genetica\/#breadcrumb","itemListElement":[{"@type":"ListItem","position":1,"name":"Home","item":"https:\/\/espaconews.com\/"},{"@type":"ListItem","position":2,"name":"Avances en biotecnolog\u00eda: lo que promete la gen\u00e9tica"}]},{"@type":"WebSite","@id":"https:\/\/espaconews.com\/#website","url":"https:\/\/espaconews.com\/","name":"Espa\u00e7o News","description":"","potentialAction":[{"@type":"SearchAction","target":{"@type":"EntryPoint","urlTemplate":"https:\/\/espaconews.com\/?s={search_term_string}"},"query-input":"required name=search_term_string"}],"inLanguage":"fr-CA"},{"@type":"Person","@id":"https:\/\/espaconews.com\/#\/schema\/person\/92fcd07e9b1f4323bf74f3170fc0f78a","name":"Matheus Sangaletti","image":{"@type":"ImageObject","inLanguage":"fr-CA","@id":"https:\/\/espaconews.com\/#\/schema\/person\/image\/","url":"http:\/\/2.gravatar.com\/avatar\/280ea957a14a48e6a1ad2133d2cc27c9?s=96&d=mm&r=g","contentUrl":"http:\/\/2.gravatar.com\/avatar\/280ea957a14a48e6a1ad2133d2cc27c9?s=96&d=mm&r=g","caption":"Matheus Sangaletti"},"url":"http:\/\/espaconews.com\/fr_ca\/author\/matheuss\/"}]}},"_links":{"self":[{"href":"http:\/\/espaconews.com\/fr_ca\/wp-json\/wp\/v2\/posts\/2751"}],"collection":[{"href":"http:\/\/espaconews.com\/fr_ca\/wp-json\/wp\/v2\/posts"}],"about":[{"href":"http:\/\/espaconews.com\/fr_ca\/wp-json\/wp\/v2\/types\/post"}],"author":[{"embeddable":true,"href":"http:\/\/espaconews.com\/fr_ca\/wp-json\/wp\/v2\/users\/219"}],"replies":[{"embeddable":true,"href":"http:\/\/espaconews.com\/fr_ca\/wp-json\/wp\/v2\/comments?post=2751"}],"version-history":[{"count":2,"href":"http:\/\/espaconews.com\/fr_ca\/wp-json\/wp\/v2\/posts\/2751\/revisions"}],"predecessor-version":[{"id":2756,"href":"http:\/\/espaconews.com\/fr_ca\/wp-json\/wp\/v2\/posts\/2751\/revisions\/2756"}],"wp:featuredmedia":[{"embeddable":true,"href":"http:\/\/espaconews.com\/fr_ca\/wp-json\/wp\/v2\/media\/2752"}],"wp:attachment":[{"href":"http:\/\/espaconews.com\/fr_ca\/wp-json\/wp\/v2\/media?parent=2751"}],"wp:term":[{"taxonomy":"category","embeddable":true,"href":"http:\/\/espaconews.com\/fr_ca\/wp-json\/wp\/v2\/categories?post=2751"},{"taxonomy":"post_tag","embeddable":true,"href":"http:\/\/espaconews.com\/fr_ca\/wp-json\/wp\/v2\/tags?post=2751"}],"curies":[{"name":"wp","href":"https:\/\/api.w.org\/{rel}","templated":true}]}}