{"id":1149,"date":"2024-07-02T22:31:29","date_gmt":"2024-07-03T01:31:29","guid":{"rendered":"https:\/\/espaconews.com\/?p=1149"},"modified":"2024-07-02T22:31:29","modified_gmt":"2024-07-03T01:31:29","slug":"que-paso-con-la-actriz-de-la-pelicula-emmanuelle","status":"publish","type":"post","link":"http:\/\/espaconews.com\/fr_ca\/que-paso-con-la-actriz-de-la-pelicula-emmanuelle\/","title":{"rendered":"Qu&#039;est-il arriv\u00e9 \u00e0 l&#039;actrice du film Emmanuelle ?"},"content":{"rendered":"<p>Le film \u00ab\u00a0Emmanuelle\u00a0\u00bb a marqu\u00e9 les ann\u00e9es 1990, notamment aupr\u00e8s des amateurs de cin\u00e9ma \u00e9rotique. Mais savez-vous ce qu&#039;est devenue l&#039;actrice principale de ce classique\u00a0?<\/p>\n\n\n\n<p>Nous allons explorer le parcours de Sylvia Kristel, la star qui a donn\u00e9 vie \u00e0 Emmanuelle, de son ascension vers la gloire \u00e0 ses derniers jours.<\/p>\n\n\n\n<h2 class=\"wp-block-heading\">L&#039;ascension de Sylvia Kristel<\/h2>\n\n\n\n<p>Sylvia Kristel est n\u00e9e le 28 septembre 1952 aux Pays-Bas. Sa carri\u00e8re a d\u00e9coll\u00e9 \u00e0 l&#039;\u00e2ge de 22 ans, lorsqu&#039;elle a \u00e9t\u00e9 choisie pour jouer le r\u00f4le principal dans le film \u00ab Emmanuelle \u00bb (1974).<\/p>\n\n\n\n<p>Le film, adapt\u00e9 du roman \u00e9ponyme d&#039;Emmanuelle Arsan, a connu un succ\u00e8s imm\u00e9diat.<\/p>\n\n\n\n<p>L&#039;histoire suit Emmanuelle, une jeune femme qui explore sa sexualit\u00e9 lors de voyages exotiques, ce qui, \u00e0 l&#039;\u00e9poque, constituait une approche audacieuse et novatrice.<\/p>\n\n\n\n<p>La prestation de Sylvia Kristel \u00e9tait remarquable et a conf\u00e9r\u00e9 au personnage une touche de sophistication et de naturel, contribuant ainsi au succ\u00e8s du film.<\/p>\n\n\n\n<p>\u00ab Emmanuelle \u00bb a non seulement propuls\u00e9 Sylvia au rang de star, mais a \u00e9galement ouvert la voie \u00e0 une s\u00e9rie de suites et de films d\u00e9riv\u00e9s, devenant ainsi un ph\u00e9nom\u00e8ne culturel.<\/p>\n\n\n\n<h2 class=\"wp-block-heading\">La vie apr\u00e8s Emmanuelle<\/h2>\n\n\n\n<p>Suite au succ\u00e8s d\u2019\u00ab Emmanuelle \u00bb, Sylvia Kristel a particip\u00e9 \u00e0 plusieurs suites de la s\u00e9rie, dont \u00ab Emmanuelle 2 \u00bb (1975), \u00ab Adieu Emmanuelle \u00bb (1977) et \u00ab Emmanuelle 4 \u00bb (1984).<\/p>\n\n\n\n<p>En outre, elle a jou\u00e9 dans d&#039;autres films tels que \u00ab Alice ou la derni\u00e8re \u00e9vasion \u00bb (1977) et \u00ab L&#039;Amant de Lady Chatterley \u00bb (1981).<\/p>\n\n\n\n<p>Bien qu&#039;elle ait connu une grande c\u00e9l\u00e9brit\u00e9, Sylvia a d\u00fb relever des d\u00e9fis dans sa carri\u00e8re. Nombre de ses films n&#039;ont pas rencontr\u00e9 le m\u00eame succ\u00e8s qu&#039;\u00ab\u00a0Emmanuelle\u00a0\u00bb, et elle est rest\u00e9e \u00e0 jamais associ\u00e9e \u00e0 ce r\u00f4le.<\/p>\n\n\n\n<p>Cela a rendu difficile sa transition vers d&#039;autres types de personnages et de genres cin\u00e9matographiques.<\/p>\n\n\n\n<p>Outre ses difficult\u00e9s professionnelles, Sylvia traversait \u00e9galement une p\u00e9riode personnelle tumultueuse. Elle luttait contre la toxicomanie et l&#039;alcoolisme, des probl\u00e8mes qui ont affect\u00e9 \u00e0 la fois sa carri\u00e8re et sa sant\u00e9.<\/p>\n\n\n\n<p>Malgr\u00e9 cela, Sylvia a continu\u00e9 \u00e0 jouer la com\u00e9die et \u00e0 travailler sur divers projets, tout en maintenant un lien constant avec ses fans.<\/p>\n\n\n\n<p><\/p>\n\n\n\n<hr class=\"wp-block-separator has-text-color has-alpha-channel-opacity has-background is-style-wide\" style=\"background-color:#006196;color:#006196\"\/>\n\n\n\n<h2 class=\"wp-block-heading\">Lire aussi :<\/h2>\n\n\n\n<div class=\"wp-block-columns is-layout-flex wp-container-core-columns-layout-1 wp-block-columns-is-layout-flex\">\n<div class=\"wp-block-column is-layout-flow wp-block-column-is-layout-flow\">\n<div class=\"wp-block-buttons is-layout-flex wp-block-buttons-is-layout-flex\">\n<div class=\"wp-block-button has-custom-width wp-block-button__width-100\" style=\"text-decoration:none\"><a class=\"wp-block-button__link has-white-color has-text-color has-background has-link-color has-text-align-left wp-element-button\" href=\"https:\/\/espaconews.com\/fr_ca\/829\/aplicaciones-de-citas-encuentra-tu-pareja-perfecta\/\" style=\"border-radius:10px;background-color:#ff1919\" target=\"_blank\" rel=\"noreferrer noopener\"><font style=\"vertical-align: inherit;\"><font style=\"vertical-align: inherit;\">\ud83d\udccc <\/font><\/font>Trouvez votre partenaire id\u00e9al ! &gt;<\/a><\/div>\n\n\n\n<div class=\"wp-block-button has-custom-width wp-block-button__width-100\" style=\"text-decoration:none\"><a class=\"wp-block-button__link has-white-color has-text-color has-background has-link-color has-text-align-left wp-element-button\" href=\"https:\/\/espaconews.com\/fr_ca\/766\/localizador-de-celulares-en-tiempo-real\/\" style=\"border-radius:10px;background-color:#ff1919\" target=\"_blank\" rel=\"noreferrer noopener\"><font style=\"vertical-align: inherit;\"><font style=\"vertical-align: inherit;\">\ud83d\udccd<\/font><\/font>Prot\u00e9gez votre famille &gt;<\/a><\/div>\n<\/div>\n<\/div>\n<\/div>\n\n\n\n<hr class=\"wp-block-separator alignfull has-text-color has-alpha-channel-opacity has-background is-style-wide\" style=\"background-color:#006196;color:#006196\"\/>\n\n\n\n<p><\/p>\n\n\n\n<h4 class=\"wp-block-heading\">Les derni\u00e8res ann\u00e9es<\/h4>\n\n\n\n<p>Durant les derni\u00e8res ann\u00e9es de sa vie, Sylvia Kristel s&#039;est tourn\u00e9e vers d&#039;autres formes d&#039;art. Elle s&#039;est essay\u00e9e \u00e0 la peinture et a publi\u00e9 une autobiographie intitul\u00e9e \u00ab Nue \u00bb (2006), dans laquelle elle partageait des d\u00e9tails intimes de sa vie, notamment les hauts et les bas de sa carri\u00e8re cin\u00e9matographique.<\/p>\n\n\n\n<p>Malheureusement, la sant\u00e9 de Sylvia a commenc\u00e9 \u00e0 se d\u00e9t\u00e9riorer. En 2001, on lui a diagnostiqu\u00e9 un cancer de la gorge, puis un cancer du poumon.<\/p>\n\n\n\n<p>Apr\u00e8s une longue lutte contre la maladie, Sylvia Kristel est d\u00e9c\u00e9d\u00e9e le 17 octobre 2012, \u00e0 l&#039;\u00e2ge de 60 ans, dans sa ville natale d&#039;Utrecht, aux Pays-Bas.<\/p>\n\n\n<div class=\"wp-block-image\">\n<figure class=\"aligncenter size-full has-custom-border\"><img loading=\"lazy\" decoding=\"async\" width=\"550\" height=\"350\" src=\"http:\/\/espaconews.com\/wp-content\/uploads\/sites\/142\/2024\/07\/P-550x350-1-1.jpg\" alt=\"\" class=\"wp-image-1150\" style=\"border-radius:10px\" srcset=\"http:\/\/espaconews.com\/wp-content\/uploads\/sites\/142\/2024\/07\/P-550x350-1-1.jpg 550w, http:\/\/espaconews.com\/wp-content\/uploads\/sites\/142\/2024\/07\/P-550x350-1-1-300x191.jpg 300w\" sizes=\"(max-width: 550px) 100vw, 550px\" \/><figcaption class=\"wp-element-caption\">Qu&#039;est-il arriv\u00e9 \u00e0 l&#039;actrice du film Emmanuelle ?<\/figcaption><\/figure><\/div>\n\n\n<h2 class=\"wp-block-heading\">L&#039;h\u00e9ritage de Sylvia Kristel<\/h2>\n\n\n\n<p>Sylvia Kristel a laiss\u00e9 une empreinte ind\u00e9l\u00e9bile sur le cin\u00e9ma, notamment dans le genre \u00e9rotique. Son r\u00f4le d&#039;Emmanuelle reste grav\u00e9 dans les m\u00e9moires et c\u00e9l\u00e9br\u00e9 par les fans du monde entier.<\/p>\n\n\n\n<p>Son courage d&#039;accepter un r\u00f4le aussi controvers\u00e9 pour l&#039;\u00e9poque et son interpr\u00e9tation iconique lui ont assur\u00e9 une place dans l&#039;histoire du cin\u00e9ma.<\/p>\n\n\n\n<p>De plus, la vie de Sylvia nous rappelle la complexit\u00e9 de la c\u00e9l\u00e9brit\u00e9 et les d\u00e9fis auxquels de nombreuses c\u00e9l\u00e9brit\u00e9s sont confront\u00e9es hors des plateaux de tournage.<\/p>\n\n\n\n<p>Son histoire est un exemple de r\u00e9silience et de pers\u00e9v\u00e9rance, d\u00e9montrant que, malgr\u00e9 les obstacles, elle a continu\u00e9 \u00e0 poursuivre sa passion pour l&#039;art jusqu&#039;\u00e0 la fin de ses jours.<\/p>\n\n\n\n<h2 class=\"wp-block-heading\">Conclusion<\/h2>\n\n\n\n<p>Sylvia Kristel, l&#039;\u00e9ternelle Emmanuelle, fut une figure embl\u00e9matique des ann\u00e9es 1970 et 1980. Sa contribution au cin\u00e9ma \u00e9rotique et son impact culturel sont ind\u00e9niables.<\/p>\n\n\n\n<p>Malgr\u00e9 les \u00e9preuves personnelles et professionnelles qu&#039;elle a travers\u00e9es, elle a marqu\u00e9 de son empreinte l&#039;industrie cin\u00e9matographique. Pour en savoir plus sur la carri\u00e8re et la filmographie de Sylvia Kristel, consultez les liens suivants\u00a0:<\/p>\n\n\n\n<ul>\n<li><a>Biographie compl\u00e8te de Sylvia Kriste<\/a><a href=\"https:\/\/pt.wikipedia.org\/wiki\/Sylvia_Kristel\">l<\/a><\/li>\n<\/ul>\n\n\n\n<p>Nous esp\u00e9rons que cet article a suscit\u00e9 votre curiosit\u00e9 et vous a apport\u00e9 des informations pr\u00e9cieuses sur la vie et la carri\u00e8re de Sylvia Kristel.<\/p>\n\n\n\n<p>Partagez cet article avec vos amis et continuez \u00e0 suivre nos articles pour d\u00e9couvrir d&#039;autres histoires fascinantes du monde du cin\u00e9ma !<\/p>\n\n\n\n<p><\/p>\n\n\n\n<hr class=\"wp-block-separator has-text-color has-alpha-channel-opacity has-background is-style-wide\" style=\"background-color:#006196;color:#006196\"\/>\n\n\n\n<h2 class=\"wp-block-heading\">Lire aussi :<\/h2>\n\n\n\n<div class=\"wp-block-columns is-layout-flex wp-container-core-columns-layout-2 wp-block-columns-is-layout-flex\">\n<div class=\"wp-block-column is-layout-flow wp-block-column-is-layout-flow\">\n<div class=\"wp-block-buttons is-layout-flex wp-block-buttons-is-layout-flex\">\n<div class=\"wp-block-button has-custom-width wp-block-button__width-100\" style=\"text-decoration:none\"><a class=\"wp-block-button__link has-white-color has-text-color has-background has-link-color has-text-align-left wp-element-button\" href=\"https:\/\/espaconews.com\/fr_ca\/829\/aplicaciones-de-citas-encuentra-tu-pareja-perfecta\/\" style=\"border-radius:10px;background-color:#ff1919\" target=\"_blank\" rel=\"noreferrer noopener\"><font style=\"vertical-align: inherit;\"><font style=\"vertical-align: inherit;\">\ud83d\udccc <\/font><\/font>Trouvez votre partenaire id\u00e9al ! &gt;<\/a><\/div>\n\n\n\n<div class=\"wp-block-button has-custom-width wp-block-button__width-100\" style=\"text-decoration:none\"><a class=\"wp-block-button__link has-white-color has-text-color has-background has-link-color has-text-align-left wp-element-button\" href=\"https:\/\/espaconews.com\/fr_ca\/766\/localizador-de-celulares-en-tiempo-real\/\" style=\"border-radius:10px;background-color:#ff1919\" target=\"_blank\" rel=\"noreferrer noopener\"><font style=\"vertical-align: inherit;\"><font style=\"vertical-align: inherit;\">\ud83d\udccd<\/font><\/font>Prot\u00e9gez votre famille &gt;<\/a><\/div>\n<\/div>\n<\/div>\n<\/div>\n\n\n\n<hr class=\"wp-block-separator alignfull has-text-color has-alpha-channel-opacity has-background is-style-wide\" style=\"background-color:#006196;color:#006196\"\/>\n\n\n\n<p><\/p>","protected":false},"excerpt":{"rendered":"<p>La pel\u00edcula &#8220;Emmanuelle&#8221; marc\u00f3 la d\u00e9cada de 1990, especialmente entre los fan\u00e1ticos del cine er\u00f3tico. \u00bfPero sabes qu\u00e9 pas\u00f3 con la actriz principal de este cl\u00e1sico? Vamos a explorar la trayectoria de Sylvia Kristel, la estrella que dio vida a Emmanuelle, desde su ascenso a la fama hasta sus \u00faltimos d\u00edas. El Ascenso de Sylvia [&hellip;]<\/p>","protected":false},"author":0,"featured_media":1150,"comment_status":"closed","ping_status":"closed","sticky":false,"template":"","format":"standard","meta":{"footnotes":""},"categories":[4],"tags":[40,454],"yoast_head":"<!-- This site is optimized with the Yoast SEO plugin v23.3 - https:\/\/yoast.com\/wordpress\/plugins\/seo\/ -->\n<title>Qu\u00e9 Pas\u00f3 con la Actriz de la Pel\u00edcula Emmanuelle? - Espa\u00e7o News<\/title>\n<meta name=\"description\" content=\"Qu\u00e9 Pas\u00f3 con la Actriz de la Pel\u00edcula Emmanuelle? La pel\u00edcula &quot;Emmanuelle&quot; marc\u00f3 la d\u00e9cada de 1990, especialmente entre...\" \/>\n<meta name=\"robots\" content=\"index, follow, max-snippet:-1, max-image-preview:large, max-video-preview:-1\" \/>\n<link rel=\"canonical\" href=\"https:\/\/espaconews.com\/fr_ca\/que-paso-con-la-actriz-de-la-pelicula-emmanuelle\/\" \/>\n<meta property=\"og:locale\" content=\"fr_CA\" \/>\n<meta property=\"og:type\" content=\"article\" \/>\n<meta property=\"og:title\" content=\"Qu\u00e9 Pas\u00f3 con la Actriz de la Pel\u00edcula Emmanuelle? - Espa\u00e7o News\" \/>\n<meta property=\"og:description\" content=\"Qu\u00e9 Pas\u00f3 con la Actriz de la Pel\u00edcula Emmanuelle? La pel\u00edcula &quot;Emmanuelle&quot; marc\u00f3 la d\u00e9cada de 1990, especialmente entre...\" \/>\n<meta property=\"og:url\" content=\"https:\/\/espaconews.com\/fr_ca\/que-paso-con-la-actriz-de-la-pelicula-emmanuelle\/\" \/>\n<meta property=\"og:site_name\" content=\"Espa\u00e7o News\" \/>\n<meta property=\"article:published_time\" content=\"2024-07-03T01:31:29+00:00\" \/>\n<meta property=\"og:image\" content=\"https:\/\/espaconews.com\/wp-content\/uploads\/sites\/142\/2024\/07\/P-550x350-1-1.jpg\" \/>\n\t<meta property=\"og:image:width\" content=\"550\" \/>\n\t<meta property=\"og:image:height\" content=\"350\" \/>\n\t<meta property=\"og:image:type\" content=\"image\/jpeg\" \/>\n<meta name=\"twitter:card\" content=\"summary_large_image\" \/>\n<meta name=\"twitter:label1\" content=\"Est. reading time\" \/>\n\t<meta name=\"twitter:data1\" content=\"4 minutes\" \/>\n<script type=\"application\/ld+json\" class=\"yoast-schema-graph\">{\"@context\":\"https:\/\/schema.org\",\"@graph\":[{\"@type\":\"WebPage\",\"@id\":\"https:\/\/espaconews.com\/en\/que-paso-con-la-actriz-de-la-pelicula-emmanuelle\/\",\"url\":\"https:\/\/espaconews.com\/en\/que-paso-con-la-actriz-de-la-pelicula-emmanuelle\/\",\"name\":\"Qu\u00e9 Pas\u00f3 con la Actriz de la Pel\u00edcula Emmanuelle? - Espa\u00e7o News\",\"isPartOf\":{\"@id\":\"https:\/\/espaconews.com\/#website\"},\"primaryImageOfPage\":{\"@id\":\"https:\/\/espaconews.com\/en\/que-paso-con-la-actriz-de-la-pelicula-emmanuelle\/#primaryimage\"},\"image\":{\"@id\":\"https:\/\/espaconews.com\/en\/que-paso-con-la-actriz-de-la-pelicula-emmanuelle\/#primaryimage\"},\"thumbnailUrl\":\"http:\/\/espaconews.com\/wp-content\/uploads\/sites\/142\/2024\/07\/P-550x350-1-1.jpg\",\"datePublished\":\"2024-07-03T01:31:29+00:00\",\"dateModified\":\"2024-07-03T01:31:29+00:00\",\"author\":{\"@id\":\"\"},\"description\":\"Qu\u00e9 Pas\u00f3 con la Actriz de la Pel\u00edcula Emmanuelle? La pel\u00edcula \\\"Emmanuelle\\\" marc\u00f3 la d\u00e9cada de 1990, especialmente entre...\",\"breadcrumb\":{\"@id\":\"https:\/\/espaconews.com\/en\/que-paso-con-la-actriz-de-la-pelicula-emmanuelle\/#breadcrumb\"},\"inLanguage\":\"fr-CA\",\"potentialAction\":[{\"@type\":\"ReadAction\",\"target\":[\"https:\/\/espaconews.com\/en\/que-paso-con-la-actriz-de-la-pelicula-emmanuelle\/\"]}]},{\"@type\":\"ImageObject\",\"inLanguage\":\"fr-CA\",\"@id\":\"https:\/\/espaconews.com\/en\/que-paso-con-la-actriz-de-la-pelicula-emmanuelle\/#primaryimage\",\"url\":\"http:\/\/espaconews.com\/wp-content\/uploads\/sites\/142\/2024\/07\/P-550x350-1-1.jpg\",\"contentUrl\":\"http:\/\/espaconews.com\/wp-content\/uploads\/sites\/142\/2024\/07\/P-550x350-1-1.jpg\",\"width\":550,\"height\":350,\"caption\":\"Qu\u00e9 Pas\u00f3 con la Actriz de la Pel\u00edcula Emmanuelle?\"},{\"@type\":\"BreadcrumbList\",\"@id\":\"https:\/\/espaconews.com\/en\/que-paso-con-la-actriz-de-la-pelicula-emmanuelle\/#breadcrumb\",\"itemListElement\":[{\"@type\":\"ListItem\",\"position\":1,\"name\":\"Home\",\"item\":\"https:\/\/espaconews.com\/\"},{\"@type\":\"ListItem\",\"position\":2,\"name\":\"Qu\u00e9 Pas\u00f3 con la Actriz de la Pel\u00edcula Emmanuelle?\"}]},{\"@type\":\"WebSite\",\"@id\":\"https:\/\/espaconews.com\/#website\",\"url\":\"https:\/\/espaconews.com\/\",\"name\":\"Espa\u00e7o News\",\"description\":\"\",\"potentialAction\":[{\"@type\":\"SearchAction\",\"target\":{\"@type\":\"EntryPoint\",\"urlTemplate\":\"https:\/\/espaconews.com\/?s={search_term_string}\"},\"query-input\":\"required name=search_term_string\"}],\"inLanguage\":\"fr-CA\"}]}<\/script>\n<!-- \/ Yoast SEO plugin. -->","yoast_head_json":{"title":"Qu\u00e9 Pas\u00f3 con la Actriz de la Pel\u00edcula Emmanuelle? - Espa\u00e7o News","description":"Qu\u00e9 Pas\u00f3 con la Actriz de la Pel\u00edcula Emmanuelle? La pel\u00edcula \"Emmanuelle\" marc\u00f3 la d\u00e9cada de 1990, especialmente entre...","robots":{"index":"index","follow":"follow","max-snippet":"max-snippet:-1","max-image-preview":"max-image-preview:large","max-video-preview":"max-video-preview:-1"},"canonical":"https:\/\/espaconews.com\/fr_ca\/que-paso-con-la-actriz-de-la-pelicula-emmanuelle\/","og_locale":"fr_CA","og_type":"article","og_title":"Qu\u00e9 Pas\u00f3 con la Actriz de la Pel\u00edcula Emmanuelle? - Espa\u00e7o News","og_description":"Qu\u00e9 Pas\u00f3 con la Actriz de la Pel\u00edcula Emmanuelle? La pel\u00edcula \"Emmanuelle\" marc\u00f3 la d\u00e9cada de 1990, especialmente entre...","og_url":"https:\/\/espaconews.com\/fr_ca\/que-paso-con-la-actriz-de-la-pelicula-emmanuelle\/","og_site_name":"Espa\u00e7o News","article_published_time":"2024-07-03T01:31:29+00:00","og_image":[{"width":550,"height":350,"url":"https:\/\/espaconews.com\/wp-content\/uploads\/sites\/142\/2024\/07\/P-550x350-1-1.jpg","type":"image\/jpeg"}],"twitter_card":"summary_large_image","twitter_misc":{"Est. reading time":"4 minutes"},"schema":{"@context":"https:\/\/schema.org","@graph":[{"@type":"WebPage","@id":"https:\/\/espaconews.com\/en\/que-paso-con-la-actriz-de-la-pelicula-emmanuelle\/","url":"https:\/\/espaconews.com\/en\/que-paso-con-la-actriz-de-la-pelicula-emmanuelle\/","name":"Qu\u00e9 Pas\u00f3 con la Actriz de la Pel\u00edcula Emmanuelle? - Espa\u00e7o News","isPartOf":{"@id":"https:\/\/espaconews.com\/#website"},"primaryImageOfPage":{"@id":"https:\/\/espaconews.com\/en\/que-paso-con-la-actriz-de-la-pelicula-emmanuelle\/#primaryimage"},"image":{"@id":"https:\/\/espaconews.com\/en\/que-paso-con-la-actriz-de-la-pelicula-emmanuelle\/#primaryimage"},"thumbnailUrl":"http:\/\/espaconews.com\/wp-content\/uploads\/sites\/142\/2024\/07\/P-550x350-1-1.jpg","datePublished":"2024-07-03T01:31:29+00:00","dateModified":"2024-07-03T01:31:29+00:00","author":{"@id":""},"description":"Qu\u00e9 Pas\u00f3 con la Actriz de la Pel\u00edcula Emmanuelle? La pel\u00edcula \"Emmanuelle\" marc\u00f3 la d\u00e9cada de 1990, especialmente entre...","breadcrumb":{"@id":"https:\/\/espaconews.com\/en\/que-paso-con-la-actriz-de-la-pelicula-emmanuelle\/#breadcrumb"},"inLanguage":"fr-CA","potentialAction":[{"@type":"ReadAction","target":["https:\/\/espaconews.com\/en\/que-paso-con-la-actriz-de-la-pelicula-emmanuelle\/"]}]},{"@type":"ImageObject","inLanguage":"fr-CA","@id":"https:\/\/espaconews.com\/en\/que-paso-con-la-actriz-de-la-pelicula-emmanuelle\/#primaryimage","url":"http:\/\/espaconews.com\/wp-content\/uploads\/sites\/142\/2024\/07\/P-550x350-1-1.jpg","contentUrl":"http:\/\/espaconews.com\/wp-content\/uploads\/sites\/142\/2024\/07\/P-550x350-1-1.jpg","width":550,"height":350,"caption":"Qu\u00e9 Pas\u00f3 con la Actriz de la Pel\u00edcula Emmanuelle?"},{"@type":"BreadcrumbList","@id":"https:\/\/espaconews.com\/en\/que-paso-con-la-actriz-de-la-pelicula-emmanuelle\/#breadcrumb","itemListElement":[{"@type":"ListItem","position":1,"name":"Home","item":"https:\/\/espaconews.com\/"},{"@type":"ListItem","position":2,"name":"Qu\u00e9 Pas\u00f3 con la Actriz de la Pel\u00edcula Emmanuelle?"}]},{"@type":"WebSite","@id":"https:\/\/espaconews.com\/#website","url":"https:\/\/espaconews.com\/","name":"Espa\u00e7o News","description":"","potentialAction":[{"@type":"SearchAction","target":{"@type":"EntryPoint","urlTemplate":"https:\/\/espaconews.com\/?s={search_term_string}"},"query-input":"required name=search_term_string"}],"inLanguage":"fr-CA"}]}},"_links":{"self":[{"href":"http:\/\/espaconews.com\/fr_ca\/wp-json\/wp\/v2\/posts\/1149"}],"collection":[{"href":"http:\/\/espaconews.com\/fr_ca\/wp-json\/wp\/v2\/posts"}],"about":[{"href":"http:\/\/espaconews.com\/fr_ca\/wp-json\/wp\/v2\/types\/post"}],"replies":[{"embeddable":true,"href":"http:\/\/espaconews.com\/fr_ca\/wp-json\/wp\/v2\/comments?post=1149"}],"version-history":[{"count":0,"href":"http:\/\/espaconews.com\/fr_ca\/wp-json\/wp\/v2\/posts\/1149\/revisions"}],"wp:featuredmedia":[{"embeddable":true,"href":"http:\/\/espaconews.com\/fr_ca\/wp-json\/wp\/v2\/media\/1150"}],"wp:attachment":[{"href":"http:\/\/espaconews.com\/fr_ca\/wp-json\/wp\/v2\/media?parent=1149"}],"wp:term":[{"taxonomy":"category","embeddable":true,"href":"http:\/\/espaconews.com\/fr_ca\/wp-json\/wp\/v2\/categories?post=1149"},{"taxonomy":"post_tag","embeddable":true,"href":"http:\/\/espaconews.com\/fr_ca\/wp-json\/wp\/v2\/tags?post=1149"}],"curies":[{"name":"wp","href":"https:\/\/api.w.org\/{rel}","templated":true}]}}