{"id":2905,"date":"2025-10-30T20:28:41","date_gmt":"2025-10-30T23:28:41","guid":{"rendered":"https:\/\/espaconews.com\/?p=2905"},"modified":"2025-10-30T20:28:54","modified_gmt":"2025-10-30T23:28:54","slug":"errores-comunes-al-redactar-un-cv","status":"publish","type":"post","link":"http:\/\/espaconews.com\/fr\/errores-comunes-al-redactar-un-cv\/","title":{"rendered":"Erreurs fr\u00e9quentes lors de la r\u00e9daction d&#039;un CV"},"content":{"rendered":"<p class=\"has-text-align-center\">Parlez de <strong>Erreurs courantes lors de la r\u00e9daction d&#039;un CV<\/strong> Ce n&#039;est pas un probl\u00e8me mineur.<\/p>\n\n\n\n<figure class=\"wp-block-gallery aligncenter has-nested-images columns-default is-cropped wp-block-gallery-1 is-layout-flex wp-block-gallery-is-layout-flex\">\n<figure class=\"wp-block-image size-large\"><img loading=\"lazy\" decoding=\"async\" width=\"1024\" height=\"652\" data-id=\"2907\" src=\"https:\/\/espaconews.com\/wp-content\/uploads\/sites\/142\/2025\/10\/DESTAQUE-ESPACO-57-1-1024x652.jpg\" alt=\"\" class=\"wp-image-2907\" srcset=\"http:\/\/espaconews.com\/wp-content\/uploads\/sites\/142\/2025\/10\/DESTAQUE-ESPACO-57-1-1024x652.jpg 1024w, http:\/\/espaconews.com\/wp-content\/uploads\/sites\/142\/2025\/10\/DESTAQUE-ESPACO-57-1-300x191.jpg 300w, http:\/\/espaconews.com\/wp-content\/uploads\/sites\/142\/2025\/10\/DESTAQUE-ESPACO-57-1-768x489.jpg 768w, http:\/\/espaconews.com\/wp-content\/uploads\/sites\/142\/2025\/10\/DESTAQUE-ESPACO-57-1-18x12.jpg 18w, http:\/\/espaconews.com\/wp-content\/uploads\/sites\/142\/2025\/10\/DESTAQUE-ESPACO-57-1.jpg 1100w\" sizes=\"(max-width: 1024px) 100vw, 1024px\" \/><figcaption class=\"wp-element-caption\">CANVA<\/figcaption><\/figure>\n<\/figure>\n\n\n\n<p class=\"has-text-align-center\">En 2025, un CV mal structur\u00e9 risque de fermer plus de portes qu&#039;il n&#039;en ouvrira.<\/p>\n\n\n\n<p class=\"has-text-align-center\">Bien qu&#039;il puisse para\u00eetre un document simple, votre CV est votre meilleure carte de visite.<\/p>\n\n\n\n<p>Une simple erreur, un mot mal employ\u00e9, un format obsol\u00e8te ou un manque de coh\u00e9rence peuvent faire la diff\u00e9rence entre \u00eatre convoqu\u00e9 \u00e0 un entretien ou \u00eatre exclu du processus.<br><\/p>\n\n\n\n<p>Dans cet article, vous d\u00e9couvrirez quelles sont les erreurs les plus fr\u00e9quentes, comment les \u00e9viter et quelles strat\u00e9gies vous permettront de vous d\u00e9marquer professionnellement.<\/p>\n\n\n\n<h2 class=\"wp-block-heading\"><strong>R\u00e9sum\u00e9<\/strong><\/h2>\n\n\n\n<p>L&#039;importance d&#039;un CV bien r\u00e9dig\u00e9<\/p>\n\n\n\n<p>Erreurs courantes \u00e0 \u00e9viter<\/p>\n\n\n\n<p>Langue, format et contenu : l&#039;\u00e9quilibre parfait<\/p>\n\n\n\n<p>Comment les recruteurs \u00e9valueront votre CV en 2025<\/p>\n\n\n\n<p>Exemples concrets et recommandations pratiques<\/p>\n\n\n\n<p>Erreurs techniques versus erreurs strat\u00e9giques<\/p>\n\n\n\n<p>Tableau r\u00e9capitulatif rapide<\/p>\n\n\n\n<p>Conclusion et questions fr\u00e9quentes<\/p>\n\n\n\n<h2 class=\"wp-block-heading\"><strong>L&#039;importance d&#039;un CV bien r\u00e9dig\u00e9<\/strong><\/h2>\n\n\n\n<p>Votre CV est plus qu&#039;un simple document : c&#039;est un outil de positionnement personnel.<\/p>\n\n\n\n<p>Au Mexique, chaque offre d&#039;emploi re\u00e7oit entre <strong>200 et 400 applications<\/strong>, selon les donn\u00e9es de <strong>LinkedIn 2024<\/strong>et seul un faible pourcentage passe \u00e0 la phase d&#039;entretien.<\/p>\n\n\n\n<p>Dans ce contexte, \u00e9viter <strong>Erreurs courantes lors de la r\u00e9daction d&#039;un CV<\/strong> Cela devient un acte de strat\u00e9gie professionnelle.<\/p>\n\n\n\n<p>Un CV \u00e0 jour et pr\u00e9cis t\u00e9moigne d&#039;organisation, de responsabilit\u00e9 et de souci du d\u00e9tail.<\/p>\n\n\n\n<p>Si vous parvenez \u00e0 le d\u00e9montrer d\u00e8s la premi\u00e8re phrase, le recruteur vous percevra comme une personne capable de communiquer sa valeur.<\/p>\n\n\n\n<p>Vous \u00eates-vous d\u00e9j\u00e0 demand\u00e9 combien d&#039;opportunit\u00e9s vous auriez pu manquer \u00e0 cause d&#039;une simple faute de frappe ou d&#039;une structure peu claire\u00a0?<\/p>\n\n\n\n<p>C&#039;est une question que beaucoup de professionnels ne se posent que lorsqu&#039;il est trop tard.<\/p>\n\n\n\n<h2 class=\"wp-block-heading\"><strong>Erreurs courantes \u00e0 \u00e9viter<\/strong><\/h2>\n\n\n\n<p>La premi\u00e8re \u00e9tape pour am\u00e9liorer son CV est de savoir ce qu&#039;il ne faut PAS faire.<\/p>\n\n\n\n<p>Parmi les <strong>Erreurs courantes lors de la r\u00e9daction d&#039;un CV<\/strong>Les plus courantes en 2025 sont les suivantes\u00a0:<\/p>\n\n\n\n<h3 class=\"wp-block-heading\">Informations excessives et non pertinentes<\/h3>\n\n\n\n<p>Mentionner tous les emplois que vous avez occup\u00e9s, quel que soit leur lien avec le poste, peut nuire \u00e0 la clart\u00e9.<\/p>\n\n\n\n<p>Un recruteur recherche la constance, pas la quantit\u00e9.<\/p>\n\n\n\n<p>Il est pr\u00e9f\u00e9rable de mettre en avant trois ou quatre exp\u00e9riences pertinentes assorties de r\u00e9sultats mesurables plut\u00f4t que de remplir des pages d&#039;informations redondantes.<\/p>\n\n\n\n<h3 class=\"wp-block-heading\">Ne personnalisez pas votre CV pour chaque offre d&#039;emploi.<\/h3>\n\n\n\n<p>Utiliser le m\u00eame document pour tous les postes est l&#039;une des erreurs les plus graves.<\/p>\n\n\n\n<p>Adapter son CV au profil du poste d\u00e9montre l&#039;int\u00e9r\u00eat et la compr\u00e9hension du r\u00f4le.<\/p>\n\n\n\n<h3 class=\"wp-block-heading\">Manque de donn\u00e9es quantifiables<\/h3>\n\n\n\n<p>Les recruteurs se fient aux chiffres. \u00ab J&#039;ai augment\u00e9 les ventes de 20 % \u00bb para\u00eet plus convaincant que \u00ab J&#039;ai am\u00e9lior\u00e9 les r\u00e9sultats du d\u00e9partement \u00bb.<\/p>\n\n\n\n<h3 class=\"wp-block-heading\">Mauvaises fautes d&#039;orthographe ou de grammaire<\/h3>\n\n\n\n<p>Rien ne suscite plus de m\u00e9fiance qu&#039;un CV comportant des erreurs basiques.<\/p>\n\n\n\n<p>En 2025, o\u00f9 le souci du d\u00e9tail est primordial, une simple erreur peut nuire au professionnalisme.<\/p>\n\n\n\n<h3 class=\"wp-block-heading\">Ignorer la structure visuelle<\/h3>\n\n\n\n<p>Le design a plus d&#039;influence que vous ne l&#039;imaginez.<\/p>\n\n\n\n<p>Un CV surcharg\u00e9 ou comportant des polices illisibles risque d&#039;\u00eatre rejet\u00e9 sans m\u00eame \u00eatre lu.<\/p>\n\n\n\n<h2 class=\"wp-block-heading\"><strong>Langue, format et contenu : l&#039;\u00e9quilibre parfait<\/strong><\/h2>\n\n\n\n<p>R\u00e9diger un bon CV implique de ma\u00eetriser trois \u00e9l\u00e9ments : la clart\u00e9, la pertinence et l&#039;authenticit\u00e9.<\/p>\n\n\n\n<p><strong>Clart\u00e9:<\/strong> Utilisez des phrases courtes, \u00e9vitez les termes techniques inutiles et organisez l&#039;information en blocs.<\/p>\n\n\n\n<p><strong>Pertinence:<\/strong> Mettez en avant les r\u00e9alisations les plus pertinentes pour le poste.<\/p>\n\n\n\n<p><strong>Authenticit\u00e9:<\/strong> N\u2019exag\u00e9rez pas vos comp\u00e9tences ; les recruteurs rep\u00e8rent facilement les incoh\u00e9rences.<\/p>\n\n\n\n<h3 class=\"wp-block-heading\"><strong>Analogie pratique<\/strong><\/h3>\n\n\n\n<p>Votre CV devrait ressembler \u00e0 un <strong>ascenseur professionnel<\/strong>En moins de 30 secondes, votre profil devrait \u00eatre t\u00e9l\u00e9charg\u00e9 et laisser une impression positive.<\/p>\n\n\n\n<p>Si cela prend trop de temps ou s&#039;arr\u00eate \u00e0 chaque \u00e9tage (d\u00e9tail sans importance), le recruteur descend tout simplement avant d&#039;arriver au bout.<\/p>\n\n\n\n<h2 class=\"wp-block-heading\"><strong>Comment les recruteurs \u00e9valueront votre CV en 2025<\/strong><\/h2>\n\n\n\n<p>Les entreprises modernes utilisent des syst\u00e8mes de <strong>Syst\u00e8me de suivi des candidats (ATS)<\/strong> filtrer les CV.<\/p>\n\n\n\n<p>Ces syst\u00e8mes recherchent des mots-cl\u00e9s sp\u00e9cifiques avant que le document ne soit soumis \u00e0 un humain.<\/p>\n\n\n\n<p>Par cons\u00e9quent, si vous tombez dans le <strong>Erreurs courantes lors de la r\u00e9daction d&#039;un CV<\/strong>Vous pourriez \u00eatre exclu avant m\u00eame d&#039;\u00eatre lu.<\/p>\n\n\n\n<h3 class=\"wp-block-heading\">Recommandations :<\/h3>\n\n\n\n<p>Utilisez la terminologie propre \u00e0 votre secteur d&#039;activit\u00e9.<\/p>\n\n\n\n<p>\u00c9vitez d&#039;ins\u00e9rer des graphiques, des tableaux ou des ic\u00f4nes d\u00e9coratives que le syst\u00e8me ne peut pas lire.<\/p>\n\n\n\n<p>Enregistrez le fichier au format PDF ou Word pour conserver la mise en forme d&#039;origine.<\/p>\n\n\n\n<p>Mettez \u00e0 jour votre profil LinkedIn avec les m\u00eames informations ; les recruteurs comparent souvent les deux.<\/p>\n\n\n\n<h2 class=\"wp-block-heading\"><strong>Exemples concrets et recommandations pratiques<\/strong><\/h2>\n\n\n\n<p><strong>Exemple original 1\u00a0:<\/strong><br>Formulation maladroite : \u00ab Responsable de la coordination des projets et des \u00e9quipes dans le domaine du marketing. \u00bb<br>Version gagnante :<\/p>\n\n\n\n<p>\u00ab J\u2019ai coordonn\u00e9 une \u00e9quipe de 10 personnes sur des campagnes num\u00e9riques qui ont permis d\u2019augmenter le trafic web de 45,1 TP3T au cours du premier trimestre. \u00bb<\/p>\n\n\n\n<p><strong>Exemple original 2\u00a0:<\/strong><br>Formulation maladroite : \u00ab Service client et assistance technique. \u00bb<br><\/p>\n\n\n\n<p>Version gagnante : \u00ab J&#039;ai fourni une assistance technique \u00e0 plus de 100 utilisateurs par semaine, r\u00e9duisant le temps de r\u00e9ponse moyen de 30 %. \u00bb<\/p>\n\n\n\n<p>Ces exemples illustrent comment une description vague peut se transformer en un \u00e9nonc\u00e9 percutant des r\u00e9alisations.<\/p>\n\n\n\n<h2 class=\"wp-block-heading\"><strong>Erreurs techniques versus erreurs strat\u00e9giques<\/strong><\/h2>\n\n\n\n<p>Toutes les erreurs n&#039;ont pas la m\u00eame importance. Certaines sont techniques (li\u00e9es \u00e0 la mise en forme ou \u00e0 la grammaire), tandis que d&#039;autres sont strat\u00e9giques (li\u00e9es au sujet ou au message).<\/p>\n\n\n\n<p><br>Consultez ce tableau pour les diff\u00e9rencier et apprendre \u00e0 les corriger\u00a0:<\/p>\n\n\n\n<figure class=\"wp-block-table\"><table><thead><tr><th>Type d&#039;erreur<\/th><th>Description<\/th><th>Impact sur votre profil<\/th><th>Comment l&#039;\u00e9viter<\/th><\/tr><\/thead><tbody><tr><td>Technique<\/td><td>Orthographe, mise en forme, typographie<\/td><td>Moiti\u00e9<\/td><td>R\u00e9vision \u00e0 l&#039;aide d&#039;outils et lecture humaine.<\/td><\/tr><tr><td>De construction<\/td><td>Sections d\u00e9sorganis\u00e9es ou texte excessif<\/td><td>Haut<\/td><td>Utilisez des mod\u00e8les modernes et v\u00e9rifiez leur coh\u00e9rence.<\/td><\/tr><tr><td>Strat\u00e9gique<\/td><td>Absence de personnalisation ou de donn\u00e9es sp\u00e9cifiques<\/td><td>Tr\u00e8s \u00e9lev\u00e9<\/td><td>Adaptez votre CV \u00e0 chaque offre d&#039;emploi en utilisant des indicateurs de performance.<\/td><\/tr><tr><td>Visuel<\/td><td>Couleurs ou polices difficiles \u00e0 lire<\/td><td>Moiti\u00e9<\/td><td>Veillez \u00e0 ce que le design soit \u00e9pur\u00e9 et professionnel.<\/td><\/tr><\/tbody><\/table><figcaption class=\"wp-element-caption\">Erreurs fr\u00e9quentes lors de la r\u00e9daction d&#039;un CV<\/figcaption><\/figure>\n\n\n\n<p>Un CV impeccable n&#039;est pas celui qui est le plus d\u00e9cor\u00e9, mais celui qui correspond le mieux \u00e0 votre objectif.<\/p>\n\n\n\n<figure class=\"wp-block-gallery aligncenter has-nested-images columns-default is-cropped wp-block-gallery-2 is-layout-flex wp-block-gallery-is-layout-flex\">\n<figure class=\"wp-block-image size-large\"><img loading=\"lazy\" decoding=\"async\" width=\"1024\" height=\"652\" data-id=\"2908\" src=\"https:\/\/espaconews.com\/wp-content\/uploads\/sites\/142\/2025\/10\/DESTAQUE-ESPACO-58-1024x652.jpg\" alt=\"\" class=\"wp-image-2908\" srcset=\"http:\/\/espaconews.com\/wp-content\/uploads\/sites\/142\/2025\/10\/DESTAQUE-ESPACO-58-1024x652.jpg 1024w, http:\/\/espaconews.com\/wp-content\/uploads\/sites\/142\/2025\/10\/DESTAQUE-ESPACO-58-300x191.jpg 300w, http:\/\/espaconews.com\/wp-content\/uploads\/sites\/142\/2025\/10\/DESTAQUE-ESPACO-58-768x489.jpg 768w, http:\/\/espaconews.com\/wp-content\/uploads\/sites\/142\/2025\/10\/DESTAQUE-ESPACO-58-18x12.jpg 18w, http:\/\/espaconews.com\/wp-content\/uploads\/sites\/142\/2025\/10\/DESTAQUE-ESPACO-58.jpg 1100w\" sizes=\"(max-width: 1024px) 100vw, 1024px\" \/><figcaption class=\"wp-element-caption\">CANVA<\/figcaption><\/figure>\n<\/figure>\n\n\n\n<p>En savoir plus:\u00a0<a href=\"http:\/\/espaconews.com\/fr\/sectores-con-mayor-crecimiento-en-2025\/\">Secteurs \u00e0 plus forte croissance en 2025<\/a><\/p>\n\n\n\n<h2 class=\"wp-block-heading\"><strong>Les erreurs de style \u00e0 \u00e9viter en 2025<\/strong><\/h2>\n\n\n\n<p><strong>Langage robotique ou impersonnel.<\/strong> Les recruteurs recherchent l&#039;authenticit\u00e9. Adoptez un ton professionnel, mais naturel.<\/p>\n\n\n\n<p><strong>\u00c9vitez les paroles vides.<\/strong> Des expressions comme \u00ab employ\u00e9 responsable \u00bb ne se d\u00e9marquent plus ; mieux vaut pr\u00e9senter des r\u00e9sultats mesurables.<\/p>\n\n\n\n<p><strong>Troubles visuels.<\/strong> L&#039;espace blanc est votre alli\u00e9 : il permet \u00e0 la lecture de respirer.<\/p>\n\n\n\n<p><strong>Utilisation excessive de termes techniques.<\/strong> Un CV doit \u00eatre compr\u00e9hensible m\u00eame par un recruteur non sp\u00e9cialis\u00e9 en technique.<\/p>\n\n\n\n<p><strong>Ignorer la mise \u00e0 jour num\u00e9rique.<\/strong> D\u2019ici 2025, inclure son profil LinkedIn ou son portfolio num\u00e9rique sera quasiment obligatoire.<\/p>\n\n\n\n<h2 class=\"wp-block-heading\"><strong>Un CV adapt\u00e9 au pr\u00e9sent<\/strong><\/h2>\n\n\n\n<p>Aujourd&#039;hui, les comp\u00e9tences transversales telles que l&#039;adaptabilit\u00e9, la communication et l&#039;esprit critique sont aussi valoris\u00e9es que l&#039;expertise technique.<\/p>\n\n\n\n<p>Au Mexique, un rapport de <strong>Forum \u00e9conomique mondial 2024<\/strong> ont identifi\u00e9 que le <strong>65 % des recruteurs<\/strong> Privil\u00e9gier les candidats ayant d\u00e9montr\u00e9 d&#039;excellentes comp\u00e9tences interpersonnelles.<\/p>\n\n\n\n<p>Par cons\u00e9quent, au-del\u00e0 du fait d&#039;\u00e9viter le <strong>Erreurs courantes lors de la r\u00e9daction d&#039;un CV<\/strong>Veillez \u00e0 d\u00e9montrer comment vos comp\u00e9tences relationnelles apportent une valeur ajout\u00e9e \u00e0 l&#039;entreprise.<\/p>\n\n\n\n<h2 class=\"wp-block-heading\"><strong>Conclusion<\/strong><\/h2>\n\n\n\n<p>\u00c9vitez le <strong>Erreurs courantes lors de la r\u00e9daction d&#039;un CV<\/strong> Il ne s&#039;agit pas seulement d&#039;une question de grammaire ou de design\u00a0: c&#039;est une d\u00e9cision strat\u00e9gique qui peut transformer votre carri\u00e8re.<\/p>\n\n\n\n<p>Un CV efficace communique clart\u00e9, objectif et r\u00e9sultats.<\/p>\n\n\n\n<p>Portez une attention particuli\u00e8re \u00e0 chaque d\u00e9tail, relisez attentivement et adaptez votre document au poste que vous visez.<\/p>\n\n\n\n<p>En 2025, des opportunit\u00e9s d&#039;emploi s&#039;ouvriront \u00e0 ceux qui sauront raconter leur parcours professionnel avec pr\u00e9cision, authenticit\u00e9 et vision.<\/p>\n\n\n\n<p>N&#039;oubliez pas : votre CV ne vous permettra pas d&#039;obtenir le poste \u00e0 lui seul, mais il peut \u00eatre le tremplin qui vous y m\u00e8nera.<\/p>\n\n\n\n<p>En savoir plus:\u00a0<a href=\"http:\/\/espaconews.com\/fr\/como-crear-un-curriculum-ganador-en-2025\/\">Comment cr\u00e9er un CV gagnant en 2025<\/a><\/p>\n\n\n\n<h2 class=\"wp-block-heading\"><strong>Foire aux questions (FAQ)<\/strong><\/h2>\n\n\n\n<p><strong>1. \u00c0 quoi devrait ressembler un CV id\u00e9al ?<\/strong><br>Une ou deux pages suffisent. Les recruteurs privil\u00e9gient la concision \u00e0 la longueur.<\/p>\n\n\n\n<p><strong>2. Est-il conseill\u00e9 d&#039;inclure des photographies\u00a0?<\/strong><br>Au Mexique, ce n&#039;est pas obligatoire. N&#039;incluez-le que si l&#039;entreprise le demande, et assurez-vous qu&#039;il soit professionnel.<\/p>\n\n\n\n<p><strong>3. Dois-je utiliser des mod\u00e8les pr\u00e9d\u00e9finis\u00a0?<\/strong><br>Oui, \u00e0 condition qu&#039;ils soient propres, modernes et compatibles avec les syst\u00e8mes ATS.<\/p>\n\n\n\n<p><strong>4. Puis-je mentionner des exp\u00e9riences informelles ou de travail ind\u00e9pendant\u00a0?<\/strong><br>Bien s\u00fbr. L&#039;important, c&#039;est qu&#039;ils d\u00e9montrent des comp\u00e9tences applicables au poste.<\/p>\n\n\n\n<p><strong>5. \u00c0 quelle fr\u00e9quence dois-je mettre \u00e0 jour mon CV\u00a0?<\/strong><br>Au moins une fois tous les six mois ou apr\u00e8s une nouvelle r\u00e9ussite professionnelle.<\/p>","protected":false},"excerpt":{"rendered":"<p>Hablar de errores comunes al redactar un CV no es un tema menor. En 2025, un curr\u00edculum mal estructurado puede cerrar m\u00e1s puertas de las que abre. Aunque parezca un documento sencillo, el curr\u00edculum es tu carta de presentaci\u00f3n m\u00e1s poderosa. Un solo error una palabra mal usada, un formato anticuado o una falta de [&hellip;]<\/p>","protected":false},"author":219,"featured_media":2906,"comment_status":"closed","ping_status":"open","sticky":false,"template":"","format":"standard","meta":{"footnotes":""},"categories":[4],"tags":[],"yoast_head":"<!-- This site is optimized with the Yoast SEO plugin v23.3 - https:\/\/yoast.com\/wordpress\/plugins\/seo\/ -->\n<title>Errores comunes al redactar un CV - Espa\u00e7o News<\/title>\n<meta name=\"description\" content=\"Hablar de errores comunes al redactar un CV no es un tema menor.En 2025, un curr\u00edculum mal estructurado puede cerrar m\u00e1s puertas de las...\" \/>\n<meta name=\"robots\" content=\"index, follow, max-snippet:-1, max-image-preview:large, max-video-preview:-1\" \/>\n<link rel=\"canonical\" href=\"http:\/\/espaconews.com\/fr\/errores-comunes-al-redactar-un-cv\/\" \/>\n<meta property=\"og:locale\" content=\"fr_FR\" \/>\n<meta property=\"og:type\" content=\"article\" \/>\n<meta property=\"og:title\" content=\"Errores comunes al redactar un CV - Espa\u00e7o News\" \/>\n<meta property=\"og:description\" content=\"Hablar de errores comunes al redactar un CV no es un tema menor.En 2025, un curr\u00edculum mal estructurado puede cerrar m\u00e1s puertas de las...\" \/>\n<meta property=\"og:url\" content=\"http:\/\/espaconews.com\/fr\/errores-comunes-al-redactar-un-cv\/\" \/>\n<meta property=\"og:site_name\" content=\"Espa\u00e7o News\" \/>\n<meta property=\"article:published_time\" content=\"2025-10-30T23:28:41+00:00\" \/>\n<meta property=\"article:modified_time\" content=\"2025-10-30T23:28:54+00:00\" \/>\n<meta property=\"og:image\" content=\"https:\/\/espaconews.com\/wp-content\/uploads\/sites\/142\/2025\/10\/DESTAQUE-ESPACO-57.jpg\" \/>\n\t<meta property=\"og:image:width\" content=\"1100\" \/>\n\t<meta property=\"og:image:height\" content=\"700\" \/>\n\t<meta property=\"og:image:type\" content=\"image\/jpeg\" \/>\n<meta name=\"author\" content=\"Matheus Sangaletti\" \/>\n<meta name=\"twitter:card\" content=\"summary_large_image\" \/>\n<meta name=\"twitter:label1\" content=\"Written by\" \/>\n\t<meta name=\"twitter:data1\" content=\"Matheus Sangaletti\" \/>\n\t<meta name=\"twitter:label2\" content=\"Est. reading time\" \/>\n\t<meta name=\"twitter:data2\" content=\"8 minutes\" \/>\n<script type=\"application\/ld+json\" class=\"yoast-schema-graph\">{\"@context\":\"https:\/\/schema.org\",\"@graph\":[{\"@type\":\"WebPage\",\"@id\":\"https:\/\/espaconews.com\/errores-comunes-al-redactar-un-cv\/\",\"url\":\"https:\/\/espaconews.com\/errores-comunes-al-redactar-un-cv\/\",\"name\":\"Errores comunes al redactar un CV - Espa\u00e7o News\",\"isPartOf\":{\"@id\":\"https:\/\/espaconews.com\/#website\"},\"primaryImageOfPage\":{\"@id\":\"https:\/\/espaconews.com\/errores-comunes-al-redactar-un-cv\/#primaryimage\"},\"image\":{\"@id\":\"https:\/\/espaconews.com\/errores-comunes-al-redactar-un-cv\/#primaryimage\"},\"thumbnailUrl\":\"http:\/\/espaconews.com\/wp-content\/uploads\/sites\/142\/2025\/10\/DESTAQUE-ESPACO-57.jpg\",\"datePublished\":\"2025-10-30T23:28:41+00:00\",\"dateModified\":\"2025-10-30T23:28:54+00:00\",\"author\":{\"@id\":\"https:\/\/espaconews.com\/#\/schema\/person\/92fcd07e9b1f4323bf74f3170fc0f78a\"},\"description\":\"Hablar de errores comunes al redactar un CV no es un tema menor.En 2025, un curr\u00edculum mal estructurado puede cerrar m\u00e1s puertas de las...\",\"breadcrumb\":{\"@id\":\"https:\/\/espaconews.com\/errores-comunes-al-redactar-un-cv\/#breadcrumb\"},\"inLanguage\":\"fr-FR\",\"potentialAction\":[{\"@type\":\"ReadAction\",\"target\":[\"https:\/\/espaconews.com\/errores-comunes-al-redactar-un-cv\/\"]}]},{\"@type\":\"ImageObject\",\"inLanguage\":\"fr-FR\",\"@id\":\"https:\/\/espaconews.com\/errores-comunes-al-redactar-un-cv\/#primaryimage\",\"url\":\"http:\/\/espaconews.com\/wp-content\/uploads\/sites\/142\/2025\/10\/DESTAQUE-ESPACO-57.jpg\",\"contentUrl\":\"http:\/\/espaconews.com\/wp-content\/uploads\/sites\/142\/2025\/10\/DESTAQUE-ESPACO-57.jpg\",\"width\":1100,\"height\":700},{\"@type\":\"BreadcrumbList\",\"@id\":\"https:\/\/espaconews.com\/errores-comunes-al-redactar-un-cv\/#breadcrumb\",\"itemListElement\":[{\"@type\":\"ListItem\",\"position\":1,\"name\":\"Home\",\"item\":\"https:\/\/espaconews.com\/\"},{\"@type\":\"ListItem\",\"position\":2,\"name\":\"Errores comunes al redactar un CV\"}]},{\"@type\":\"WebSite\",\"@id\":\"https:\/\/espaconews.com\/#website\",\"url\":\"https:\/\/espaconews.com\/\",\"name\":\"Espa\u00e7o News\",\"description\":\"\",\"potentialAction\":[{\"@type\":\"SearchAction\",\"target\":{\"@type\":\"EntryPoint\",\"urlTemplate\":\"https:\/\/espaconews.com\/?s={search_term_string}\"},\"query-input\":\"required name=search_term_string\"}],\"inLanguage\":\"fr-FR\"},{\"@type\":\"Person\",\"@id\":\"https:\/\/espaconews.com\/#\/schema\/person\/92fcd07e9b1f4323bf74f3170fc0f78a\",\"name\":\"Matheus Sangaletti\",\"image\":{\"@type\":\"ImageObject\",\"inLanguage\":\"fr-FR\",\"@id\":\"https:\/\/espaconews.com\/#\/schema\/person\/image\/\",\"url\":\"http:\/\/2.gravatar.com\/avatar\/280ea957a14a48e6a1ad2133d2cc27c9?s=96&d=mm&r=g\",\"contentUrl\":\"http:\/\/2.gravatar.com\/avatar\/280ea957a14a48e6a1ad2133d2cc27c9?s=96&d=mm&r=g\",\"caption\":\"Matheus Sangaletti\"},\"url\":\"http:\/\/espaconews.com\/fr\/author\/matheuss\/\"}]}<\/script>\n<!-- \/ Yoast SEO plugin. -->","yoast_head_json":{"title":"Errores comunes al redactar un CV - Espa\u00e7o News","description":"Hablar de errores comunes al redactar un CV no es un tema menor.En 2025, un curr\u00edculum mal estructurado puede cerrar m\u00e1s puertas de las...","robots":{"index":"index","follow":"follow","max-snippet":"max-snippet:-1","max-image-preview":"max-image-preview:large","max-video-preview":"max-video-preview:-1"},"canonical":"http:\/\/espaconews.com\/fr\/errores-comunes-al-redactar-un-cv\/","og_locale":"fr_FR","og_type":"article","og_title":"Errores comunes al redactar un CV - Espa\u00e7o News","og_description":"Hablar de errores comunes al redactar un CV no es un tema menor.En 2025, un curr\u00edculum mal estructurado puede cerrar m\u00e1s puertas de las...","og_url":"http:\/\/espaconews.com\/fr\/errores-comunes-al-redactar-un-cv\/","og_site_name":"Espa\u00e7o News","article_published_time":"2025-10-30T23:28:41+00:00","article_modified_time":"2025-10-30T23:28:54+00:00","og_image":[{"width":1100,"height":700,"url":"https:\/\/espaconews.com\/wp-content\/uploads\/sites\/142\/2025\/10\/DESTAQUE-ESPACO-57.jpg","type":"image\/jpeg"}],"author":"Matheus Sangaletti","twitter_card":"summary_large_image","twitter_misc":{"Written by":"Matheus Sangaletti","Est. reading time":"8 minutes"},"schema":{"@context":"https:\/\/schema.org","@graph":[{"@type":"WebPage","@id":"https:\/\/espaconews.com\/errores-comunes-al-redactar-un-cv\/","url":"https:\/\/espaconews.com\/errores-comunes-al-redactar-un-cv\/","name":"Errores comunes al redactar un CV - Espa\u00e7o News","isPartOf":{"@id":"https:\/\/espaconews.com\/#website"},"primaryImageOfPage":{"@id":"https:\/\/espaconews.com\/errores-comunes-al-redactar-un-cv\/#primaryimage"},"image":{"@id":"https:\/\/espaconews.com\/errores-comunes-al-redactar-un-cv\/#primaryimage"},"thumbnailUrl":"http:\/\/espaconews.com\/wp-content\/uploads\/sites\/142\/2025\/10\/DESTAQUE-ESPACO-57.jpg","datePublished":"2025-10-30T23:28:41+00:00","dateModified":"2025-10-30T23:28:54+00:00","author":{"@id":"https:\/\/espaconews.com\/#\/schema\/person\/92fcd07e9b1f4323bf74f3170fc0f78a"},"description":"Hablar de errores comunes al redactar un CV no es un tema menor.En 2025, un curr\u00edculum mal estructurado puede cerrar m\u00e1s puertas de las...","breadcrumb":{"@id":"https:\/\/espaconews.com\/errores-comunes-al-redactar-un-cv\/#breadcrumb"},"inLanguage":"fr-FR","potentialAction":[{"@type":"ReadAction","target":["https:\/\/espaconews.com\/errores-comunes-al-redactar-un-cv\/"]}]},{"@type":"ImageObject","inLanguage":"fr-FR","@id":"https:\/\/espaconews.com\/errores-comunes-al-redactar-un-cv\/#primaryimage","url":"http:\/\/espaconews.com\/wp-content\/uploads\/sites\/142\/2025\/10\/DESTAQUE-ESPACO-57.jpg","contentUrl":"http:\/\/espaconews.com\/wp-content\/uploads\/sites\/142\/2025\/10\/DESTAQUE-ESPACO-57.jpg","width":1100,"height":700},{"@type":"BreadcrumbList","@id":"https:\/\/espaconews.com\/errores-comunes-al-redactar-un-cv\/#breadcrumb","itemListElement":[{"@type":"ListItem","position":1,"name":"Home","item":"https:\/\/espaconews.com\/"},{"@type":"ListItem","position":2,"name":"Errores comunes al redactar un CV"}]},{"@type":"WebSite","@id":"https:\/\/espaconews.com\/#website","url":"https:\/\/espaconews.com\/","name":"Espa\u00e7o News","description":"","potentialAction":[{"@type":"SearchAction","target":{"@type":"EntryPoint","urlTemplate":"https:\/\/espaconews.com\/?s={search_term_string}"},"query-input":"required name=search_term_string"}],"inLanguage":"fr-FR"},{"@type":"Person","@id":"https:\/\/espaconews.com\/#\/schema\/person\/92fcd07e9b1f4323bf74f3170fc0f78a","name":"Matheus Sangaletti","image":{"@type":"ImageObject","inLanguage":"fr-FR","@id":"https:\/\/espaconews.com\/#\/schema\/person\/image\/","url":"http:\/\/2.gravatar.com\/avatar\/280ea957a14a48e6a1ad2133d2cc27c9?s=96&d=mm&r=g","contentUrl":"http:\/\/2.gravatar.com\/avatar\/280ea957a14a48e6a1ad2133d2cc27c9?s=96&d=mm&r=g","caption":"Matheus Sangaletti"},"url":"http:\/\/espaconews.com\/fr\/author\/matheuss\/"}]}},"_links":{"self":[{"href":"http:\/\/espaconews.com\/fr\/wp-json\/wp\/v2\/posts\/2905"}],"collection":[{"href":"http:\/\/espaconews.com\/fr\/wp-json\/wp\/v2\/posts"}],"about":[{"href":"http:\/\/espaconews.com\/fr\/wp-json\/wp\/v2\/types\/post"}],"author":[{"embeddable":true,"href":"http:\/\/espaconews.com\/fr\/wp-json\/wp\/v2\/users\/219"}],"replies":[{"embeddable":true,"href":"http:\/\/espaconews.com\/fr\/wp-json\/wp\/v2\/comments?post=2905"}],"version-history":[{"count":1,"href":"http:\/\/espaconews.com\/fr\/wp-json\/wp\/v2\/posts\/2905\/revisions"}],"predecessor-version":[{"id":2909,"href":"http:\/\/espaconews.com\/fr\/wp-json\/wp\/v2\/posts\/2905\/revisions\/2909"}],"wp:featuredmedia":[{"embeddable":true,"href":"http:\/\/espaconews.com\/fr\/wp-json\/wp\/v2\/media\/2906"}],"wp:attachment":[{"href":"http:\/\/espaconews.com\/fr\/wp-json\/wp\/v2\/media?parent=2905"}],"wp:term":[{"taxonomy":"category","embeddable":true,"href":"http:\/\/espaconews.com\/fr\/wp-json\/wp\/v2\/categories?post=2905"},{"taxonomy":"post_tag","embeddable":true,"href":"http:\/\/espaconews.com\/fr\/wp-json\/wp\/v2\/tags?post=2905"}],"curies":[{"name":"wp","href":"https:\/\/api.w.org\/{rel}","templated":true}]}}