{"id":2890,"date":"2025-10-29T15:24:32","date_gmt":"2025-10-29T18:24:32","guid":{"rendered":"https:\/\/espaconews.com\/?p=2890"},"modified":"2025-10-29T15:24:37","modified_gmt":"2025-10-29T18:24:37","slug":"como-ahorrar-en-facturas-de-electricidad","status":"publish","type":"post","link":"http:\/\/espaconews.com\/fr\/como-ahorrar-en-facturas-de-electricidad\/","title":{"rendered":"Comment r\u00e9duire ses factures d&#039;\u00e9lectricit\u00e9"},"content":{"rendered":"<p class=\"has-text-align-center\">Souhaitez-vous apprendre des m\u00e9thodes r\u00e9elles et efficaces pour <strong>Comment r\u00e9duire ses factures d&#039;\u00e9lectricit\u00e9<\/strong>Alors vous \u00eates au bon endroit.<\/p>\n\n\n\n<figure class=\"wp-block-gallery aligncenter has-nested-images columns-default is-cropped wp-block-gallery-1 is-layout-flex wp-block-gallery-is-layout-flex\">\n<figure class=\"wp-block-image size-full\"><img loading=\"lazy\" decoding=\"async\" width=\"550\" height=\"350\" data-id=\"2892\" src=\"https:\/\/espaconews.com\/wp-content\/uploads\/sites\/142\/2025\/10\/DESTAQUE-ESPACO-51-1.jpg\" alt=\"\" class=\"wp-image-2892\" srcset=\"http:\/\/espaconews.com\/wp-content\/uploads\/sites\/142\/2025\/10\/DESTAQUE-ESPACO-51-1.jpg 550w, http:\/\/espaconews.com\/wp-content\/uploads\/sites\/142\/2025\/10\/DESTAQUE-ESPACO-51-1-300x191.jpg 300w, http:\/\/espaconews.com\/wp-content\/uploads\/sites\/142\/2025\/10\/DESTAQUE-ESPACO-51-1-18x12.jpg 18w\" sizes=\"(max-width: 550px) 100vw, 550px\" \/><figcaption class=\"wp-element-caption\">CANVA<\/figcaption><\/figure>\n<\/figure>\n\n\n\n<p class=\"has-text-align-center\">Vous trouverez dans cet article un r\u00e9sum\u00e9 en introduction, suivi de strat\u00e9gies concr\u00e8tes que vous pouvez appliquer d\u00e8s aujourd&#039;hui, des donn\u00e9es actualis\u00e9es pour le contexte mexicain et des r\u00e9ponses aux questions fr\u00e9quemment pos\u00e9es.<\/p>\n\n\n\n<p class=\"has-text-align-center\">Notre objectif : que votre prochaine facture vous surprenne par son faible montant, et non par son montant \u00e9lev\u00e9.<\/p>\n\n\n\n<h2 class=\"wp-block-heading\">R\u00e9sum\u00e9<\/h2>\n\n\n\n<p>Vous d\u00e9couvrirez pourquoi les tarifs de l&#039;\u00e9lectricit\u00e9 ont \u00e9volu\u00e9 au Mexique, ce que font les maisons intelligentes pour r\u00e9duire leur consommation et comment de petites actions (parfois m\u00eame analogiques) peuvent faire une grande diff\u00e9rence.<\/p>\n\n\n\n<p>Nous aborderons les co\u00fbts actuels, les habitudes \u00e0 revoir, les technologies et les comportements qui fonctionnent, et enfin une section de questions fr\u00e9quemment pos\u00e9es pour dissiper tout doute.<\/p>\n\n\n\n<h2 class=\"wp-block-heading\">Le contexte mexicain\u00a0: Pourquoi souhaitez-vous \u00e9pargner maintenant\u00a0?<\/h2>\n\n\n\n<p>Comprendre le sc\u00e9nario est essentiel pour savoir <strong>Comment r\u00e9duire ses factures d&#039;\u00e9lectricit\u00e9<\/strong> avec du bon sens.<\/p>\n\n\n\n<p>Au Mexique, le prix moyen r\u00e9sidentiel du kWh est d&#039;environ <strong>US $0,11 par kWh (\u2248 MXN 2\u00a0025\/kWh) en mars 2025<\/strong>.<\/p>\n\n\n\n<p><br>Bien que le co\u00fbt puisse para\u00eetre mod\u00e9r\u00e9 \u00e0 l&#039;\u00e9chelle mondiale, le fardeau se fait sentir dans les budgets nationaux.<\/p>\n\n\n\n<p>Par exemple, un rapport d&#039;enqu\u00eate d&#039;ENIGH indique que pour une famille de quatre personnes consommant entre 400 et 600 kWh par mois, les d\u00e9penses d&#039;\u00e9lectricit\u00e9 peuvent varier entre <strong>MX$800 et MX$1500 par mois<\/strong>.<\/p>\n\n\n\n<p><br>Cette variabilit\u00e9 rend la compr\u00e9hension <strong>Comment r\u00e9duire ses factures d&#039;\u00e9lectricit\u00e9<\/strong> \u00eatre non seulement utile, mais n\u00e9cessaire.<\/p>\n\n\n\n<p>\u00c9conomiser de l&#039;argent ne se r\u00e9sume pas \u00e0 payer moins\u00a0:<\/p>\n\n\n\n<p>Il s&#039;agit d&#039;un bien-\u00eatre accru, d&#039;une r\u00e9duction du stress financier et aussi d&#039;une durabilit\u00e9 \u00e9nerg\u00e9tique (une analogie\u00a0:<\/p>\n\n\n\n<p>\u00c9conomiser l&#039;\u00e9lectricit\u00e9, c&#039;est comme se brosser les dents tous les jours (un petit geste qui \u00e9vite de gros probl\u00e8mes plus tard).<\/p>\n\n\n\n<h2 class=\"wp-block-heading\">Strat\u00e9gies pratiques pour r\u00e9duire votre facture<\/h2>\n\n\n\n<p>Je pr\u00e9sente ici un ensemble de tactiques, organis\u00e9es et argument\u00e9es, afin que vous puissiez les appliquer en fonction de votre contexte.<\/p>\n\n\n\n<h3 class=\"wp-block-heading\">1. Connaissez votre consommation et d\u00e9tectez les fuites.<\/h3>\n\n\n\n<p>Avant de r\u00e9duire sa consommation, il est utile de voir o\u00f9 elle \u00ab s&#039;\u00e9chappe \u00bb.<\/p>\n\n\n\n<p>V\u00e9rifiez votre consommation en kWh du mois dernier. Identifiez les appareils qui restent en veille ou les lumi\u00e8res laiss\u00e9es allum\u00e9es inutilement.<\/p>\n\n\n\n<p>Utilisez un compteur de consommation ou v\u00e9rifiez le d\u00e9tail de la facture.<\/p>\n\n\n\n<p><br>Exemple : Dans une maison \u00e9quip\u00e9e d&#039;une climatisation, on a d\u00e9couvert que l&#039;appareil fonctionnait m\u00eame en l&#039;absence de toute personne ; en le programmant correctement, la consommation a \u00e9t\u00e9 r\u00e9duite de 15 %.<\/p>\n\n\n\n<p><br>Ce type de d\u00e9tection est essentiel pour savoir <strong>Comment r\u00e9duire ses factures d&#039;\u00e9lectricit\u00e9<\/strong> car cela vous indique par o\u00f9 commencer.<\/p>\n\n\n\n<h3 class=\"wp-block-heading\">2. Optimiser l&#039;utilisation de la climatisation et de la ventilation<\/h3>\n\n\n\n<p>Dans les r\u00e9gions chaudes du pays, la climatisation repr\u00e9sente g\u00e9n\u00e9ralement une part importante des d\u00e9penses.<\/p>\n\n\n\n<p>Profitez de la ventilation naturelle avant d&#039;allumer la climatisation.<\/p>\n\n\n\n<p>R\u00e9glez le thermostat sur une temp\u00e9rature raisonnable (par exemple, 25-26 \u00b0C) et \u00e9vitez de trop la baisser.<\/p>\n\n\n\n<p>Nettoyez les filtres pour garantir le bon fonctionnement de l&#039;\u00e9quipement.<br><\/p>\n\n\n\n<p>Par exemple, une famille qui a r\u00e9duit la temp\u00e9rature de la climatisation de 1\u00b0C a r\u00e9ussi \u00e0 \u00e9conomiser environ 8 % sur sa facture sans perdre en confort.<\/p>\n\n\n\n<h3 class=\"wp-block-heading\">3. \u00c9clairage efficace et appareils modernes<\/h3>\n\n\n\n<p>Remplacez les ampoules \u00e0 incandescence par des LED ; leur consommation d&#039;\u00e9nergie est nettement inf\u00e9rieure.<\/p>\n\n\n\n<p>Lors de l&#039;achat de nouveaux \u00e9quipements, il est important de pr\u00eater attention \u00e0 l&#039;\u00e9tiquette d&#039;efficacit\u00e9 \u00e9nerg\u00e9tique.<\/p>\n\n\n\n<p>D\u00e9branchez les chargeurs, les appareils \u00ab fant\u00f4mes \u00bb et les appareils qui sont branch\u00e9s mais non utilis\u00e9s.<br><\/p>\n\n\n\n<p>Ces types d&#039;actions peuvent sembler insignifiants, mais cumul\u00e9es, elles permettent de r\u00e9aliser de v\u00e9ritables \u00e9conomies, qui constituent un \u00e9l\u00e9ment central de <strong>Comment r\u00e9duire ses factures d&#039;\u00e9lectricit\u00e9<\/strong>.<\/p>\n\n\n\n<h3 class=\"wp-block-heading\">4. Ajuster les horaires et les tarifs autant que possible<\/h3>\n\n\n\n<p>Selon votre r\u00e9gion et votre fournisseur, il peut y avoir des tarifs plus avantageux en dehors des heures de pointe.<\/p>\n\n\n\n<p>Programmez votre lave-linge ou votre lave-vaisselle aux heures creuses (si votre tarif le permet).<\/p>\n\n\n\n<p>Dans le cas des appareils \u00e0 forte consommation (tels que les pompes ou les pompes \u00e0 chaleur), \u00e9vitez de les utiliser pendant les heures de pointe si cela implique un co\u00fbt horaire plus \u00e9lev\u00e9.<br><\/p>\n\n\n\n<p>Bien que tous les m\u00e9nages ne soient pas soumis \u00e0 des taux variables, c&#039;est une solution \u00e0 envisager pour optimiser les d\u00e9penses.<\/p>\n\n\n\n<h3 class=\"wp-block-heading\">5. Isolation thermique et comportement intelligent<\/h3>\n\n\n\n<p>Les mesures passives peuvent faire une grande diff\u00e9rence\u00a0:<\/p>\n\n\n\n<p>Calfeutrez les portes et les fen\u00eatres qui laissent passer les courants d&#039;air.<\/p>\n\n\n\n<p>Utilisez des rideaux ou des stores pour bloquer la lumi\u00e8re directe du soleil aux heures les plus chaudes. En hiver, veillez \u00e0 ce que la maison conserve la chaleur, et en \u00e9t\u00e9, \u00e0 ce qu&#039;elle n&#039;accumule pas de chaleur.<\/p>\n\n\n\n<p><br>Exemple 2 : Dans une maison en b\u00e9ton sans isolation ad\u00e9quate, le propri\u00e9taire a install\u00e9 des joints d\u2019\u00e9tanch\u00e9it\u00e9 et des stores occultants. <\/p>\n\n\n\n<p>R\u00e9sultat : Sa consommation de refroidissement a diminu\u00e9 de 12 % au cours d&#039;un \u00e9t\u00e9 tr\u00e8s chaud.<br><\/p>\n\n\n\n<p>Ces actions illustrent une mani\u00e8re concr\u00e8te de le mettre en pratique. <strong>Comment r\u00e9duire ses factures d&#039;\u00e9lectricit\u00e9<\/strong> par des am\u00e9liorations des habitudes et des structures.<\/p>\n\n\n\n<h2 class=\"wp-block-heading\">Des technologies \u00e0 consid\u00e9rer<\/h2>\n\n\n\n<p>Certaines des mesures ci-dessus ne n\u00e9cessitent que peu ou pas de frais, tandis que d&#039;autres peuvent impliquer des investissements.<\/p>\n\n\n\n<p>Mais le retour sur investissement peut \u00eatre rapide.<\/p>\n\n\n\n<p>Panneaux solaires domestiques ou micro-onduleurs\u00a0: selon votre localisation, p\u00e9riode d\u2019amortissement de 5 \u00e0 7\u00a0ans\u00a0; c\u2019est \u00e9galement b\u00e9n\u00e9fique pour l\u2019environnement.<\/p>\n\n\n\n<p>Pompes \u00e0 chaleur haute performance : remplacez vos anciens syst\u00e8mes de chauffage\/climatisation par des mod\u00e8les \u00e0 faible consommation.<\/p>\n\n\n\n<p>Thermostats intelligents\u00a0: ils adaptent leurs cycles de fonctionnement en fonction de l\u2019activit\u00e9 et de la pr\u00e9sence, r\u00e9duisant ainsi la consommation sans que le changement soit perceptible.<\/p>\n\n\n\n<p>Moniteur de consommation \u00e9lectrique : vous indique en temps r\u00e9el les augmentations de consommation, facilitant ainsi les ajustements instantan\u00e9s.<br><\/p>\n\n\n\n<p>Investir dans la technologie et la combiner \u00e0 de bonnes habitudes renforce la strat\u00e9gie de <strong>Comment r\u00e9duire ses factures d&#039;\u00e9lectricit\u00e9<\/strong> de fa\u00e7on permanente, et non pas seulement occasionnellement.<\/p>\n\n\n\n<h2 class=\"wp-block-heading\">Une information cl\u00e9 pour votre strat\u00e9gie<\/h2>\n\n\n\n<p>Une statistique pertinente\u00a0: au Mexique, le prix moyen des logements \u00e9tait d\u2019environ <strong>US $0,11 par kWh en d\u00e9cembre 2024<\/strong>.<\/p>\n\n\n\n<p><br>Cela signifie que chaque kWh que vous parvenez \u00e0 \u00e9viter a un co\u00fbt direct qui se traduit par des \u00e9conomies pour vous.<\/p>\n\n\n\n<p>Par exemple, si vous r\u00e9duisez votre consommation de 50 kWh par mois, \u00e0 ce prix, cela \u00e9quivaudrait \u00e0 une \u00e9conomie d&#039;environ 1 TP4 5,50 $US (environ 1 TP4 100 $MX au taux de change) ; sur l&#039;ann\u00e9e, cela repr\u00e9sente plus de 1 TP4 1 200 $MX.<\/p>\n\n\n\n<p><br>Ce type de calcul d\u00e9montre que, m\u00eame si cela peut para\u00eetre minime, les impacts cumulatifs sont importants lorsqu&#039;on les consid\u00e8re <strong>Comment r\u00e9duire ses factures d&#039;\u00e9lectricit\u00e9<\/strong>.<\/p>\n\n\n\n<h2 class=\"wp-block-heading\">Mythes et erreurs courantes \u00e0 \u00e9viter<\/h2>\n\n\n\n<p><em>\u00ab Si je d\u00e9branche tout, je coupe la facture. \u00bb<\/em>  La consommation minimale du foyer se poursuit et certains appareils (r\u00e9frig\u00e9rateur, r\u00e9seau) doivent \u00eatre entretenus.<\/p>\n\n\n\n<p>L&#039;objectif devrait \u00eatre de r\u00e9duire, et non d&#039;\u00e9liminer.<\/p>\n\n\n\n<p><em>\u00ab Les vieux appareils \u00e9lectrom\u00e9nagers ne co\u00fbtent pas si cher. \u00bb<\/em>  En g\u00e9n\u00e9ral, les \u00e9quipements obsol\u00e8tes consomment plus d&#039;\u00e9nergie ; leur remplacement peut g\u00e9n\u00e9rer des \u00e9conomies importantes.<\/p>\n\n\n\n<p><em>\u00ab Le soleil \u00e9clatant ne me d\u00e9range pas, j\u2019ai une subvention. \u00bb<\/em>  M\u00eame avec des subventions, la facture peut augmenter en raison d&#039;une consommation excessive. <\/p>\n\n\n\n<p>Comprendre le fonctionnement de votre tarif fait partie de <strong>Comment r\u00e9duire ses factures d&#039;\u00e9lectricit\u00e9<\/strong>.<\/p>\n\n\n\n<p><em>\u00ab Investir dans la technologie co\u00fbte cher, \u00e7a n\u2019en vaut pas la peine. \u00bb<\/em>  Cela d\u00e9pend des cas\u00a0: si les \u00e9conomies potentielles sont importantes (en raison du climat, des tarifs ou de la consommation), l\u2019investissement est rentable.<\/p>\n\n\n\n<p>Une \u00e9valuation correcte est essentielle.<\/p>\n\n\n\n<figure class=\"wp-block-gallery aligncenter has-nested-images columns-default is-cropped wp-block-gallery-2 is-layout-flex wp-block-gallery-is-layout-flex\">\n<figure class=\"wp-block-image size-full\"><img loading=\"lazy\" decoding=\"async\" width=\"550\" height=\"350\" data-id=\"2893\" src=\"https:\/\/espaconews.com\/wp-content\/uploads\/sites\/142\/2025\/10\/DESTAQUE-ESPACO-52.jpg\" alt=\"\" class=\"wp-image-2893\" srcset=\"http:\/\/espaconews.com\/wp-content\/uploads\/sites\/142\/2025\/10\/DESTAQUE-ESPACO-52.jpg 550w, http:\/\/espaconews.com\/wp-content\/uploads\/sites\/142\/2025\/10\/DESTAQUE-ESPACO-52-300x191.jpg 300w, http:\/\/espaconews.com\/wp-content\/uploads\/sites\/142\/2025\/10\/DESTAQUE-ESPACO-52-18x12.jpg 18w\" sizes=\"(max-width: 550px) 100vw, 550px\" \/><figcaption class=\"wp-element-caption\">CANVA<\/figcaption><\/figure>\n<\/figure>\n\n\n\n<p>En savoir plus:\u00a0<a href=\"http:\/\/espaconews.com\/fr\/beneficios-sociales-mas-importantes-en-2025\/\">Les principales prestations sociales en 2025<\/a><\/p>\n\n\n\n<h2 class=\"wp-block-heading\">Conclusion<\/h2>\n\n\n\n<p>Savoir <strong>Comment r\u00e9duire ses factures d&#039;\u00e9lectricit\u00e9<\/strong> Il s&#039;agit d&#039;une combinaison de prise de conscience, d&#039;action et de strat\u00e9gie.<\/p>\n\n\n\n<p>Il ne s&#039;agit pas seulement d&#039;\u00e9teindre les lumi\u00e8res ; il s&#039;agit de comprendre ses habitudes de consommation, d&#039;ajuster ses comportements, de tirer parti des technologies et de mettre en \u0153uvre des am\u00e9liorations structurelles lorsque cela est possible.<\/p>\n\n\n\n<p>Lorsque vous prenez le temps de faire une pause, d&#039;examiner votre facture et de vous engager \u00e0 changer, vous cr\u00e9ez un impact qui va bien au-del\u00e0 de l&#039;aspect financier\u00a0: vous am\u00e9liorez votre tranquillit\u00e9 d&#039;esprit, vous all\u00e9gez votre budget et vous participez \u00e0 une utilisation plus responsable de l&#039;\u00e9nergie.<\/p>\n\n\n\n<p>Le d\u00e9fi est simple\u00a0: au lieu de laisser la facture d\u00e9cider pour vous, vous d\u00e9cidez de votre facture. Faites en sorte que le mois prochain soit diff\u00e9rent.<\/p>\n\n\n\n<p>En savoir plus:\u00a0<a href=\"http:\/\/espaconews.com\/fr\/subsidios-de-energia-que-paises-los-ofrecen\/\">Subventions \u00e9nerg\u00e9tiques : quels pays les proposeront en 2025<\/a><\/p>\n\n\n\n<h2 class=\"wp-block-heading\">Foire aux questions (FAQ)<\/h2>\n\n\n\n<p><strong>Quel est le meilleur moment pour appliquer ces strat\u00e9gies ?<\/strong><br>D\u00e8s que possible.<\/p>\n\n\n\n<p>La plupart des m\u00e9nages peuvent commencer par des actions gratuites (comme r\u00e9gler le thermostat ou surveiller la consommation en veille) et passer \u00e0 des investissements si n\u00e9cessaire.<\/p>\n\n\n\n<p><strong>Combien puis-je r\u00e9ellement \u00e9conomiser ?<\/strong><br>Cela d\u00e9pend de la consommation actuelle, du tarif et des conditions m\u00e9t\u00e9orologiques.<\/p>\n\n\n\n<p>Mais m\u00eame des r\u00e9ductions modestes (par exemple, 10 %) se traduisent par des \u00e9conomies visibles sur la facture annuelle.<\/p>\n\n\n\n<p><strong>Dois-je remplacer toute ma maison ou mon \u00e9quipement ?<\/strong><br>Pas n\u00e9cessairement.<\/p>\n\n\n\n<p>Vous pouvez privil\u00e9gier les \u00e9quipements ou les habitudes qui ont le plus grand impact sur votre maison\u00a0: climatisation, \u00e9clairage, isolation. <\/p>\n\n\n\n<p>Ensuite, si cela vous convient, investissez dans la technologie.<\/p>\n\n\n\n<p><strong>Les tarifs d&#039;\u00e9lectricit\u00e9 r\u00e9sidentiels vont-ils augmenter au Mexique\u00a0?<\/strong><br>Les tarifs peuvent varier selon le pays, la r\u00e9gion et la police d&#039;assurance.<\/p>\n\n\n\n<p>Actuellement, le co\u00fbt r\u00e9sidentiel se situe autour de $0,11 $US\/kWh.<\/p>\n\n\n\n<p>Mais la meilleure approche reste la ma\u00eetrise de la consommation, quelle que soit l&#039;\u00e9volution des tarifs douaniers.<\/p>","protected":false},"excerpt":{"rendered":"<p>\u00bfQuieres conocer formas reales y efectivas de c\u00f3mo ahorrar en facturas de electricidad? Entonces est\u00e1s en el lugar adecuado. En este art\u00edculo hallar\u00e1s un resumen al inicio, seguido de estrategias concretas que puedes aplicar hoy, datos actualizados para el contexto mexicano y respuestas a dudas frecuentes. Nuestra meta: que la pr\u00f3xima factura te sorprenda por [&hellip;]<\/p>","protected":false},"author":219,"featured_media":2891,"comment_status":"closed","ping_status":"open","sticky":false,"template":"","format":"standard","meta":{"footnotes":""},"categories":[3],"tags":[],"yoast_head":"<!-- This site is optimized with the Yoast SEO plugin v23.3 - https:\/\/yoast.com\/wordpress\/plugins\/seo\/ -->\n<title>C\u00f3mo ahorrar en facturas de electricidad - Espa\u00e7o News<\/title>\n<meta name=\"description\" content=\"\u00bfQuieres conocer formas reales y efectivas de c\u00f3mo ahorrar en facturas de electricidad? Entonces est\u00e1s en el lugar adecuado. En este...\" \/>\n<meta name=\"robots\" content=\"index, follow, max-snippet:-1, max-image-preview:large, max-video-preview:-1\" \/>\n<link rel=\"canonical\" href=\"http:\/\/espaconews.com\/fr\/como-ahorrar-en-facturas-de-electricidad\/\" \/>\n<meta property=\"og:locale\" content=\"fr_FR\" \/>\n<meta property=\"og:type\" content=\"article\" \/>\n<meta property=\"og:title\" content=\"C\u00f3mo ahorrar en facturas de electricidad - Espa\u00e7o News\" \/>\n<meta property=\"og:description\" content=\"\u00bfQuieres conocer formas reales y efectivas de c\u00f3mo ahorrar en facturas de electricidad? Entonces est\u00e1s en el lugar adecuado. En este...\" \/>\n<meta property=\"og:url\" content=\"http:\/\/espaconews.com\/fr\/como-ahorrar-en-facturas-de-electricidad\/\" \/>\n<meta property=\"og:site_name\" content=\"Espa\u00e7o News\" \/>\n<meta property=\"article:published_time\" content=\"2025-10-29T18:24:32+00:00\" \/>\n<meta property=\"article:modified_time\" content=\"2025-10-29T18:24:37+00:00\" \/>\n<meta property=\"og:image\" content=\"http:\/\/espaconews.com\/wp-content\/uploads\/sites\/142\/2025\/10\/DESTAQUE-ESPACO-51.jpg\" \/>\n\t<meta property=\"og:image:width\" content=\"550\" \/>\n\t<meta property=\"og:image:height\" content=\"350\" \/>\n\t<meta property=\"og:image:type\" content=\"image\/jpeg\" \/>\n<meta name=\"author\" content=\"Matheus Sangaletti\" \/>\n<meta name=\"twitter:card\" content=\"summary_large_image\" \/>\n<meta name=\"twitter:label1\" content=\"Written by\" \/>\n\t<meta name=\"twitter:data1\" content=\"Matheus Sangaletti\" \/>\n\t<meta name=\"twitter:label2\" content=\"Est. reading time\" \/>\n\t<meta name=\"twitter:data2\" content=\"8 minutes\" \/>\n<script type=\"application\/ld+json\" class=\"yoast-schema-graph\">{\"@context\":\"https:\/\/schema.org\",\"@graph\":[{\"@type\":\"WebPage\",\"@id\":\"http:\/\/espaconews.com\/fr\/como-ahorrar-en-facturas-de-electricidad\/\",\"url\":\"http:\/\/espaconews.com\/fr\/como-ahorrar-en-facturas-de-electricidad\/\",\"name\":\"C\u00f3mo ahorrar en facturas de electricidad - Espa\u00e7o News\",\"isPartOf\":{\"@id\":\"https:\/\/espaconews.com\/#website\"},\"primaryImageOfPage\":{\"@id\":\"http:\/\/espaconews.com\/fr\/como-ahorrar-en-facturas-de-electricidad\/#primaryimage\"},\"image\":{\"@id\":\"http:\/\/espaconews.com\/fr\/como-ahorrar-en-facturas-de-electricidad\/#primaryimage\"},\"thumbnailUrl\":\"http:\/\/espaconews.com\/wp-content\/uploads\/sites\/142\/2025\/10\/DESTAQUE-ESPACO-51.jpg\",\"datePublished\":\"2025-10-29T18:24:32+00:00\",\"dateModified\":\"2025-10-29T18:24:37+00:00\",\"author\":{\"@id\":\"https:\/\/espaconews.com\/#\/schema\/person\/92fcd07e9b1f4323bf74f3170fc0f78a\"},\"description\":\"\u00bfQuieres conocer formas reales y efectivas de c\u00f3mo ahorrar en facturas de electricidad? Entonces est\u00e1s en el lugar adecuado. En este...\",\"breadcrumb\":{\"@id\":\"http:\/\/espaconews.com\/fr\/como-ahorrar-en-facturas-de-electricidad\/#breadcrumb\"},\"inLanguage\":\"fr-FR\",\"potentialAction\":[{\"@type\":\"ReadAction\",\"target\":[\"http:\/\/espaconews.com\/fr\/como-ahorrar-en-facturas-de-electricidad\/\"]}]},{\"@type\":\"ImageObject\",\"inLanguage\":\"fr-FR\",\"@id\":\"http:\/\/espaconews.com\/fr\/como-ahorrar-en-facturas-de-electricidad\/#primaryimage\",\"url\":\"http:\/\/espaconews.com\/wp-content\/uploads\/sites\/142\/2025\/10\/DESTAQUE-ESPACO-51.jpg\",\"contentUrl\":\"http:\/\/espaconews.com\/wp-content\/uploads\/sites\/142\/2025\/10\/DESTAQUE-ESPACO-51.jpg\",\"width\":550,\"height\":350},{\"@type\":\"BreadcrumbList\",\"@id\":\"http:\/\/espaconews.com\/fr\/como-ahorrar-en-facturas-de-electricidad\/#breadcrumb\",\"itemListElement\":[{\"@type\":\"ListItem\",\"position\":1,\"name\":\"Home\",\"item\":\"https:\/\/espaconews.com\/\"},{\"@type\":\"ListItem\",\"position\":2,\"name\":\"C\u00f3mo ahorrar en facturas de electricidad\"}]},{\"@type\":\"WebSite\",\"@id\":\"https:\/\/espaconews.com\/#website\",\"url\":\"https:\/\/espaconews.com\/\",\"name\":\"Espa\u00e7o News\",\"description\":\"\",\"potentialAction\":[{\"@type\":\"SearchAction\",\"target\":{\"@type\":\"EntryPoint\",\"urlTemplate\":\"https:\/\/espaconews.com\/?s={search_term_string}\"},\"query-input\":\"required name=search_term_string\"}],\"inLanguage\":\"fr-FR\"},{\"@type\":\"Person\",\"@id\":\"https:\/\/espaconews.com\/#\/schema\/person\/92fcd07e9b1f4323bf74f3170fc0f78a\",\"name\":\"Matheus Sangaletti\",\"image\":{\"@type\":\"ImageObject\",\"inLanguage\":\"fr-FR\",\"@id\":\"https:\/\/espaconews.com\/#\/schema\/person\/image\/\",\"url\":\"http:\/\/2.gravatar.com\/avatar\/280ea957a14a48e6a1ad2133d2cc27c9?s=96&d=mm&r=g\",\"contentUrl\":\"http:\/\/2.gravatar.com\/avatar\/280ea957a14a48e6a1ad2133d2cc27c9?s=96&d=mm&r=g\",\"caption\":\"Matheus Sangaletti\"},\"url\":\"http:\/\/espaconews.com\/fr\/author\/matheuss\/\"}]}<\/script>\n<!-- \/ Yoast SEO plugin. -->","yoast_head_json":{"title":"C\u00f3mo ahorrar en facturas de electricidad - Espa\u00e7o News","description":"\u00bfQuieres conocer formas reales y efectivas de c\u00f3mo ahorrar en facturas de electricidad? Entonces est\u00e1s en el lugar adecuado. En este...","robots":{"index":"index","follow":"follow","max-snippet":"max-snippet:-1","max-image-preview":"max-image-preview:large","max-video-preview":"max-video-preview:-1"},"canonical":"http:\/\/espaconews.com\/fr\/como-ahorrar-en-facturas-de-electricidad\/","og_locale":"fr_FR","og_type":"article","og_title":"C\u00f3mo ahorrar en facturas de electricidad - Espa\u00e7o News","og_description":"\u00bfQuieres conocer formas reales y efectivas de c\u00f3mo ahorrar en facturas de electricidad? Entonces est\u00e1s en el lugar adecuado. En este...","og_url":"http:\/\/espaconews.com\/fr\/como-ahorrar-en-facturas-de-electricidad\/","og_site_name":"Espa\u00e7o News","article_published_time":"2025-10-29T18:24:32+00:00","article_modified_time":"2025-10-29T18:24:37+00:00","og_image":[{"width":550,"height":350,"url":"http:\/\/espaconews.com\/wp-content\/uploads\/sites\/142\/2025\/10\/DESTAQUE-ESPACO-51.jpg","type":"image\/jpeg"}],"author":"Matheus Sangaletti","twitter_card":"summary_large_image","twitter_misc":{"Written by":"Matheus Sangaletti","Est. reading time":"8 minutes"},"schema":{"@context":"https:\/\/schema.org","@graph":[{"@type":"WebPage","@id":"http:\/\/espaconews.com\/fr\/como-ahorrar-en-facturas-de-electricidad\/","url":"http:\/\/espaconews.com\/fr\/como-ahorrar-en-facturas-de-electricidad\/","name":"C\u00f3mo ahorrar en facturas de electricidad - Espa\u00e7o News","isPartOf":{"@id":"https:\/\/espaconews.com\/#website"},"primaryImageOfPage":{"@id":"http:\/\/espaconews.com\/fr\/como-ahorrar-en-facturas-de-electricidad\/#primaryimage"},"image":{"@id":"http:\/\/espaconews.com\/fr\/como-ahorrar-en-facturas-de-electricidad\/#primaryimage"},"thumbnailUrl":"http:\/\/espaconews.com\/wp-content\/uploads\/sites\/142\/2025\/10\/DESTAQUE-ESPACO-51.jpg","datePublished":"2025-10-29T18:24:32+00:00","dateModified":"2025-10-29T18:24:37+00:00","author":{"@id":"https:\/\/espaconews.com\/#\/schema\/person\/92fcd07e9b1f4323bf74f3170fc0f78a"},"description":"\u00bfQuieres conocer formas reales y efectivas de c\u00f3mo ahorrar en facturas de electricidad? Entonces est\u00e1s en el lugar adecuado. En este...","breadcrumb":{"@id":"http:\/\/espaconews.com\/fr\/como-ahorrar-en-facturas-de-electricidad\/#breadcrumb"},"inLanguage":"fr-FR","potentialAction":[{"@type":"ReadAction","target":["http:\/\/espaconews.com\/fr\/como-ahorrar-en-facturas-de-electricidad\/"]}]},{"@type":"ImageObject","inLanguage":"fr-FR","@id":"http:\/\/espaconews.com\/fr\/como-ahorrar-en-facturas-de-electricidad\/#primaryimage","url":"http:\/\/espaconews.com\/wp-content\/uploads\/sites\/142\/2025\/10\/DESTAQUE-ESPACO-51.jpg","contentUrl":"http:\/\/espaconews.com\/wp-content\/uploads\/sites\/142\/2025\/10\/DESTAQUE-ESPACO-51.jpg","width":550,"height":350},{"@type":"BreadcrumbList","@id":"http:\/\/espaconews.com\/fr\/como-ahorrar-en-facturas-de-electricidad\/#breadcrumb","itemListElement":[{"@type":"ListItem","position":1,"name":"Home","item":"https:\/\/espaconews.com\/"},{"@type":"ListItem","position":2,"name":"C\u00f3mo ahorrar en facturas de electricidad"}]},{"@type":"WebSite","@id":"https:\/\/espaconews.com\/#website","url":"https:\/\/espaconews.com\/","name":"Espa\u00e7o News","description":"","potentialAction":[{"@type":"SearchAction","target":{"@type":"EntryPoint","urlTemplate":"https:\/\/espaconews.com\/?s={search_term_string}"},"query-input":"required name=search_term_string"}],"inLanguage":"fr-FR"},{"@type":"Person","@id":"https:\/\/espaconews.com\/#\/schema\/person\/92fcd07e9b1f4323bf74f3170fc0f78a","name":"Matheus Sangaletti","image":{"@type":"ImageObject","inLanguage":"fr-FR","@id":"https:\/\/espaconews.com\/#\/schema\/person\/image\/","url":"http:\/\/2.gravatar.com\/avatar\/280ea957a14a48e6a1ad2133d2cc27c9?s=96&d=mm&r=g","contentUrl":"http:\/\/2.gravatar.com\/avatar\/280ea957a14a48e6a1ad2133d2cc27c9?s=96&d=mm&r=g","caption":"Matheus Sangaletti"},"url":"http:\/\/espaconews.com\/fr\/author\/matheuss\/"}]}},"_links":{"self":[{"href":"http:\/\/espaconews.com\/fr\/wp-json\/wp\/v2\/posts\/2890"}],"collection":[{"href":"http:\/\/espaconews.com\/fr\/wp-json\/wp\/v2\/posts"}],"about":[{"href":"http:\/\/espaconews.com\/fr\/wp-json\/wp\/v2\/types\/post"}],"author":[{"embeddable":true,"href":"http:\/\/espaconews.com\/fr\/wp-json\/wp\/v2\/users\/219"}],"replies":[{"embeddable":true,"href":"http:\/\/espaconews.com\/fr\/wp-json\/wp\/v2\/comments?post=2890"}],"version-history":[{"count":1,"href":"http:\/\/espaconews.com\/fr\/wp-json\/wp\/v2\/posts\/2890\/revisions"}],"predecessor-version":[{"id":2894,"href":"http:\/\/espaconews.com\/fr\/wp-json\/wp\/v2\/posts\/2890\/revisions\/2894"}],"wp:featuredmedia":[{"embeddable":true,"href":"http:\/\/espaconews.com\/fr\/wp-json\/wp\/v2\/media\/2891"}],"wp:attachment":[{"href":"http:\/\/espaconews.com\/fr\/wp-json\/wp\/v2\/media?parent=2890"}],"wp:term":[{"taxonomy":"category","embeddable":true,"href":"http:\/\/espaconews.com\/fr\/wp-json\/wp\/v2\/categories?post=2890"},{"taxonomy":"post_tag","embeddable":true,"href":"http:\/\/espaconews.com\/fr\/wp-json\/wp\/v2\/tags?post=2890"}],"curies":[{"name":"wp","href":"https:\/\/api.w.org\/{rel}","templated":true}]}}