{"id":2832,"date":"2025-10-23T11:32:57","date_gmt":"2025-10-23T14:32:57","guid":{"rendered":"https:\/\/espaconews.com\/?p=2832"},"modified":"2025-10-23T11:33:00","modified_gmt":"2025-10-23T14:33:00","slug":"paises-con-mejores-programas-de-vivienda-social","status":"publish","type":"post","link":"http:\/\/espaconews.com\/fr\/paises-con-mejores-programas-de-vivienda-social\/","title":{"rendered":"Pays dot\u00e9s des meilleurs programmes de logement social"},"content":{"rendered":"<p class=\"has-text-align-center\"><strong>Pays dot\u00e9s des meilleurs programmes de logement social<\/strong> C&#039;est une expression cl\u00e9 qui guide cette analyse.<\/p>\n\n\n\n<figure class=\"wp-block-gallery aligncenter has-nested-images columns-default is-cropped wp-block-gallery-1 is-layout-flex wp-block-gallery-is-layout-flex\">\n<figure class=\"wp-block-image size-full\"><img loading=\"lazy\" decoding=\"async\" width=\"550\" height=\"350\" data-id=\"2834\" src=\"https:\/\/espaconews.com\/wp-content\/uploads\/sites\/142\/2025\/10\/DESTAQUE-ESPACO-39-1.jpg\" alt=\"\" class=\"wp-image-2834\" srcset=\"http:\/\/espaconews.com\/wp-content\/uploads\/sites\/142\/2025\/10\/DESTAQUE-ESPACO-39-1.jpg 550w, http:\/\/espaconews.com\/wp-content\/uploads\/sites\/142\/2025\/10\/DESTAQUE-ESPACO-39-1-300x191.jpg 300w, http:\/\/espaconews.com\/wp-content\/uploads\/sites\/142\/2025\/10\/DESTAQUE-ESPACO-39-1-18x12.jpg 18w\" sizes=\"(max-width: 550px) 100vw, 550px\" \/><figcaption class=\"wp-element-caption\">CANVA<\/figcaption><\/figure>\n<\/figure>\n\n\n\n<p class=\"has-text-align-center\">Dans un monde o\u00f9 l&#039;acc\u00e8s \u00e0 un logement d\u00e9cent devient de plus en plus difficile, il est essentiel de savoir quels pays ont r\u00e9alis\u00e9 des progr\u00e8s significatifs.<\/p>\n\n\n\n<p>Dans cet article, vous d\u00e9couvrirez, en r\u00e9sum\u00e9\u00a0: les pays leaders en mati\u00e8re de politiques de logement social, les facteurs qui expliquent leur succ\u00e8s, deux exemples concrets illustrant ces mod\u00e8les et une r\u00e9flexion critique sur les enseignements que les autres pays peuvent en tirer.<\/p>\n\n\n\n<h2 class=\"wp-block-heading\">Pourquoi investir dans le logement social ?<\/h2>\n\n\n\n<p>L&#039;acc\u00e8s \u00e0 un logement abordable est fondamental pour la stabilit\u00e9 sociale, le d\u00e9veloppement individuel et la coh\u00e9sion communautaire.<\/p>\n\n\n\n<p>Lorsque les familles consacrent une part disproportionn\u00e9e de leurs revenus au loyer ou au remboursement d&#039;un pr\u00eat hypoth\u00e9caire, cela engendre des probl\u00e8mes de sant\u00e9, une mobilit\u00e9 r\u00e9duite et un moindre investissement dans l&#039;\u00e9ducation. <\/p>\n\n\n\n<p>Un rapport de l\u2019Organisation de coop\u00e9ration et de d\u00e9veloppement \u00e9conomiques (OCDE) note que \u00ab dans la plupart des pays de l\u2019OCDE, les m\u00e9nages occupant des logements sociaux sont moins susceptibles de consacrer plus de 401 % de leur revenu disponible au logement que ceux qui louent sur le march\u00e9 priv\u00e9 \u00bb.<\/p>\n\n\n\n<p>Ainsi, lorsque le <strong>pays dot\u00e9s de meilleurs programmes de logement social<\/strong>On recherche des syst\u00e8mes qui allient qualit\u00e9, inclusion, envergure et viabilit\u00e9 financi\u00e8re. Mais quelles caract\u00e9ristiques ces mod\u00e8les ont-ils en commun\u00a0?<\/p>\n\n\n\n<h2 class=\"wp-block-heading\">Les facteurs cl\u00e9s qui d\u00e9finissent un bon programme<\/h2>\n\n\n\n<p>Pour qu&#039;un programme de logement social soit efficace, il doit comprendre plusieurs \u00e9l\u00e9ments\u00a0:<\/p>\n\n\n\n<ol>\n<li><strong>Part relative \u00e9lev\u00e9e de logements sociaux<\/strong>Par exemple, certains pays consacrent plus de 20 % de leur parc de logements \u00e0 des programmes sociaux.<\/li>\n\n\n\n<li><strong>Large accessibilit\u00e9<\/strong>non seulement pour les plus pauvres, mais aussi pour les classes moyennes vuln\u00e9rables, afin d&#039;\u00e9viter la concentration de la pauvret\u00e9.<\/li>\n\n\n\n<li><strong>Qualit\u00e9 et conception ad\u00e9quates<\/strong>: que le logement social n&#039;est pas synonyme d&#039;appauvrissement ou de logement de \u00ab seconde classe \u00bb par rapport au logement priv\u00e9.<\/li>\n\n\n\n<li><strong>viabilit\u00e9 fiscale et technique<\/strong>Gestion claire, entretien ad\u00e9quat, transparence.<\/li>\n\n\n\n<li><strong>Int\u00e9gration urbaine et sociale<\/strong>Situ\u00e9s dans des zones bien desservies par les transports, les services et l&#039;emploi, en \u00e9vitant les ghettos.<\/li>\n\n\n\n<li><strong>Une politique \u00e9tatique stable avec une vision \u00e0 long terme<\/strong>: sans d\u00e9pendre uniquement des cycles \u00e9lectoraux.<\/li>\n<\/ol>\n\n\n\n<p>Sur la base de ces crit\u00e8res, plusieurs pays se distinguent comme de bons exemples. Nous en examinons trois ci-dessous.<\/p>\n\n\n\n<h2 class=\"wp-block-heading\">Pays leaders\u00a0: trois exemples exceptionnels<\/h2>\n\n\n\n<h3 class=\"wp-block-heading\">1. Pays-Bas<\/h3>\n\n\n\n<p>Le mod\u00e8le n\u00e9erlandais figure parmi les plus efficaces en mati\u00e8re de logement social.<\/p>\n\n\n\n<p>Selon les statistiques, ce pays dispose d&#039;une proportion consid\u00e9rable de logements destin\u00e9s \u00e0 la location sociale ; en fait, elle d\u00e9passe le seuil de 30 % dans certaines analyses.<\/p>\n\n\n\n<p><br>Le programme repose sur des associations de logement \u00e0 but non lucratif qui g\u00e8rent le parc de logements sociaux, fixent des loyers bas\u00e9s sur les co\u00fbts et r\u00e9investissent les b\u00e9n\u00e9fices dans la construction de nouveaux logements.<\/p>\n\n\n\n<p>Cette structure a permis aux logements sociaux d&#039;\u00e9viter la stigmatisation et de coexister avec d&#039;autres cat\u00e9gories de logements.<\/p>\n\n\n\n<p><strong>Exemple concret<\/strong>Dans la ville d&#039;Amersfoort, dans le cadre du projet VINEX Vathorst, des logements sociaux (location ou vente restreinte) ont \u00e9t\u00e9 am\u00e9nag\u00e9s aux c\u00f4t\u00e9s de logements de march\u00e9, afin d&#039;\u00e9viter la s\u00e9gr\u00e9gation et de favoriser la mixit\u00e9 sociale.<\/p>\n\n\n\n<h3 class=\"wp-block-heading\">2. L&#039;Autriche (et en particulier la ville de Vienne)<\/h3>\n\n\n\n<p>L&#039;Autriche est reconnue comme un pays dot\u00e9 d&#039;un programme de logements sociaux performant, accessible \u00e0 une large partie de la population. L&#039;OCDE indique que l&#039;Autriche dispose \u00e0 la fois de logements subventionn\u00e9s (Gef\u00f6rderte Wohnungen) et de logements sociaux municipaux (Gemeindewohnungen), auxquels est \u00e9ligible une part importante des m\u00e9nages.<br><\/p>\n\n\n\n<p>Vienne, en particulier, est internationalement reconnue comme un \u00ab paradis du logement locatif \u00bb. Dans la capitale autrichienne, les logements sociaux repr\u00e9sentent plus de 40 millions de logements du parc immobilier.<br><\/p>\n\n\n\n<p>Une analogie utile\u00a0: penser \u00e0 Vienne, c\u2019est comme contempler un jardin bien entretenu, o\u00f9 chaque plante a de l\u2019espace, de la lumi\u00e8re et des soins\u00a0; en revanche, dans de nombreuses villes, le logement social est cet arbuste laiss\u00e9 \u00e0 l\u2019\u00e9cart, sans fleur ni attention.<\/p>\n\n\n\n<h3 class=\"wp-block-heading\">3. Danemark<\/h3>\n\n\n\n<p>Le Danemark adopte une approche quelque peu diff\u00e9rente\u00a0: son syst\u00e8me de logements sociaux, via les \u00ab\u00a0almen bolig\u00a0\u00bb (logements sociaux), est con\u00e7u pour une population assez large, et non exclusivement pour les plus d\u00e9favoris\u00e9s.<\/p>\n\n\n\n<p>Selon des \u00e9tudes universitaires, le syst\u00e8me danois propose des loyers index\u00e9s sur les co\u00fbts et des partenariats de logement d&#039;int\u00e9r\u00eat public.<br><\/p>\n\n\n\n<p>Par exemple, \u00e0 Copenhague, environ un quart des nouvelles constructions doivent \u00eatre consacr\u00e9es au logement abordable, ce qui contribue \u00e0 \u00e9viter la marginalisation du logement social.<\/p>\n\n\n\n<h2 class=\"wp-block-heading\">Une statistique pertinente<\/h2>\n\n\n\n<p>Un chiffre qui met en \u00e9vidence la diff\u00e9rence entre les pays : selon les donn\u00e9es de la base de donn\u00e9es de l&#039;OCDE, en 2022, le nombre moyen de m\u00e9nages locataires (tant sur le march\u00e9 priv\u00e9 que dans le cadre de subventions) \u00e9tait d&#039;environ 24 % du total dans les pays de l&#039;OCDE. <\/p>\n\n\n\n<p>Mais le pourcentage de logements sociaux varie consid\u00e9rablement\u00a0: certains grands pays d\u00e9passent 15\u00a0% du parc total de logements consacr\u00e9s \u00e0 la location sociale.<\/p>\n\n\n\n<h2 class=\"wp-block-heading\">Deux exemples originaux de politiques r\u00e9ussies<\/h2>\n\n\n\n<p>Pour mieux illustrer comment les bons programmes de logement social sont mis en \u0153uvre en pratique, prenons l&#039;exemple de ces deux cas.<\/p>\n\n\n\n<p><strong>Exemple A<\/strong>Aux Pays-Bas, une famille de classe moyenne aux revenus mod\u00e9r\u00e9s peut acc\u00e9der \u00e0 un logement social par le biais d&#039;une association de logement qui applique des crit\u00e8res clairs et transparents\u00a0: loyer r\u00e9glement\u00e9, entretien continu et participation \u00e0 la vie communautaire.<\/p>\n\n\n\n<p>Gr\u00e2ce \u00e0 ce mod\u00e8le, cette famille r\u00e9duit ses d\u00e9penses de logement et peut consacrer davantage de ressources \u00e0 l&#039;\u00e9ducation et au bien-\u00eatre.<br><\/p>\n\n\n\n<p><strong>Exemple B<\/strong>\u00c0 Vienne, une m\u00e8re c\u00e9libataire avec deux enfants trouve un logement social dans un quartier bien desservi par les transports en commun, avec des services communautaires et un loyer environ 30 % inf\u00e9rieur au loyer moyen du march\u00e9.<\/p>\n\n\n\n<p>Ce logement n&#039;est pas un logement \u00ab basique et bon march\u00e9 \u00bb, mais un logement de bonne qualit\u00e9, sans pour autant ressembler \u00e0 une solution d&#039;urgence ; c&#039;est un logement d\u00e9cent.<\/p>\n\n\n\n<p>Ces exemples montrent qu&#039;un programme de logements sociaux ne consiste pas simplement \u00e0 \u00ab fournir des toits bon march\u00e9 \u00bb, mais \u00e0 les int\u00e9grer dans le tissu urbain avec dignit\u00e9 et stabilit\u00e9.<\/p>\n\n\n\n<figure class=\"wp-block-gallery aligncenter has-nested-images columns-default is-cropped wp-block-gallery-2 is-layout-flex wp-block-gallery-is-layout-flex\">\n<figure class=\"wp-block-image size-full\"><img loading=\"lazy\" decoding=\"async\" width=\"550\" height=\"350\" data-id=\"2835\" src=\"https:\/\/espaconews.com\/wp-content\/uploads\/sites\/142\/2025\/10\/DESTAQUE-ESPACO-40.jpg\" alt=\"\" class=\"wp-image-2835\" srcset=\"http:\/\/espaconews.com\/wp-content\/uploads\/sites\/142\/2025\/10\/DESTAQUE-ESPACO-40.jpg 550w, http:\/\/espaconews.com\/wp-content\/uploads\/sites\/142\/2025\/10\/DESTAQUE-ESPACO-40-300x191.jpg 300w, http:\/\/espaconews.com\/wp-content\/uploads\/sites\/142\/2025\/10\/DESTAQUE-ESPACO-40-18x12.jpg 18w\" sizes=\"(max-width: 550px) 100vw, 550px\" \/><figcaption class=\"wp-element-caption\">CANVA<\/figcaption><\/figure>\n<\/figure>\n\n\n\n<p>En savoir plus:\u00a0<a href=\"http:\/\/espaconews.com\/fr\/beneficios-sociales-mas-importantes-en-2025\/\">Les principales prestations sociales en 2025<\/a><\/p>\n\n\n\n<h2 class=\"wp-block-heading\">Quelles le\u00e7ons les autres pays peuvent-ils en tirer ?<\/h2>\n\n\n\n<p>En observant le <strong>pays dot\u00e9s de meilleurs programmes de logement social<\/strong>Une s\u00e9rie d&#039;enseignements se d\u00e9gagent, applicables \u00e0 divers contextes\u00a0:<\/p>\n\n\n\n<ul>\n<li><strong>politique \u00e0 long terme<\/strong>Une intervention ponctuelle ne suffit pas ; il faut un cadre permanent.<\/li>\n\n\n\n<li><strong>mixit\u00e9 sociale et int\u00e9gration urbaine<\/strong>: ne pas concentrer les personnes les plus pauvres dans des blocs isol\u00e9s.<\/li>\n\n\n\n<li><strong>Gestion et maintenance professionnelles<\/strong>Les logements sociaux doivent \u00eatre bien entretenus afin que leur valeur sociale et \u00e9conomique perdure.<\/li>\n\n\n\n<li><strong>financement durable<\/strong>Il peut combiner des fonds publics, des loyers r\u00e9glement\u00e9s et des investissements d&#039;entit\u00e9s \u00e0 but non lucratif.<\/li>\n\n\n\n<li><strong>Acc\u00e8s large<\/strong>Les programmes qui limitent le logement social aux seuls plus pauvres ont tendance \u00e0 stigmatiser ; les mod\u00e8les plus universels favorisent la coh\u00e9sion.<\/li>\n<\/ul>\n\n\n\n<p>Il existe \u00e9galement des d\u00e9fis\u00a0: de longs d\u00e9lais d\u2019attente, une bureaucratie excessive et une pression immobili\u00e8re qui r\u00e9duit la construction de logements sociaux.<\/p>\n\n\n\n<p>On reproche souvent \u00e0 ces pays, m\u00eame ceux dot\u00e9s de bons programmes, que la demande d\u00e9passe l&#039;offre, ce qui entra\u00eene de longues listes d&#039;attente.<\/p>\n\n\n\n<h2 class=\"wp-block-heading\">Quelles sont les perspectives pour l&#039;Am\u00e9rique latine ?<\/h2>\n\n\n\n<p>Bien que cette analyse se soit concentr\u00e9e sur les mod\u00e8les europ\u00e9ens et asiatiques, cela ne signifie pas que les autres continents sont exclus du processus.<\/p>\n\n\n\n<p>En Am\u00e9rique latine, par exemple, les pays connaissant une urbanisation rapide sont confront\u00e9s au d\u00e9fi du logement informel, mais ils ont aussi des exp\u00e9riences en mati\u00e8re de programmes de logement social qui pourraient s&#039;inspirer des mod\u00e8les mentionn\u00e9s.<\/p>\n\n\n\n<p>Le d\u00e9fi consiste \u00e0 adapter ces bonnes pratiques \u00e0 des contextes de ressources plus limit\u00e9es, d&#039;environnements informels et de besoins urgents.<\/p>\n\n\n\n<h2 class=\"wp-block-heading\">Conclusion<\/h2>\n\n\n\n<p>En conclusion, nous pouvons affirmer avec confiance que <strong>pays dot\u00e9s de meilleurs programmes de logement social<\/strong> Ce sont celles qui allient envergure, qualit\u00e9, accessibilit\u00e9 et int\u00e9gration urbaine.<\/p>\n\n\n\n<p>Des mod\u00e8les comme ceux des Pays-Bas, de Vienne (Autriche) et du Danemark d\u00e9montrent qu&#039;il ne s&#039;agit pas seulement de construire des logements \u00ab bon march\u00e9 \u00bb, mais de b\u00e2tir des villes dignes. Un logement social bien con\u00e7u est comme les fondations d&#039;un \u00e9difice solide\u00a0: invisible pour beaucoup, mais essentiel.<\/p>\n\n\n\n<p>Mais comment pouvons-nous transf\u00e9rer ces exp\u00e9riences \u00e0 des pays ayant des contextes diff\u00e9rents, des budgets plus restreints et des structures diff\u00e9rentes ?<\/p>\n\n\n\n<p>La voie \u00e0 suivre n&#039;est pas de copier les dispositifs \u00e0 la lettre, mais d&#039;en adapter les principes\u00a0: politique \u00e0 long terme, bonne gestion, qualit\u00e9, mixit\u00e9 sociale.<\/p>\n\n\n\n<p>En savoir plus:\u00a0<a href=\"http:\/\/espaconews.com\/fr\/como-solicitar-ayudas-paso-a-paso\/\">Comment demander une aide \u00e9tape par \u00e9tape<\/a><\/p>\n\n\n\n<h2 class=\"wp-block-heading\">Questions fr\u00e9quemment pos\u00e9es<\/h2>\n\n\n\n<p><strong>Q1. Qu\u2019est-ce qui d\u00e9finit exactement le \u00ab logement social \u00bb ?<\/strong><br>Les logements sociaux, ou logements locatifs sociaux, sont des logements propos\u00e9s \u00e0 des prix r\u00e9glement\u00e9s ou inf\u00e9rieurs aux prix du march\u00e9 et destin\u00e9s aux personnes \u00e0 revenus moyens ou faibles.<\/p>\n\n\n\n<p>Les crit\u00e8res d&#039;acc\u00e8s sont d\u00e9finis diff\u00e9remment selon les pays.<\/p>\n\n\n\n<p><strong>Q2. Un programme de logements sociaux peut-il \u00e9galement servir la classe moyenne\u00a0?<\/strong><br>Oui. Des mod\u00e8les comme celui du Danemark permettent non seulement aux plus d\u00e9munis d&#039;acc\u00e9der au logement social, mais aussi aux citoyens de la classe moyenne, favorisant ainsi l&#039;int\u00e9gration et pr\u00e9venant la s\u00e9gr\u00e9gation.<\/p>\n\n\n\n<p><strong>P3. Quel pourcentage du parc de logements total devrait \u00eatre consacr\u00e9 au logement social pour que le programme soit \u00ab bon \u00bb ?<\/strong><br>Il n&#039;existe pas de seuil magique, mais l&#039;OCDE indique que les pays o\u00f9 le logement social joue un r\u00f4le important ont tendance \u00e0 d\u00e9passer 15 % du parc total de logements.<\/p>\n\n\n\n<p><strong>Q4. \u00c0 quels d\u00e9fis ces programmes sont-ils confront\u00e9s dans la pratique\u00a0?<\/strong><br>Parmi les difficult\u00e9s les plus courantes, on peut citer : un financement insuffisant, de longues listes d&#039;attente, un emplacement d\u00e9favorable (sans services ni transports), un mauvais entretien et la pression des march\u00e9s immobiliers qui font grimper les prix des terrains.<\/p>\n\n\n\n<p><strong>P5. Comment mesure-t-on le succ\u00e8s d&#039;un programme de logement social ?<\/strong><br>Sur la base d&#039;indicateurs tels que : le pourcentage du parc de logements consacr\u00e9 au logement social, la part du revenu des m\u00e9nages consacr\u00e9e au logement, la qualit\u00e9 du logement, l&#039;int\u00e9gration urbaine et la stabilit\u00e9 de l&#039;occupation \u00e0 long terme.<\/p>","protected":false},"excerpt":{"rendered":"<p>Les pays dot\u00e9s des meilleurs programmes de logement social constituent un \u00e9l\u00e9ment cl\u00e9 de cette analyse. Dans un monde o\u00f9 l&#039;acc\u00e8s \u00e0 un logement d\u00e9cent devient de plus en plus difficile, il est essentiel de savoir quels pays ont r\u00e9alis\u00e9 des progr\u00e8s significatifs. Dans cet article, vous d\u00e9couvrirez, en r\u00e9sum\u00e9\u00a0: les pays leaders en mati\u00e8re de politiques de logement social, [\u2026]<\/p>","protected":false},"author":219,"featured_media":2833,"comment_status":"closed","ping_status":"open","sticky":false,"template":"","format":"standard","meta":{"footnotes":""},"categories":[3],"tags":[],"yoast_head":"<!-- This site is optimized with the Yoast SEO plugin v23.3 - https:\/\/yoast.com\/wordpress\/plugins\/seo\/ -->\n<title>Pa\u00edses con mejores programas de vivienda social - Espa\u00e7o News<\/title>\n<meta name=\"description\" content=\"Pa\u00edses con mejores programas de vivienda social es una expresi\u00f3n clave que gu\u00eda este an\u00e1lisis.En un mundo donde el acceso a una vivienda...\" \/>\n<meta name=\"robots\" content=\"index, follow, max-snippet:-1, max-image-preview:large, max-video-preview:-1\" \/>\n<link rel=\"canonical\" href=\"http:\/\/espaconews.com\/fr\/paises-con-mejores-programas-de-vivienda-social\/\" \/>\n<meta property=\"og:locale\" content=\"fr_FR\" \/>\n<meta property=\"og:type\" content=\"article\" \/>\n<meta property=\"og:title\" content=\"Pa\u00edses con mejores programas de vivienda social - Espa\u00e7o News\" \/>\n<meta property=\"og:description\" content=\"Pa\u00edses con mejores programas de vivienda social es una expresi\u00f3n clave que gu\u00eda este an\u00e1lisis.En un mundo donde el acceso a una vivienda...\" \/>\n<meta property=\"og:url\" content=\"http:\/\/espaconews.com\/fr\/paises-con-mejores-programas-de-vivienda-social\/\" \/>\n<meta property=\"og:site_name\" content=\"Espa\u00e7o News\" \/>\n<meta property=\"article:published_time\" content=\"2025-10-23T14:32:57+00:00\" \/>\n<meta property=\"article:modified_time\" content=\"2025-10-23T14:33:00+00:00\" \/>\n<meta property=\"og:image\" content=\"http:\/\/espaconews.com\/wp-content\/uploads\/sites\/142\/2025\/10\/DESTAQUE-ESPACO-39.jpg\" \/>\n\t<meta property=\"og:image:width\" content=\"550\" \/>\n\t<meta property=\"og:image:height\" content=\"350\" \/>\n\t<meta property=\"og:image:type\" content=\"image\/jpeg\" \/>\n<meta name=\"author\" content=\"Matheus Sangaletti\" \/>\n<meta name=\"twitter:card\" content=\"summary_large_image\" \/>\n<meta name=\"twitter:label1\" content=\"Written by\" \/>\n\t<meta name=\"twitter:data1\" content=\"Matheus Sangaletti\" \/>\n\t<meta name=\"twitter:label2\" content=\"Est. reading time\" \/>\n\t<meta name=\"twitter:data2\" content=\"9 minutes\" \/>\n<script type=\"application\/ld+json\" class=\"yoast-schema-graph\">{\"@context\":\"https:\/\/schema.org\",\"@graph\":[{\"@type\":\"WebPage\",\"@id\":\"http:\/\/espaconews.com\/de\/paises-con-mejores-programas-de-vivienda-social\/\",\"url\":\"http:\/\/espaconews.com\/de\/paises-con-mejores-programas-de-vivienda-social\/\",\"name\":\"Pa\u00edses con mejores programas de vivienda social - Espa\u00e7o News\",\"isPartOf\":{\"@id\":\"https:\/\/espaconews.com\/#website\"},\"primaryImageOfPage\":{\"@id\":\"http:\/\/espaconews.com\/de\/paises-con-mejores-programas-de-vivienda-social\/#primaryimage\"},\"image\":{\"@id\":\"http:\/\/espaconews.com\/de\/paises-con-mejores-programas-de-vivienda-social\/#primaryimage\"},\"thumbnailUrl\":\"http:\/\/espaconews.com\/wp-content\/uploads\/sites\/142\/2025\/10\/DESTAQUE-ESPACO-39.jpg\",\"datePublished\":\"2025-10-23T14:32:57+00:00\",\"dateModified\":\"2025-10-23T14:33:00+00:00\",\"author\":{\"@id\":\"https:\/\/espaconews.com\/#\/schema\/person\/92fcd07e9b1f4323bf74f3170fc0f78a\"},\"description\":\"Pa\u00edses con mejores programas de vivienda social es una expresi\u00f3n clave que gu\u00eda este an\u00e1lisis.En un mundo donde el acceso a una vivienda...\",\"breadcrumb\":{\"@id\":\"http:\/\/espaconews.com\/de\/paises-con-mejores-programas-de-vivienda-social\/#breadcrumb\"},\"inLanguage\":\"fr-FR\",\"potentialAction\":[{\"@type\":\"ReadAction\",\"target\":[\"http:\/\/espaconews.com\/de\/paises-con-mejores-programas-de-vivienda-social\/\"]}]},{\"@type\":\"ImageObject\",\"inLanguage\":\"fr-FR\",\"@id\":\"http:\/\/espaconews.com\/de\/paises-con-mejores-programas-de-vivienda-social\/#primaryimage\",\"url\":\"http:\/\/espaconews.com\/wp-content\/uploads\/sites\/142\/2025\/10\/DESTAQUE-ESPACO-39.jpg\",\"contentUrl\":\"http:\/\/espaconews.com\/wp-content\/uploads\/sites\/142\/2025\/10\/DESTAQUE-ESPACO-39.jpg\",\"width\":550,\"height\":350},{\"@type\":\"BreadcrumbList\",\"@id\":\"http:\/\/espaconews.com\/de\/paises-con-mejores-programas-de-vivienda-social\/#breadcrumb\",\"itemListElement\":[{\"@type\":\"ListItem\",\"position\":1,\"name\":\"Home\",\"item\":\"https:\/\/espaconews.com\/\"},{\"@type\":\"ListItem\",\"position\":2,\"name\":\"Pa\u00edses con mejores programas de vivienda social\"}]},{\"@type\":\"WebSite\",\"@id\":\"https:\/\/espaconews.com\/#website\",\"url\":\"https:\/\/espaconews.com\/\",\"name\":\"Espa\u00e7o News\",\"description\":\"\",\"potentialAction\":[{\"@type\":\"SearchAction\",\"target\":{\"@type\":\"EntryPoint\",\"urlTemplate\":\"https:\/\/espaconews.com\/?s={search_term_string}\"},\"query-input\":\"required name=search_term_string\"}],\"inLanguage\":\"fr-FR\"},{\"@type\":\"Person\",\"@id\":\"https:\/\/espaconews.com\/#\/schema\/person\/92fcd07e9b1f4323bf74f3170fc0f78a\",\"name\":\"Matheus Sangaletti\",\"image\":{\"@type\":\"ImageObject\",\"inLanguage\":\"fr-FR\",\"@id\":\"https:\/\/espaconews.com\/#\/schema\/person\/image\/\",\"url\":\"http:\/\/2.gravatar.com\/avatar\/280ea957a14a48e6a1ad2133d2cc27c9?s=96&d=mm&r=g\",\"contentUrl\":\"http:\/\/2.gravatar.com\/avatar\/280ea957a14a48e6a1ad2133d2cc27c9?s=96&d=mm&r=g\",\"caption\":\"Matheus Sangaletti\"},\"url\":\"http:\/\/espaconews.com\/fr\/author\/matheuss\/\"}]}<\/script>\n<!-- \/ Yoast SEO plugin. -->","yoast_head_json":{"title":"Pa\u00edses con mejores programas de vivienda social - Espa\u00e7o News","description":"Pa\u00edses con mejores programas de vivienda social es una expresi\u00f3n clave que gu\u00eda este an\u00e1lisis.En un mundo donde el acceso a una vivienda...","robots":{"index":"index","follow":"follow","max-snippet":"max-snippet:-1","max-image-preview":"max-image-preview:large","max-video-preview":"max-video-preview:-1"},"canonical":"http:\/\/espaconews.com\/fr\/paises-con-mejores-programas-de-vivienda-social\/","og_locale":"fr_FR","og_type":"article","og_title":"Pa\u00edses con mejores programas de vivienda social - Espa\u00e7o News","og_description":"Pa\u00edses con mejores programas de vivienda social es una expresi\u00f3n clave que gu\u00eda este an\u00e1lisis.En un mundo donde el acceso a una vivienda...","og_url":"http:\/\/espaconews.com\/fr\/paises-con-mejores-programas-de-vivienda-social\/","og_site_name":"Espa\u00e7o News","article_published_time":"2025-10-23T14:32:57+00:00","article_modified_time":"2025-10-23T14:33:00+00:00","og_image":[{"width":550,"height":350,"url":"http:\/\/espaconews.com\/wp-content\/uploads\/sites\/142\/2025\/10\/DESTAQUE-ESPACO-39.jpg","type":"image\/jpeg"}],"author":"Matheus Sangaletti","twitter_card":"summary_large_image","twitter_misc":{"Written by":"Matheus Sangaletti","Est. reading time":"9 minutes"},"schema":{"@context":"https:\/\/schema.org","@graph":[{"@type":"WebPage","@id":"http:\/\/espaconews.com\/de\/paises-con-mejores-programas-de-vivienda-social\/","url":"http:\/\/espaconews.com\/de\/paises-con-mejores-programas-de-vivienda-social\/","name":"Pa\u00edses con mejores programas de vivienda social - Espa\u00e7o News","isPartOf":{"@id":"https:\/\/espaconews.com\/#website"},"primaryImageOfPage":{"@id":"http:\/\/espaconews.com\/de\/paises-con-mejores-programas-de-vivienda-social\/#primaryimage"},"image":{"@id":"http:\/\/espaconews.com\/de\/paises-con-mejores-programas-de-vivienda-social\/#primaryimage"},"thumbnailUrl":"http:\/\/espaconews.com\/wp-content\/uploads\/sites\/142\/2025\/10\/DESTAQUE-ESPACO-39.jpg","datePublished":"2025-10-23T14:32:57+00:00","dateModified":"2025-10-23T14:33:00+00:00","author":{"@id":"https:\/\/espaconews.com\/#\/schema\/person\/92fcd07e9b1f4323bf74f3170fc0f78a"},"description":"Pa\u00edses con mejores programas de vivienda social es una expresi\u00f3n clave que gu\u00eda este an\u00e1lisis.En un mundo donde el acceso a una vivienda...","breadcrumb":{"@id":"http:\/\/espaconews.com\/de\/paises-con-mejores-programas-de-vivienda-social\/#breadcrumb"},"inLanguage":"fr-FR","potentialAction":[{"@type":"ReadAction","target":["http:\/\/espaconews.com\/de\/paises-con-mejores-programas-de-vivienda-social\/"]}]},{"@type":"ImageObject","inLanguage":"fr-FR","@id":"http:\/\/espaconews.com\/de\/paises-con-mejores-programas-de-vivienda-social\/#primaryimage","url":"http:\/\/espaconews.com\/wp-content\/uploads\/sites\/142\/2025\/10\/DESTAQUE-ESPACO-39.jpg","contentUrl":"http:\/\/espaconews.com\/wp-content\/uploads\/sites\/142\/2025\/10\/DESTAQUE-ESPACO-39.jpg","width":550,"height":350},{"@type":"BreadcrumbList","@id":"http:\/\/espaconews.com\/de\/paises-con-mejores-programas-de-vivienda-social\/#breadcrumb","itemListElement":[{"@type":"ListItem","position":1,"name":"Home","item":"https:\/\/espaconews.com\/"},{"@type":"ListItem","position":2,"name":"Pa\u00edses con mejores programas de vivienda social"}]},{"@type":"WebSite","@id":"https:\/\/espaconews.com\/#website","url":"https:\/\/espaconews.com\/","name":"Espa\u00e7o News","description":"","potentialAction":[{"@type":"SearchAction","target":{"@type":"EntryPoint","urlTemplate":"https:\/\/espaconews.com\/?s={search_term_string}"},"query-input":"required name=search_term_string"}],"inLanguage":"fr-FR"},{"@type":"Person","@id":"https:\/\/espaconews.com\/#\/schema\/person\/92fcd07e9b1f4323bf74f3170fc0f78a","name":"Matheus Sangaletti","image":{"@type":"ImageObject","inLanguage":"fr-FR","@id":"https:\/\/espaconews.com\/#\/schema\/person\/image\/","url":"http:\/\/2.gravatar.com\/avatar\/280ea957a14a48e6a1ad2133d2cc27c9?s=96&d=mm&r=g","contentUrl":"http:\/\/2.gravatar.com\/avatar\/280ea957a14a48e6a1ad2133d2cc27c9?s=96&d=mm&r=g","caption":"Matheus Sangaletti"},"url":"http:\/\/espaconews.com\/fr\/author\/matheuss\/"}]}},"_links":{"self":[{"href":"http:\/\/espaconews.com\/fr\/wp-json\/wp\/v2\/posts\/2832"}],"collection":[{"href":"http:\/\/espaconews.com\/fr\/wp-json\/wp\/v2\/posts"}],"about":[{"href":"http:\/\/espaconews.com\/fr\/wp-json\/wp\/v2\/types\/post"}],"author":[{"embeddable":true,"href":"http:\/\/espaconews.com\/fr\/wp-json\/wp\/v2\/users\/219"}],"replies":[{"embeddable":true,"href":"http:\/\/espaconews.com\/fr\/wp-json\/wp\/v2\/comments?post=2832"}],"version-history":[{"count":1,"href":"http:\/\/espaconews.com\/fr\/wp-json\/wp\/v2\/posts\/2832\/revisions"}],"predecessor-version":[{"id":2836,"href":"http:\/\/espaconews.com\/fr\/wp-json\/wp\/v2\/posts\/2832\/revisions\/2836"}],"wp:featuredmedia":[{"embeddable":true,"href":"http:\/\/espaconews.com\/fr\/wp-json\/wp\/v2\/media\/2833"}],"wp:attachment":[{"href":"http:\/\/espaconews.com\/fr\/wp-json\/wp\/v2\/media?parent=2832"}],"wp:term":[{"taxonomy":"category","embeddable":true,"href":"http:\/\/espaconews.com\/fr\/wp-json\/wp\/v2\/categories?post=2832"},{"taxonomy":"post_tag","embeddable":true,"href":"http:\/\/espaconews.com\/fr\/wp-json\/wp\/v2\/tags?post=2832"}],"curies":[{"name":"wp","href":"https:\/\/api.w.org\/{rel}","templated":true}]}}