{"id":2764,"date":"2025-10-17T14:58:26","date_gmt":"2025-10-17T17:58:26","guid":{"rendered":"https:\/\/espaconews.com\/?p=2764"},"modified":"2025-10-17T14:58:28","modified_gmt":"2025-10-17T17:58:28","slug":"tendencias-del-mercado-laboral-global","status":"publish","type":"post","link":"http:\/\/espaconews.com\/fr\/tendencias-del-mercado-laboral-global\/","title":{"rendered":"Tendances du march\u00e9 du travail mondial"},"content":{"rendered":"<p class=\"has-text-align-center\"><strong>Las tendencias del mercado laboral global<\/strong> muestran un panorama complejo, donde convergen tecnolog\u00eda, econom\u00eda, demograf\u00eda y pol\u00edticas sociales.<\/p>\n\n\n\n<figure class=\"wp-block-gallery aligncenter has-nested-images columns-default is-cropped wp-block-gallery-1 is-layout-flex wp-block-gallery-is-layout-flex\">\n<figure class=\"wp-block-image size-full\"><img loading=\"lazy\" decoding=\"async\" width=\"550\" height=\"350\" data-id=\"2766\" src=\"https:\/\/espaconews.com\/wp-content\/uploads\/sites\/142\/2025\/10\/DESTAQUE-ESPACO-33-1.jpg\" alt=\"\" class=\"wp-image-2766\" srcset=\"http:\/\/espaconews.com\/wp-content\/uploads\/sites\/142\/2025\/10\/DESTAQUE-ESPACO-33-1.jpg 550w, http:\/\/espaconews.com\/wp-content\/uploads\/sites\/142\/2025\/10\/DESTAQUE-ESPACO-33-1-300x191.jpg 300w, http:\/\/espaconews.com\/wp-content\/uploads\/sites\/142\/2025\/10\/DESTAQUE-ESPACO-33-1-18x12.jpg 18w\" sizes=\"(max-width: 550px) 100vw, 550px\" \/><figcaption class=\"wp-element-caption\">CANVA<\/figcaption><\/figure>\n<\/figure>\n\n\n\n<p class=\"has-text-align-center\">La din\u00e1mica laboral actual est\u00e1 marcada por una interacci\u00f3n constante entre innovaci\u00f3n, desigualdad y adaptaci\u00f3n de la fuerza laboral.<\/p>\n\n\n\n<p>Comprender estas tendencias no solo es vital para empresas y gobiernos, sino tambi\u00e9n para profesionales que buscan mantenerse competitivos en un entorno en constante cambio.<\/p>\n\n\n\n<p>Este art\u00edculo analiza los factores que definen el empleo global hoy, ofrece ejemplos pr\u00e1cticos y propone estrategias para navegar con \u00e9xito en este escenario.<\/p>\n\n\n\n<h2 class=\"wp-block-heading\">\ud83d\udcca Panorama actual del empleo mundial<\/h2>\n\n\n\n<p>En 2024, seg\u00fan el informe de la OIT \u201cPerspectivas Sociales y del Empleo en el Mundo:<\/p>\n\n\n\n<p>Tendencias 2025\u201d, el empleo mundial creci\u00f3 en paralelo a la poblaci\u00f3n activa, manteniendo la tasa de desempleo global en un 5%, similar a los niveles de a\u00f1os anteriores.<\/p>\n\n\n\n<p>Si bien esto representa estabilidad, no se traduce en una mejora significativa de la calidad de los empleos ni en una reducci\u00f3n de la pobreza laboral, especialmente en regiones de bajos ingresos.<\/p>\n\n\n\n<p>El crecimiento econ\u00f3mico global, aunque positivo, es insuficiente para absorber la totalidad de la fuerza laboral emergente.<\/p>\n\n\n\n<p>Por ejemplo, en Asia Meridional, millones de j\u00f3venes ingresan cada a\u00f1o al mercado laboral, pero los empleos disponibles no siempre corresponden a sus habilidades.<\/p>\n\n\n\n<p>Este desajuste genera un aumento en la informalidad y subempleo, fen\u00f3menos que afectan tanto la productividad como la seguridad econ\u00f3mica de millones de personas.<\/p>\n\n\n\n<h2 class=\"wp-block-heading\">\u2696\ufe0f Desigualdad persistente<\/h2>\n\n\n\n<p>A pesar de los avances educativos y la mayor participaci\u00f3n laboral femenina, la desigualdad salarial y de oportunidades sigue siendo un desaf\u00edo cr\u00edtico.<\/p>\n\n\n\n<p>Seg\u00fan datos recientes de la OCDE, las mujeres contin\u00faan ganando en promedio un 20% menos que los hombres en trabajos de igual valor.<\/p>\n\n\n\n<p>Adem\u00e1s, sectores informales como la econom\u00eda dom\u00e9stica o el comercio minorista informal ofrecen empleos precarios sin beneficios sociales ni estabilidad.<\/p>\n\n\n\n<p>Por ejemplo, en M\u00e9xico, m\u00e1s del 50% de los trabajadores ocupan empleos informales, lo que limita su acceso a seguridad social y pensiones.<\/p>\n\n\n\n<p>Esta desigualdad no solo tiene implicaciones econ\u00f3micas, sino tambi\u00e9n sociales, ya que la falta de inclusi\u00f3n laboral puede generar tensiones y limitar la movilidad social.<\/p>\n\n\n\n<h2 class=\"wp-block-heading\">\ud83e\udd16 Impacto de la tecnolog\u00eda en el empleo<\/h2>\n\n\n\n<p>La automatizaci\u00f3n y la inteligencia artificial est\u00e1n transformando profundamente los mercados laborales. <\/p>\n\n\n\n<p>Sectores tradicionales como manufactura y log\u00edstica ven c\u00f3mo ciertas tareas son reemplazadas por robots y software inteligente.<\/p>\n\n\n\n<p>Sin embargo, este cambio tambi\u00e9n genera nuevas oportunidades: la programaci\u00f3n, la ciberseguridad, la anal\u00edtica de datos y la gesti\u00f3n de proyectos tecnol\u00f3gicos son \u00e1reas en expansi\u00f3n.<\/p>\n\n\n\n<p>Por ejemplo, empresas como Amazon y Siemens est\u00e1n invirtiendo en la reconversi\u00f3n de sus empleados, ofreciendo capacitaci\u00f3n en habilidades digitales para enfrentar la automatizaci\u00f3n.<\/p>\n\n\n\n<p>La clave para los trabajadores ser\u00e1 la adaptabilidad y la formaci\u00f3n continua, lo que permitir\u00e1 no solo mantener sus empleos sino acceder a mejores oportunidades. <\/p>\n\n\n\n<p>La educaci\u00f3n t\u00e9cnica y la alfabetizaci\u00f3n digital se han convertido en factores esenciales para la competitividad laboral.<\/p>\n\n\n\n<h2 class=\"wp-block-heading\">\ud83c\udf31 Transici\u00f3n hacia econom\u00edas sostenibles<\/h2>\n\n\n\n<p>El cambio clim\u00e1tico y la transici\u00f3n hacia econom\u00edas verdes han impulsado la creaci\u00f3n de empleos en sectores sostenibles.<\/p>\n\n\n\n<p>Energ\u00edas renovables, agricultura ecol\u00f3gica, gesti\u00f3n de residuos y construcci\u00f3n sostenible representan oportunidades emergentes que buscan equilibrar crecimiento econ\u00f3mico y cuidado ambiental.<\/p>\n\n\n\n<p>Por ejemplo, Espa\u00f1a ha incrementado en un 30% los empleos verdes en los \u00faltimos tres a\u00f1os, incluyendo roles en instalaci\u00f3n de paneles solares, mantenimiento de turbinas e\u00f3licas y gesti\u00f3n de proyectos sostenibles.<\/p>\n\n\n\n<p>Esta tendencia no solo ofrece alternativas de empleo, sino que contribuye a construir sociedades m\u00e1s resilientes y conscientes del impacto ambiental.<\/p>\n\n\n\n<p>Pol\u00edticas p\u00fablicas que incentiven la inversi\u00f3n en energ\u00edas limpias, capacitaci\u00f3n en habilidades verdes y certificaci\u00f3n profesional son fundamentales para consolidar esta transici\u00f3n.<\/p>\n\n\n\n<h2 class=\"wp-block-heading\">\ud83c\udf93 Desajustes entre educaci\u00f3n y mercado laboral<\/h2>\n\n\n\n<p>Aunque el nivel educativo global ha aumentado, persisten desajustes significativos entre las competencias adquiridas y las demandas del mercado laboral.<\/p>\n\n\n\n<p>Muchas universidades y sistemas educativos no logran actualizar sus programas para incluir habilidades digitales, pensamiento cr\u00edtico y gesti\u00f3n de proyectos, esenciales en la econom\u00eda actual.<\/p>\n\n\n\n<p>Por ejemplo, un ingeniero reci\u00e9n graduado en Colombia puede dominar teor\u00eda de ingenier\u00eda, pero carecer de conocimientos en software de dise\u00f1o o anal\u00edtica de datos demandados por empresas tecnol\u00f3gicas.<\/p>\n\n\n\n<p>Esta brecha resalta la necesidad de educaci\u00f3n continua, formaci\u00f3n t\u00e9cnica complementaria y alianzas entre empresas y universidades para alinear habilidades con oportunidades laborales.<\/p>\n\n\n\n<h2 class=\"wp-block-heading\">\ud83c\udf0d Desaf\u00edos espec\u00edficos en Am\u00e9rica Latina<\/h2>\n\n\n\n<p>Am\u00e9rica Latina enfrenta desaf\u00edos particulares en el mercado laboral.<\/p>\n\n\n\n<p>La informalidad laboral afecta a m\u00e1s del 50% de los trabajadores en varios pa\u00edses de la regi\u00f3n, limitando la seguridad econ\u00f3mica y el acceso a beneficios.<\/p>\n\n\n\n<p>El desempleo juvenil es elevado, con tasas que superan el 15% en algunas naciones, y la brecha de g\u00e9nero sigue siendo un obst\u00e1culo persistente.<\/p>\n\n\n\n<p>Factores externos, como la geopol\u00edtica global, el cambio clim\u00e1tico y la volatilidad econ\u00f3mica, tambi\u00e9n influyen en la estabilidad laboral.<\/p>\n\n\n\n<p>Por ejemplo, sequ\u00edas prolongadas en pa\u00edses agr\u00edcolas pueden afectar la producci\u00f3n y generar p\u00e9rdida de empleos temporales, mientras que tensiones comerciales impactan la industria manufacturera.<\/p>\n\n\n\n<h2 class=\"wp-block-heading\">\ud83d\udcc8 Estad\u00edstica relevante<\/h2>\n\n\n\n<p>Seg\u00fan la OIT, se prev\u00e9 que la recuperaci\u00f3n del mercado laboral pierda fuerza en los pr\u00f3ximos a\u00f1os, con una reducci\u00f3n de hasta 7 millones de puestos de trabajo a nivel mundial. <\/p>\n\n\n\n<p>Esta cifra evidencia la necesidad de pol\u00edticas laborales que promuevan la inclusi\u00f3n, la capacitaci\u00f3n y la seguridad social, as\u00ed como la diversificaci\u00f3n econ\u00f3mica en sectores estrat\u00e9gicos.<\/p>\n\n\n\n<h2 class=\"wp-block-heading\">\ud83e\udde0 Analog\u00eda para entender el mercado laboral<\/h2>\n\n\n\n<p>Podemos imaginar el mercado laboral como un r\u00edo que fluye constantemente.<\/p>\n\n\n\n<p>Los afluentes que lo modifican representan tendencias tecnol\u00f3gicas, cambios clim\u00e1ticos y pol\u00edticas econ\u00f3micas. <\/p>\n\n\n\n<p>Navegar exitosamente requiere construir embarcaciones s\u00f3lidas (habilidades t\u00e9cnicas y blandas) y elegir rutas estrat\u00e9gicas (sectores emergentes y sostenibles).<\/p>\n\n\n\n<p>Aquellos que ignoren estas corrientes pueden quedarse rezagados, mientras que quienes se adapten encontrar\u00e1n oportunidades de crecimiento y estabilidad.<\/p>\n\n\n\n<h2 class=\"wp-block-heading\">\u2705 Estrategias para adaptarse a las tendencias del mercado laboral global<\/h2>\n\n\n\n<ol>\n<li><strong>Capacitaci\u00f3n continua:<\/strong> Aprender nuevas competencias digitales y t\u00e9cnicas seg\u00fan la demanda del mercado.<\/li>\n\n\n\n<li><strong>Flexibilidad profesional:<\/strong> Estar dispuesto a cambiar de sector o rol seg\u00fan las oportunidades.<\/li>\n\n\n\n<li><strong>Redes profesionales:<\/strong> Construir relaciones y participar en comunidades laborales activas.<\/li>\n\n\n\n<li><strong>Educaci\u00f3n verde y sostenible:<\/strong> Incorporar conocimientos relacionados con energ\u00edas limpias y pr\u00e1cticas sostenibles.<\/li>\n\n\n\n<li><strong>Inclusi\u00f3n y diversidad:<\/strong> Promover la igualdad de g\u00e9nero y la participaci\u00f3n de grupos hist\u00f3ricamente marginados.<\/li>\n<\/ol>\n\n\n\n<figure class=\"wp-block-gallery aligncenter has-nested-images columns-default is-cropped wp-block-gallery-2 is-layout-flex wp-block-gallery-is-layout-flex\">\n<figure class=\"wp-block-image size-full\"><img loading=\"lazy\" decoding=\"async\" width=\"550\" height=\"350\" data-id=\"2767\" src=\"https:\/\/espaconews.com\/wp-content\/uploads\/sites\/142\/2025\/10\/DESTAQUE-ESPACO-34.jpg\" alt=\"\" class=\"wp-image-2767\" srcset=\"http:\/\/espaconews.com\/wp-content\/uploads\/sites\/142\/2025\/10\/DESTAQUE-ESPACO-34.jpg 550w, http:\/\/espaconews.com\/wp-content\/uploads\/sites\/142\/2025\/10\/DESTAQUE-ESPACO-34-300x191.jpg 300w, http:\/\/espaconews.com\/wp-content\/uploads\/sites\/142\/2025\/10\/DESTAQUE-ESPACO-34-18x12.jpg 18w\" sizes=\"(max-width: 550px) 100vw, 550px\" \/><figcaption class=\"wp-element-caption\">CANVA<\/figcaption><\/figure>\n<\/figure>\n\n\n\n<p>En savoir plus:\u00a0<a href=\"http:\/\/espaconews.com\/fr\/profesiones-mas-demandadas-en-2025\/\">Les professions les plus demand\u00e9es en 2025<\/a><\/p>\n\n\n\n<h2 class=\"wp-block-heading\">\u2753 Questions fr\u00e9quemment pos\u00e9es<\/h2>\n\n\n\n<p><strong>1. \u00bfC\u00f3mo prepararse para las nuevas tendencias laborales?<\/strong><br>Invertir en educaci\u00f3n continua, desarrollar habilidades digitales y mantener la adaptabilidad son esenciales. <\/p>\n\n\n\n<p>Participar en cursos online y certificaciones especializadas puede marcar la diferencia.<\/p>\n\n\n\n<p><strong>2. \u00bfQu\u00e9 sectores presentan mayor crecimiento?<\/strong><br>Tecnolog\u00eda, energ\u00edas renovables, sostenibilidad, ciberseguridad y anal\u00edtica de datos muestran un crecimiento sostenido y oportunidades a largo plazo.<\/p>\n\n\n\n<p><strong>3. \u00bfQu\u00e9 pol\u00edticas fomentan un mercado laboral m\u00e1s inclusivo?<\/strong><br>Promover igualdad de g\u00e9nero, capacitaci\u00f3n profesional, protecci\u00f3n social, formalizaci\u00f3n laboral y est\u00edmulos a empresas que generen empleo digno.<\/p>\n\n\n\n<p>En savoir plus:\u00a0<a href=\"http:\/\/espaconews.com\/fr\/preguntas-mas-frecuentes-en-entrevistas\/\">Questions les plus fr\u00e9quemment pos\u00e9es lors des entretiens<\/a><\/p>\n\n\n\n<h2 class=\"wp-block-heading\">\ud83d\udca1 Conclusi\u00f3n<\/h2>\n\n\n\n<p>Le <strong>tendencias del mercado laboral global<\/strong> en 2025 reflejan un panorama din\u00e1mico y multifac\u00e9tico.<\/p>\n\n\n\n<p>Los desaf\u00edos, desde la automatizaci\u00f3n hasta la desigualdad y los desajustes educativos, exigen respuestas proactivas de gobiernos, empresas y trabajadores.<\/p>\n\n\n\n<p>Quienes inviertan en habilidades, educaci\u00f3n y sostenibilidad estar\u00e1n mejor posicionados para prosperar.<\/p>\n\n\n\n<p>La adaptabilidad y la visi\u00f3n estrat\u00e9gica ser\u00e1n las claves para navegar con \u00e9xito en un mercado laboral que evoluciona sin pausa.<\/p>","protected":false},"excerpt":{"rendered":"<p>Les tendances du march\u00e9 du travail mondial r\u00e9v\u00e8lent un paysage complexe, o\u00f9 convergent technologie, \u00e9conomie, d\u00e9mographie et politiques sociales. La dynamique du march\u00e9 du travail actuelle est marqu\u00e9e par une interaction constante entre innovation, in\u00e9galit\u00e9s et adaptation de la main-d&#039;\u0153uvre. Comprendre ces tendances est essentiel non seulement pour les entreprises et les gouvernements, mais aussi pour les professionnels qui cherchent \u00e0 garder une longueur d&#039;avance [\u2026]<\/p>","protected":false},"author":219,"featured_media":2765,"comment_status":"closed","ping_status":"open","sticky":false,"template":"","format":"standard","meta":{"footnotes":""},"categories":[4],"tags":[],"yoast_head":"<!-- This site is optimized with the Yoast SEO plugin v23.3 - https:\/\/yoast.com\/wordpress\/plugins\/seo\/ -->\n<title>Tendencias del mercado laboral global - Espa\u00e7o News<\/title>\n<meta name=\"description\" content=\"Las tendencias del mercado laboral global muestran un panorama complejo, donde convergen tecnolog\u00eda, econom\u00eda, demograf\u00eda y pol\u00edticas...\" \/>\n<meta name=\"robots\" content=\"index, follow, max-snippet:-1, max-image-preview:large, max-video-preview:-1\" \/>\n<link rel=\"canonical\" href=\"http:\/\/espaconews.com\/fr\/tendencias-del-mercado-laboral-global\/\" \/>\n<meta property=\"og:locale\" content=\"fr_FR\" \/>\n<meta property=\"og:type\" content=\"article\" \/>\n<meta property=\"og:title\" content=\"Tendencias del mercado laboral global - Espa\u00e7o News\" \/>\n<meta property=\"og:description\" content=\"Las tendencias del mercado laboral global muestran un panorama complejo, donde convergen tecnolog\u00eda, econom\u00eda, demograf\u00eda y pol\u00edticas...\" \/>\n<meta property=\"og:url\" content=\"http:\/\/espaconews.com\/fr\/tendencias-del-mercado-laboral-global\/\" \/>\n<meta property=\"og:site_name\" content=\"Espa\u00e7o News\" \/>\n<meta property=\"article:published_time\" content=\"2025-10-17T17:58:26+00:00\" \/>\n<meta property=\"article:modified_time\" content=\"2025-10-17T17:58:28+00:00\" \/>\n<meta property=\"og:image\" content=\"http:\/\/espaconews.com\/wp-content\/uploads\/sites\/142\/2025\/10\/DESTAQUE-ESPACO-33.jpg\" \/>\n\t<meta property=\"og:image:width\" content=\"550\" \/>\n\t<meta property=\"og:image:height\" content=\"350\" \/>\n\t<meta property=\"og:image:type\" content=\"image\/jpeg\" \/>\n<meta name=\"author\" content=\"Matheus Sangaletti\" \/>\n<meta name=\"twitter:card\" content=\"summary_large_image\" \/>\n<meta name=\"twitter:label1\" content=\"Written by\" \/>\n\t<meta name=\"twitter:data1\" content=\"Matheus Sangaletti\" \/>\n\t<meta name=\"twitter:label2\" content=\"Est. reading time\" \/>\n\t<meta name=\"twitter:data2\" content=\"8 minutes\" \/>\n<script type=\"application\/ld+json\" class=\"yoast-schema-graph\">{\"@context\":\"https:\/\/schema.org\",\"@graph\":[{\"@type\":\"WebPage\",\"@id\":\"http:\/\/espaconews.com\/fr\/tendencias-del-mercado-laboral-global\/\",\"url\":\"http:\/\/espaconews.com\/fr\/tendencias-del-mercado-laboral-global\/\",\"name\":\"Tendencias del mercado laboral global - Espa\u00e7o News\",\"isPartOf\":{\"@id\":\"https:\/\/espaconews.com\/#website\"},\"primaryImageOfPage\":{\"@id\":\"http:\/\/espaconews.com\/fr\/tendencias-del-mercado-laboral-global\/#primaryimage\"},\"image\":{\"@id\":\"http:\/\/espaconews.com\/fr\/tendencias-del-mercado-laboral-global\/#primaryimage\"},\"thumbnailUrl\":\"http:\/\/espaconews.com\/wp-content\/uploads\/sites\/142\/2025\/10\/DESTAQUE-ESPACO-33.jpg\",\"datePublished\":\"2025-10-17T17:58:26+00:00\",\"dateModified\":\"2025-10-17T17:58:28+00:00\",\"author\":{\"@id\":\"https:\/\/espaconews.com\/#\/schema\/person\/92fcd07e9b1f4323bf74f3170fc0f78a\"},\"description\":\"Las tendencias del mercado laboral global muestran un panorama complejo, donde convergen tecnolog\u00eda, econom\u00eda, demograf\u00eda y pol\u00edticas...\",\"breadcrumb\":{\"@id\":\"http:\/\/espaconews.com\/fr\/tendencias-del-mercado-laboral-global\/#breadcrumb\"},\"inLanguage\":\"fr-FR\",\"potentialAction\":[{\"@type\":\"ReadAction\",\"target\":[\"http:\/\/espaconews.com\/fr\/tendencias-del-mercado-laboral-global\/\"]}]},{\"@type\":\"ImageObject\",\"inLanguage\":\"fr-FR\",\"@id\":\"http:\/\/espaconews.com\/fr\/tendencias-del-mercado-laboral-global\/#primaryimage\",\"url\":\"http:\/\/espaconews.com\/wp-content\/uploads\/sites\/142\/2025\/10\/DESTAQUE-ESPACO-33.jpg\",\"contentUrl\":\"http:\/\/espaconews.com\/wp-content\/uploads\/sites\/142\/2025\/10\/DESTAQUE-ESPACO-33.jpg\",\"width\":550,\"height\":350},{\"@type\":\"BreadcrumbList\",\"@id\":\"http:\/\/espaconews.com\/fr\/tendencias-del-mercado-laboral-global\/#breadcrumb\",\"itemListElement\":[{\"@type\":\"ListItem\",\"position\":1,\"name\":\"Home\",\"item\":\"https:\/\/espaconews.com\/\"},{\"@type\":\"ListItem\",\"position\":2,\"name\":\"Tendencias del mercado laboral global\"}]},{\"@type\":\"WebSite\",\"@id\":\"https:\/\/espaconews.com\/#website\",\"url\":\"https:\/\/espaconews.com\/\",\"name\":\"Espa\u00e7o News\",\"description\":\"\",\"potentialAction\":[{\"@type\":\"SearchAction\",\"target\":{\"@type\":\"EntryPoint\",\"urlTemplate\":\"https:\/\/espaconews.com\/?s={search_term_string}\"},\"query-input\":\"required name=search_term_string\"}],\"inLanguage\":\"fr-FR\"},{\"@type\":\"Person\",\"@id\":\"https:\/\/espaconews.com\/#\/schema\/person\/92fcd07e9b1f4323bf74f3170fc0f78a\",\"name\":\"Matheus Sangaletti\",\"image\":{\"@type\":\"ImageObject\",\"inLanguage\":\"fr-FR\",\"@id\":\"https:\/\/espaconews.com\/#\/schema\/person\/image\/\",\"url\":\"http:\/\/2.gravatar.com\/avatar\/280ea957a14a48e6a1ad2133d2cc27c9?s=96&d=mm&r=g\",\"contentUrl\":\"http:\/\/2.gravatar.com\/avatar\/280ea957a14a48e6a1ad2133d2cc27c9?s=96&d=mm&r=g\",\"caption\":\"Matheus Sangaletti\"},\"url\":\"http:\/\/espaconews.com\/fr\/author\/matheuss\/\"}]}<\/script>\n<!-- \/ Yoast SEO plugin. -->","yoast_head_json":{"title":"Tendencias del mercado laboral global - Espa\u00e7o News","description":"Las tendencias del mercado laboral global muestran un panorama complejo, donde convergen tecnolog\u00eda, econom\u00eda, demograf\u00eda y pol\u00edticas...","robots":{"index":"index","follow":"follow","max-snippet":"max-snippet:-1","max-image-preview":"max-image-preview:large","max-video-preview":"max-video-preview:-1"},"canonical":"http:\/\/espaconews.com\/fr\/tendencias-del-mercado-laboral-global\/","og_locale":"fr_FR","og_type":"article","og_title":"Tendencias del mercado laboral global - Espa\u00e7o News","og_description":"Las tendencias del mercado laboral global muestran un panorama complejo, donde convergen tecnolog\u00eda, econom\u00eda, demograf\u00eda y pol\u00edticas...","og_url":"http:\/\/espaconews.com\/fr\/tendencias-del-mercado-laboral-global\/","og_site_name":"Espa\u00e7o News","article_published_time":"2025-10-17T17:58:26+00:00","article_modified_time":"2025-10-17T17:58:28+00:00","og_image":[{"width":550,"height":350,"url":"http:\/\/espaconews.com\/wp-content\/uploads\/sites\/142\/2025\/10\/DESTAQUE-ESPACO-33.jpg","type":"image\/jpeg"}],"author":"Matheus Sangaletti","twitter_card":"summary_large_image","twitter_misc":{"Written by":"Matheus Sangaletti","Est. reading time":"8 minutes"},"schema":{"@context":"https:\/\/schema.org","@graph":[{"@type":"WebPage","@id":"http:\/\/espaconews.com\/fr\/tendencias-del-mercado-laboral-global\/","url":"http:\/\/espaconews.com\/fr\/tendencias-del-mercado-laboral-global\/","name":"Tendencias del mercado laboral global - Espa\u00e7o News","isPartOf":{"@id":"https:\/\/espaconews.com\/#website"},"primaryImageOfPage":{"@id":"http:\/\/espaconews.com\/fr\/tendencias-del-mercado-laboral-global\/#primaryimage"},"image":{"@id":"http:\/\/espaconews.com\/fr\/tendencias-del-mercado-laboral-global\/#primaryimage"},"thumbnailUrl":"http:\/\/espaconews.com\/wp-content\/uploads\/sites\/142\/2025\/10\/DESTAQUE-ESPACO-33.jpg","datePublished":"2025-10-17T17:58:26+00:00","dateModified":"2025-10-17T17:58:28+00:00","author":{"@id":"https:\/\/espaconews.com\/#\/schema\/person\/92fcd07e9b1f4323bf74f3170fc0f78a"},"description":"Las tendencias del mercado laboral global muestran un panorama complejo, donde convergen tecnolog\u00eda, econom\u00eda, demograf\u00eda y pol\u00edticas...","breadcrumb":{"@id":"http:\/\/espaconews.com\/fr\/tendencias-del-mercado-laboral-global\/#breadcrumb"},"inLanguage":"fr-FR","potentialAction":[{"@type":"ReadAction","target":["http:\/\/espaconews.com\/fr\/tendencias-del-mercado-laboral-global\/"]}]},{"@type":"ImageObject","inLanguage":"fr-FR","@id":"http:\/\/espaconews.com\/fr\/tendencias-del-mercado-laboral-global\/#primaryimage","url":"http:\/\/espaconews.com\/wp-content\/uploads\/sites\/142\/2025\/10\/DESTAQUE-ESPACO-33.jpg","contentUrl":"http:\/\/espaconews.com\/wp-content\/uploads\/sites\/142\/2025\/10\/DESTAQUE-ESPACO-33.jpg","width":550,"height":350},{"@type":"BreadcrumbList","@id":"http:\/\/espaconews.com\/fr\/tendencias-del-mercado-laboral-global\/#breadcrumb","itemListElement":[{"@type":"ListItem","position":1,"name":"Home","item":"https:\/\/espaconews.com\/"},{"@type":"ListItem","position":2,"name":"Tendencias del mercado laboral global"}]},{"@type":"WebSite","@id":"https:\/\/espaconews.com\/#website","url":"https:\/\/espaconews.com\/","name":"Espa\u00e7o News","description":"","potentialAction":[{"@type":"SearchAction","target":{"@type":"EntryPoint","urlTemplate":"https:\/\/espaconews.com\/?s={search_term_string}"},"query-input":"required name=search_term_string"}],"inLanguage":"fr-FR"},{"@type":"Person","@id":"https:\/\/espaconews.com\/#\/schema\/person\/92fcd07e9b1f4323bf74f3170fc0f78a","name":"Matheus Sangaletti","image":{"@type":"ImageObject","inLanguage":"fr-FR","@id":"https:\/\/espaconews.com\/#\/schema\/person\/image\/","url":"http:\/\/2.gravatar.com\/avatar\/280ea957a14a48e6a1ad2133d2cc27c9?s=96&d=mm&r=g","contentUrl":"http:\/\/2.gravatar.com\/avatar\/280ea957a14a48e6a1ad2133d2cc27c9?s=96&d=mm&r=g","caption":"Matheus Sangaletti"},"url":"http:\/\/espaconews.com\/fr\/author\/matheuss\/"}]}},"_links":{"self":[{"href":"http:\/\/espaconews.com\/fr\/wp-json\/wp\/v2\/posts\/2764"}],"collection":[{"href":"http:\/\/espaconews.com\/fr\/wp-json\/wp\/v2\/posts"}],"about":[{"href":"http:\/\/espaconews.com\/fr\/wp-json\/wp\/v2\/types\/post"}],"author":[{"embeddable":true,"href":"http:\/\/espaconews.com\/fr\/wp-json\/wp\/v2\/users\/219"}],"replies":[{"embeddable":true,"href":"http:\/\/espaconews.com\/fr\/wp-json\/wp\/v2\/comments?post=2764"}],"version-history":[{"count":1,"href":"http:\/\/espaconews.com\/fr\/wp-json\/wp\/v2\/posts\/2764\/revisions"}],"predecessor-version":[{"id":2768,"href":"http:\/\/espaconews.com\/fr\/wp-json\/wp\/v2\/posts\/2764\/revisions\/2768"}],"wp:featuredmedia":[{"embeddable":true,"href":"http:\/\/espaconews.com\/fr\/wp-json\/wp\/v2\/media\/2765"}],"wp:attachment":[{"href":"http:\/\/espaconews.com\/fr\/wp-json\/wp\/v2\/media?parent=2764"}],"wp:term":[{"taxonomy":"category","embeddable":true,"href":"http:\/\/espaconews.com\/fr\/wp-json\/wp\/v2\/categories?post=2764"},{"taxonomy":"post_tag","embeddable":true,"href":"http:\/\/espaconews.com\/fr\/wp-json\/wp\/v2\/tags?post=2764"}],"curies":[{"name":"wp","href":"https:\/\/api.w.org\/{rel}","templated":true}]}}