{"id":2764,"date":"2025-10-17T14:58:26","date_gmt":"2025-10-17T17:58:26","guid":{"rendered":"https:\/\/espaconews.com\/?p=2764"},"modified":"2025-10-17T14:58:28","modified_gmt":"2025-10-17T17:58:28","slug":"tendencias-del-mercado-laboral-global","status":"publish","type":"post","link":"http:\/\/espaconews.com\/en\/tendencias-del-mercado-laboral-global\/","title":{"rendered":"Global labor market trends"},"content":{"rendered":"<p class=\"has-text-align-center\"><strong>Global labor market trends<\/strong> They show a complex panorama, where technology, economy, demographics and social policies converge.<\/p>\n\n\n\n<figure class=\"wp-block-gallery aligncenter has-nested-images columns-default is-cropped wp-block-gallery-1 is-layout-flex wp-block-gallery-is-layout-flex\">\n<figure class=\"wp-block-image size-full\"><img loading=\"lazy\" decoding=\"async\" width=\"550\" height=\"350\" data-id=\"2766\" src=\"https:\/\/espaconews.com\/wp-content\/uploads\/sites\/142\/2025\/10\/DESTAQUE-ESPACO-33-1.jpg\" alt=\"\" class=\"wp-image-2766\" srcset=\"http:\/\/espaconews.com\/wp-content\/uploads\/sites\/142\/2025\/10\/DESTAQUE-ESPACO-33-1.jpg 550w, http:\/\/espaconews.com\/wp-content\/uploads\/sites\/142\/2025\/10\/DESTAQUE-ESPACO-33-1-300x191.jpg 300w, http:\/\/espaconews.com\/wp-content\/uploads\/sites\/142\/2025\/10\/DESTAQUE-ESPACO-33-1-18x12.jpg 18w\" sizes=\"(max-width: 550px) 100vw, 550px\" \/><figcaption class=\"wp-element-caption\">CANVA<\/figcaption><\/figure>\n<\/figure>\n\n\n\n<p class=\"has-text-align-center\">Today&#039;s labor dynamics are marked by a constant interaction between innovation, inequality, and workforce adaptation.<\/p>\n\n\n\n<p>Understanding these trends is not only vital for businesses and governments, but also for professionals seeking to remain competitive in an ever-changing environment.<\/p>\n\n\n\n<p>This article analyzes the factors defining global employment today, offers practical examples, and proposes strategies for successfully navigating this landscape.<\/p>\n\n\n\n<h2 class=\"wp-block-heading\">\ud83d\udcca Current global employment outlook<\/h2>\n\n\n\n<p>In 2024, according to the ILO report \u201cWorld Employment and Social Outlook:<\/p>\n\n\n\n<p>\u201cTrends 2025,\u201d global employment grew in parallel with the working population, keeping the global unemployment rate at 51%, similar to levels in previous years.<\/p>\n\n\n\n<p>While this represents stability, it does not translate into a significant improvement in job quality or a reduction in working poverty, especially in low-income regions.<\/p>\n\n\n\n<p>Global economic growth, although positive, is insufficient to absorb the entire emerging workforce.<\/p>\n\n\n\n<p>For example, in South Asia, millions of young people enter the labor market each year, but the available jobs do not always match their skills.<\/p>\n\n\n\n<p>This imbalance generates an increase in informality and underemployment, phenomena that affect both the productivity and economic security of millions of people.<\/p>\n\n\n\n<h2 class=\"wp-block-heading\">\u2696\ufe0f Persistent inequality<\/h2>\n\n\n\n<p>Despite educational advances and increased female labor force participation, inequality in pay and opportunity remains a critical challenge.<\/p>\n\n\n\n<p>According to recent OECD data, women continue to earn on average 20% less than men in jobs of equal value.<\/p>\n\n\n\n<p>Furthermore, informal sectors such as home economics and informal retail offer precarious jobs without social benefits or stability.<\/p>\n\n\n\n<p>For example, in Mexico, more than 50% of workers occupy informal jobs, which limits their access to social security and pensions.<\/p>\n\n\n\n<p>This inequality not only has economic implications, but also social ones, as a lack of labor market inclusion can generate tension and limit social mobility.<\/p>\n\n\n\n<h2 class=\"wp-block-heading\">\ud83e\udd16 Impact of technology on employment<\/h2>\n\n\n\n<p>Automation and artificial intelligence are profoundly transforming labor markets. <\/p>\n\n\n\n<p>Traditional sectors such as manufacturing and logistics are seeing certain tasks replaced by robots and intelligent software.<\/p>\n\n\n\n<p>However, this change also creates new opportunities: programming, cybersecurity, data analytics, and technology project management are all growing areas.<\/p>\n\n\n\n<p>For example, companies like Amazon and Siemens are investing in reskilling their employees, offering digital skills training to combat automation.<\/p>\n\n\n\n<p>The key for workers will be adaptability and ongoing training, which will allow them not only to keep their jobs but also to access better opportunities. <\/p>\n\n\n\n<p>Technical education and digital literacy have become essential factors for job competitiveness.<\/p>\n\n\n\n<h2 class=\"wp-block-heading\">\ud83c\udf31 Transition to sustainable economies<\/h2>\n\n\n\n<p>Climate change and the transition to green economies have boosted job creation in sustainable sectors.<\/p>\n\n\n\n<p>Renewable energy, organic farming, waste management, and sustainable construction represent emerging opportunities that seek to balance economic growth and environmental stewardship.<\/p>\n\n\n\n<p>For example, Spain has seen a 30% increase in green jobs over the past three years, including roles in solar panel installation, wind turbine maintenance, and sustainable project management.<\/p>\n\n\n\n<p>This trend not only offers employment alternatives, but also contributes to building more resilient societies that are more aware of their environmental impact.<\/p>\n\n\n\n<p>Public policies that encourage investment in clean energy, green skills training, and professional certification are essential to consolidating this transition.<\/p>\n\n\n\n<h2 class=\"wp-block-heading\">\ud83c\udf93 Mismatches between education and the labor market<\/h2>\n\n\n\n<p>Although overall educational attainment has increased, significant gaps persist between acquired skills and labor market demands.<\/p>\n\n\n\n<p>Many universities and education systems fail to update their programs to include digital skills, critical thinking, and project management, which are essential in today&#039;s economy.<\/p>\n\n\n\n<p>For example, a newly graduated engineer in Colombia may have a good command of engineering theory but lack the knowledge of design software or data analytics required by technology companies.<\/p>\n\n\n\n<p>This gap highlights the need for continuing education, complementary technical training, and partnerships between companies and universities to align skills with job opportunities.<\/p>\n\n\n\n<h2 class=\"wp-block-heading\">\ud83c\udf0d Specific challenges in Latin America<\/h2>\n\n\n\n<p>Latin America faces particular challenges in the labor market.<\/p>\n\n\n\n<p>Informal employment affects more than 50% of workers in several countries in the region, limiting economic security and access to benefits.<\/p>\n\n\n\n<p>Youth unemployment is high, with rates exceeding 15% in some countries, and the gender gap remains a persistent obstacle.<\/p>\n\n\n\n<p>External factors, such as global geopolitics, climate change, and economic volatility, also influence job stability.<\/p>\n\n\n\n<p>For example, prolonged droughts in agricultural countries can affect production and lead to temporary job losses, while trade tensions impact the manufacturing industry.<\/p>\n\n\n\n<h2 class=\"wp-block-heading\">\ud83d\udcc8 Relevant statistics<\/h2>\n\n\n\n<p>According to the ILO, the labor market recovery is expected to slow in the coming years, with up to 7 million job losses worldwide. <\/p>\n\n\n\n<p>This figure highlights the need for labor policies that promote inclusion, training, and social security, as well as economic diversification in strategic sectors.<\/p>\n\n\n\n<h2 class=\"wp-block-heading\">\ud83e\udde0 Analogy to understand the labor market<\/h2>\n\n\n\n<p>We can imagine the labor market as a constantly flowing river.<\/p>\n\n\n\n<p>The tributaries that modify it represent technological trends, climate changes and economic policies. <\/p>\n\n\n\n<p>Successful navigation requires building solid vessels (technical and soft skills) and choosing strategic routes (emerging and sustainable sectors).<\/p>\n\n\n\n<p>Those who ignore these currents may be left behind, while those who adapt will find opportunities for growth and stability.<\/p>\n\n\n\n<h2 class=\"wp-block-heading\">\u2705 Strategies to adapt to global labor market trends<\/h2>\n\n\n\n<ol>\n<li><strong>Continuing education:<\/strong> Learn new digital and technical skills based on market demand.<\/li>\n\n\n\n<li><strong>Professional flexibility:<\/strong> Be willing to change sectors or roles as opportunities arise.<\/li>\n\n\n\n<li><strong>Professional networks:<\/strong> Build relationships and participate in active work communities.<\/li>\n\n\n\n<li><strong>Green and sustainable education:<\/strong> Incorporate knowledge related to clean energy and sustainable practices.<\/li>\n\n\n\n<li><strong>Inclusion and diversity:<\/strong> Promote gender equality and the participation of historically marginalized groups.<\/li>\n<\/ol>\n\n\n\n<figure class=\"wp-block-gallery aligncenter has-nested-images columns-default is-cropped wp-block-gallery-2 is-layout-flex wp-block-gallery-is-layout-flex\">\n<figure class=\"wp-block-image size-full\"><img loading=\"lazy\" decoding=\"async\" width=\"550\" height=\"350\" data-id=\"2767\" src=\"https:\/\/espaconews.com\/wp-content\/uploads\/sites\/142\/2025\/10\/DESTAQUE-ESPACO-34.jpg\" alt=\"\" class=\"wp-image-2767\" srcset=\"http:\/\/espaconews.com\/wp-content\/uploads\/sites\/142\/2025\/10\/DESTAQUE-ESPACO-34.jpg 550w, http:\/\/espaconews.com\/wp-content\/uploads\/sites\/142\/2025\/10\/DESTAQUE-ESPACO-34-300x191.jpg 300w, http:\/\/espaconews.com\/wp-content\/uploads\/sites\/142\/2025\/10\/DESTAQUE-ESPACO-34-18x12.jpg 18w\" sizes=\"(max-width: 550px) 100vw, 550px\" \/><figcaption class=\"wp-element-caption\">CANVA<\/figcaption><\/figure>\n<\/figure>\n\n\n\n<p>Read more:\u00a0<a href=\"http:\/\/espaconews.com\/en\/profesiones-mas-demandadas-en-2025\/\">Most in-demand professions in 2025<\/a><\/p>\n\n\n\n<h2 class=\"wp-block-heading\">\u2753 Frequently Asked Questions<\/h2>\n\n\n\n<p><strong>1. How to prepare for new work trends?<\/strong><br>Investing in continuing education, developing digital skills, and maintaining adaptability are essential. <\/p>\n\n\n\n<p>Participating in online courses and specialized certifications can make all the difference.<\/p>\n\n\n\n<p><strong>2. Which sectors are showing the greatest growth?<\/strong><br>Technology, renewable energy, sustainability, cybersecurity, and data analytics show sustained growth and long-term opportunities.<\/p>\n\n\n\n<p><strong>3. What policies promote a more inclusive labor market?<\/strong><br>Promote gender equality, vocational training, social protection, labor formalization, and incentives for companies that generate decent employment.<\/p>\n\n\n\n<p>Read more:\u00a0<a href=\"http:\/\/espaconews.com\/en\/preguntas-mas-frecuentes-en-entrevistas\/\">Most frequently asked questions in interviews<\/a><\/p>\n\n\n\n<h2 class=\"wp-block-heading\">\ud83d\udca1 Conclusion<\/h2>\n\n\n\n<p>The <strong>global labor market trends<\/strong> in 2025 reflect a dynamic and multifaceted landscape.<\/p>\n\n\n\n<p>Challenges, from automation to inequality and educational gaps, demand proactive responses from governments, businesses, and workers.<\/p>\n\n\n\n<p>Those who invest in skills, education, and sustainability will be better positioned to prosper.<\/p>\n\n\n\n<p>Adaptability and strategic vision will be the keys to successfully navigating a constantly evolving labor market.<\/p>","protected":false},"excerpt":{"rendered":"<p>Las tendencias del mercado laboral global muestran un panorama complejo, donde convergen tecnolog\u00eda, econom\u00eda, demograf\u00eda y pol\u00edticas sociales. La din\u00e1mica laboral actual est\u00e1 marcada por una interacci\u00f3n constante entre innovaci\u00f3n, desigualdad y adaptaci\u00f3n de la fuerza laboral. Comprender estas tendencias no solo es vital para empresas y gobiernos, sino tambi\u00e9n para profesionales que buscan mantenerse [&hellip;]<\/p>","protected":false},"author":219,"featured_media":2765,"comment_status":"closed","ping_status":"open","sticky":false,"template":"","format":"standard","meta":{"footnotes":""},"categories":[4],"tags":[],"yoast_head":"<!-- This site is optimized with the Yoast SEO plugin v23.3 - https:\/\/yoast.com\/wordpress\/plugins\/seo\/ -->\n<title>Tendencias del mercado laboral global - Espa\u00e7o News<\/title>\n<meta name=\"description\" content=\"Las tendencias del mercado laboral global muestran un panorama complejo, donde convergen tecnolog\u00eda, econom\u00eda, demograf\u00eda y pol\u00edticas...\" \/>\n<meta name=\"robots\" content=\"index, follow, max-snippet:-1, max-image-preview:large, max-video-preview:-1\" \/>\n<link rel=\"canonical\" href=\"http:\/\/espaconews.com\/en\/tendencias-del-mercado-laboral-global\/\" \/>\n<meta property=\"og:locale\" content=\"en_US\" \/>\n<meta property=\"og:type\" content=\"article\" \/>\n<meta property=\"og:title\" content=\"Tendencias del mercado laboral global - Espa\u00e7o News\" \/>\n<meta property=\"og:description\" content=\"Las tendencias del mercado laboral global muestran un panorama complejo, donde convergen tecnolog\u00eda, econom\u00eda, demograf\u00eda y pol\u00edticas...\" \/>\n<meta property=\"og:url\" content=\"http:\/\/espaconews.com\/en\/tendencias-del-mercado-laboral-global\/\" \/>\n<meta property=\"og:site_name\" content=\"Espa\u00e7o News\" \/>\n<meta property=\"article:published_time\" content=\"2025-10-17T17:58:26+00:00\" \/>\n<meta property=\"article:modified_time\" content=\"2025-10-17T17:58:28+00:00\" \/>\n<meta property=\"og:image\" content=\"http:\/\/espaconews.com\/wp-content\/uploads\/sites\/142\/2025\/10\/DESTAQUE-ESPACO-33.jpg\" \/>\n\t<meta property=\"og:image:width\" content=\"550\" \/>\n\t<meta property=\"og:image:height\" content=\"350\" \/>\n\t<meta property=\"og:image:type\" content=\"image\/jpeg\" \/>\n<meta name=\"author\" content=\"Matheus Sangaletti\" \/>\n<meta name=\"twitter:card\" content=\"summary_large_image\" \/>\n<meta name=\"twitter:label1\" content=\"Written by\" \/>\n\t<meta name=\"twitter:data1\" content=\"Matheus Sangaletti\" \/>\n\t<meta name=\"twitter:label2\" content=\"Est. reading time\" \/>\n\t<meta name=\"twitter:data2\" content=\"8 minutes\" \/>\n<script type=\"application\/ld+json\" class=\"yoast-schema-graph\">{\"@context\":\"https:\/\/schema.org\",\"@graph\":[{\"@type\":\"WebPage\",\"@id\":\"http:\/\/espaconews.com\/fr\/tendencias-del-mercado-laboral-global\/\",\"url\":\"http:\/\/espaconews.com\/fr\/tendencias-del-mercado-laboral-global\/\",\"name\":\"Tendencias del mercado laboral global - Espa\u00e7o News\",\"isPartOf\":{\"@id\":\"https:\/\/espaconews.com\/#website\"},\"primaryImageOfPage\":{\"@id\":\"http:\/\/espaconews.com\/fr\/tendencias-del-mercado-laboral-global\/#primaryimage\"},\"image\":{\"@id\":\"http:\/\/espaconews.com\/fr\/tendencias-del-mercado-laboral-global\/#primaryimage\"},\"thumbnailUrl\":\"http:\/\/espaconews.com\/wp-content\/uploads\/sites\/142\/2025\/10\/DESTAQUE-ESPACO-33.jpg\",\"datePublished\":\"2025-10-17T17:58:26+00:00\",\"dateModified\":\"2025-10-17T17:58:28+00:00\",\"author\":{\"@id\":\"https:\/\/espaconews.com\/#\/schema\/person\/92fcd07e9b1f4323bf74f3170fc0f78a\"},\"description\":\"Las tendencias del mercado laboral global muestran un panorama complejo, donde convergen tecnolog\u00eda, econom\u00eda, demograf\u00eda y pol\u00edticas...\",\"breadcrumb\":{\"@id\":\"http:\/\/espaconews.com\/fr\/tendencias-del-mercado-laboral-global\/#breadcrumb\"},\"inLanguage\":\"en-US\",\"potentialAction\":[{\"@type\":\"ReadAction\",\"target\":[\"http:\/\/espaconews.com\/fr\/tendencias-del-mercado-laboral-global\/\"]}]},{\"@type\":\"ImageObject\",\"inLanguage\":\"en-US\",\"@id\":\"http:\/\/espaconews.com\/fr\/tendencias-del-mercado-laboral-global\/#primaryimage\",\"url\":\"http:\/\/espaconews.com\/wp-content\/uploads\/sites\/142\/2025\/10\/DESTAQUE-ESPACO-33.jpg\",\"contentUrl\":\"http:\/\/espaconews.com\/wp-content\/uploads\/sites\/142\/2025\/10\/DESTAQUE-ESPACO-33.jpg\",\"width\":550,\"height\":350},{\"@type\":\"BreadcrumbList\",\"@id\":\"http:\/\/espaconews.com\/fr\/tendencias-del-mercado-laboral-global\/#breadcrumb\",\"itemListElement\":[{\"@type\":\"ListItem\",\"position\":1,\"name\":\"Home\",\"item\":\"https:\/\/espaconews.com\/\"},{\"@type\":\"ListItem\",\"position\":2,\"name\":\"Tendencias del mercado laboral global\"}]},{\"@type\":\"WebSite\",\"@id\":\"https:\/\/espaconews.com\/#website\",\"url\":\"https:\/\/espaconews.com\/\",\"name\":\"Espa\u00e7o News\",\"description\":\"\",\"potentialAction\":[{\"@type\":\"SearchAction\",\"target\":{\"@type\":\"EntryPoint\",\"urlTemplate\":\"https:\/\/espaconews.com\/?s={search_term_string}\"},\"query-input\":\"required name=search_term_string\"}],\"inLanguage\":\"en-US\"},{\"@type\":\"Person\",\"@id\":\"https:\/\/espaconews.com\/#\/schema\/person\/92fcd07e9b1f4323bf74f3170fc0f78a\",\"name\":\"Matheus Sangaletti\",\"image\":{\"@type\":\"ImageObject\",\"inLanguage\":\"en-US\",\"@id\":\"https:\/\/espaconews.com\/#\/schema\/person\/image\/\",\"url\":\"http:\/\/2.gravatar.com\/avatar\/280ea957a14a48e6a1ad2133d2cc27c9?s=96&d=mm&r=g\",\"contentUrl\":\"http:\/\/2.gravatar.com\/avatar\/280ea957a14a48e6a1ad2133d2cc27c9?s=96&d=mm&r=g\",\"caption\":\"Matheus Sangaletti\"},\"url\":\"http:\/\/espaconews.com\/en\/author\/matheuss\/\"}]}<\/script>\n<!-- \/ Yoast SEO plugin. -->","yoast_head_json":{"title":"Tendencias del mercado laboral global - Espa\u00e7o News","description":"Las tendencias del mercado laboral global muestran un panorama complejo, donde convergen tecnolog\u00eda, econom\u00eda, demograf\u00eda y pol\u00edticas...","robots":{"index":"index","follow":"follow","max-snippet":"max-snippet:-1","max-image-preview":"max-image-preview:large","max-video-preview":"max-video-preview:-1"},"canonical":"http:\/\/espaconews.com\/en\/tendencias-del-mercado-laboral-global\/","og_locale":"en_US","og_type":"article","og_title":"Tendencias del mercado laboral global - Espa\u00e7o News","og_description":"Las tendencias del mercado laboral global muestran un panorama complejo, donde convergen tecnolog\u00eda, econom\u00eda, demograf\u00eda y pol\u00edticas...","og_url":"http:\/\/espaconews.com\/en\/tendencias-del-mercado-laboral-global\/","og_site_name":"Espa\u00e7o News","article_published_time":"2025-10-17T17:58:26+00:00","article_modified_time":"2025-10-17T17:58:28+00:00","og_image":[{"width":550,"height":350,"url":"http:\/\/espaconews.com\/wp-content\/uploads\/sites\/142\/2025\/10\/DESTAQUE-ESPACO-33.jpg","type":"image\/jpeg"}],"author":"Matheus Sangaletti","twitter_card":"summary_large_image","twitter_misc":{"Written by":"Matheus Sangaletti","Est. reading time":"8 minutes"},"schema":{"@context":"https:\/\/schema.org","@graph":[{"@type":"WebPage","@id":"http:\/\/espaconews.com\/fr\/tendencias-del-mercado-laboral-global\/","url":"http:\/\/espaconews.com\/fr\/tendencias-del-mercado-laboral-global\/","name":"Tendencias del mercado laboral global - Espa\u00e7o News","isPartOf":{"@id":"https:\/\/espaconews.com\/#website"},"primaryImageOfPage":{"@id":"http:\/\/espaconews.com\/fr\/tendencias-del-mercado-laboral-global\/#primaryimage"},"image":{"@id":"http:\/\/espaconews.com\/fr\/tendencias-del-mercado-laboral-global\/#primaryimage"},"thumbnailUrl":"http:\/\/espaconews.com\/wp-content\/uploads\/sites\/142\/2025\/10\/DESTAQUE-ESPACO-33.jpg","datePublished":"2025-10-17T17:58:26+00:00","dateModified":"2025-10-17T17:58:28+00:00","author":{"@id":"https:\/\/espaconews.com\/#\/schema\/person\/92fcd07e9b1f4323bf74f3170fc0f78a"},"description":"Las tendencias del mercado laboral global muestran un panorama complejo, donde convergen tecnolog\u00eda, econom\u00eda, demograf\u00eda y pol\u00edticas...","breadcrumb":{"@id":"http:\/\/espaconews.com\/fr\/tendencias-del-mercado-laboral-global\/#breadcrumb"},"inLanguage":"en-US","potentialAction":[{"@type":"ReadAction","target":["http:\/\/espaconews.com\/fr\/tendencias-del-mercado-laboral-global\/"]}]},{"@type":"ImageObject","inLanguage":"en-US","@id":"http:\/\/espaconews.com\/fr\/tendencias-del-mercado-laboral-global\/#primaryimage","url":"http:\/\/espaconews.com\/wp-content\/uploads\/sites\/142\/2025\/10\/DESTAQUE-ESPACO-33.jpg","contentUrl":"http:\/\/espaconews.com\/wp-content\/uploads\/sites\/142\/2025\/10\/DESTAQUE-ESPACO-33.jpg","width":550,"height":350},{"@type":"BreadcrumbList","@id":"http:\/\/espaconews.com\/fr\/tendencias-del-mercado-laboral-global\/#breadcrumb","itemListElement":[{"@type":"ListItem","position":1,"name":"Home","item":"https:\/\/espaconews.com\/"},{"@type":"ListItem","position":2,"name":"Tendencias del mercado laboral global"}]},{"@type":"WebSite","@id":"https:\/\/espaconews.com\/#website","url":"https:\/\/espaconews.com\/","name":"Espa\u00e7o News","description":"","potentialAction":[{"@type":"SearchAction","target":{"@type":"EntryPoint","urlTemplate":"https:\/\/espaconews.com\/?s={search_term_string}"},"query-input":"required name=search_term_string"}],"inLanguage":"en-US"},{"@type":"Person","@id":"https:\/\/espaconews.com\/#\/schema\/person\/92fcd07e9b1f4323bf74f3170fc0f78a","name":"Matheus Sangaletti","image":{"@type":"ImageObject","inLanguage":"en-US","@id":"https:\/\/espaconews.com\/#\/schema\/person\/image\/","url":"http:\/\/2.gravatar.com\/avatar\/280ea957a14a48e6a1ad2133d2cc27c9?s=96&d=mm&r=g","contentUrl":"http:\/\/2.gravatar.com\/avatar\/280ea957a14a48e6a1ad2133d2cc27c9?s=96&d=mm&r=g","caption":"Matheus Sangaletti"},"url":"http:\/\/espaconews.com\/en\/author\/matheuss\/"}]}},"_links":{"self":[{"href":"http:\/\/espaconews.com\/en\/wp-json\/wp\/v2\/posts\/2764"}],"collection":[{"href":"http:\/\/espaconews.com\/en\/wp-json\/wp\/v2\/posts"}],"about":[{"href":"http:\/\/espaconews.com\/en\/wp-json\/wp\/v2\/types\/post"}],"author":[{"embeddable":true,"href":"http:\/\/espaconews.com\/en\/wp-json\/wp\/v2\/users\/219"}],"replies":[{"embeddable":true,"href":"http:\/\/espaconews.com\/en\/wp-json\/wp\/v2\/comments?post=2764"}],"version-history":[{"count":1,"href":"http:\/\/espaconews.com\/en\/wp-json\/wp\/v2\/posts\/2764\/revisions"}],"predecessor-version":[{"id":2768,"href":"http:\/\/espaconews.com\/en\/wp-json\/wp\/v2\/posts\/2764\/revisions\/2768"}],"wp:featuredmedia":[{"embeddable":true,"href":"http:\/\/espaconews.com\/en\/wp-json\/wp\/v2\/media\/2765"}],"wp:attachment":[{"href":"http:\/\/espaconews.com\/en\/wp-json\/wp\/v2\/media?parent=2764"}],"wp:term":[{"taxonomy":"category","embeddable":true,"href":"http:\/\/espaconews.com\/en\/wp-json\/wp\/v2\/categories?post=2764"},{"taxonomy":"post_tag","embeddable":true,"href":"http:\/\/espaconews.com\/en\/wp-json\/wp\/v2\/tags?post=2764"}],"curies":[{"name":"wp","href":"https:\/\/api.w.org\/{rel}","templated":true}]}}