{"id":1149,"date":"2024-07-02T22:31:29","date_gmt":"2024-07-03T01:31:29","guid":{"rendered":"https:\/\/espaconews.com\/?p=1149"},"modified":"2024-07-02T22:31:29","modified_gmt":"2024-07-03T01:31:29","slug":"que-paso-con-la-actriz-de-la-pelicula-emmanuelle","status":"publish","type":"post","link":"http:\/\/espaconews.com\/en\/que-paso-con-la-actriz-de-la-pelicula-emmanuelle\/","title":{"rendered":"What Happened to the Actress from the Movie Emmanuelle?"},"content":{"rendered":"<p>The film &quot;Emmanuelle&quot; defined the 1990s, especially among fans of erotic cinema. But do you know what happened to the lead actress in this classic?<\/p>\n\n\n\n<p>We&#039;re going to explore the journey of Sylvia Kristel, the star who gave life to Emmanuelle, from her rise to fame to her final days.<\/p>\n\n\n\n<h2 class=\"wp-block-heading\">The Rise of Sylvia Kristel<\/h2>\n\n\n\n<p>Sylvia Kristel was born on September 28, 1952, in the Netherlands. Her career took off at age 22, when she was cast as the lead character in the film &quot;Emmanuelle&quot; (1974).<\/p>\n\n\n\n<p>The film, based on the novel of the same name by Emmanuelle Arsan, became an instant hit.<\/p>\n\n\n\n<p>The story follows Emmanuelle, a young woman who explores her sexuality on exotic trips, which at the time was a bold and innovative approach.<\/p>\n\n\n\n<p>Sylvia Kristel&#039;s performance was outstanding and brought an air of sophistication and naturalness to the character, contributing to the film&#039;s success.<\/p>\n\n\n\n<p>\u201cEmmanuelle\u201d not only launched Sylvia into stardom, but also paved the way for a series of sequels and spin-off films, becoming a cultural phenomenon.<\/p>\n\n\n\n<h2 class=\"wp-block-heading\">Life After Emmanuelle<\/h2>\n\n\n\n<p>Following the success of \u201cEmmanuelle,\u201d Sylvia Kristel appeared in several sequels to the series, including \u201cEmmanuelle 2\u201d (1975), \u201cGoodbye Emmanuelle\u201d (1977), and \u201cEmmanuelle 4\u201d (1984).<\/p>\n\n\n\n<p>He also acted in other films such as \u201cAlice or the Last Escape\u201d (1977) and \u201cLady Chatterley&#039;s Lover\u201d (1981).<\/p>\n\n\n\n<p>Although she achieved great fame, Sylvia faced challenges in her career. Many of the films she appeared in weren&#039;t as successful as &quot;Emmanuelle,&quot; and she ultimately remained marked by the role.<\/p>\n\n\n\n<p>This made it difficult for him to transition into other types of characters and film genres.<\/p>\n\n\n\n<p>In addition to her professional challenges, Sylvia also had a turbulent personal life. She struggled with drug and alcohol addiction, problems that affected both her career and her health.<\/p>\n\n\n\n<p>Despite this, Sylvia continued acting and working on various projects, always maintaining a connection with her fans.<\/p>\n\n\n\n<p><\/p>\n\n\n\n<hr class=\"wp-block-separator has-text-color has-alpha-channel-opacity has-background is-style-wide\" style=\"background-color:#006196;color:#006196\"\/>\n\n\n\n<h2 class=\"wp-block-heading\">Read also:<\/h2>\n\n\n\n<div class=\"wp-block-columns is-layout-flex wp-container-core-columns-layout-1 wp-block-columns-is-layout-flex\">\n<div class=\"wp-block-column is-layout-flow wp-block-column-is-layout-flow\">\n<div class=\"wp-block-buttons is-layout-flex wp-block-buttons-is-layout-flex\">\n<div class=\"wp-block-button has-custom-width wp-block-button__width-100\" style=\"text-decoration:none\"><a class=\"wp-block-button__link has-white-color has-text-color has-background has-link-color has-text-align-left wp-element-button\" href=\"https:\/\/espaconews.com\/en\/829\/aplicaciones-de-citas-encuentra-tu-pareja-perfecta\/\" style=\"border-radius:10px;background-color:#ff1919\" target=\"_blank\" rel=\"noreferrer noopener\"><font style=\"vertical-align: inherit;\"><font style=\"vertical-align: inherit;\">\ud83d\udccc <\/font><\/font>Find Your Perfect Match! &gt;<\/a><\/div>\n\n\n\n<div class=\"wp-block-button has-custom-width wp-block-button__width-100\" style=\"text-decoration:none\"><a class=\"wp-block-button__link has-white-color has-text-color has-background has-link-color has-text-align-left wp-element-button\" href=\"https:\/\/espaconews.com\/en\/766\/localizador-de-celulares-en-tiempo-real\/\" style=\"border-radius:10px;background-color:#ff1919\" target=\"_blank\" rel=\"noreferrer noopener\"><font style=\"vertical-align: inherit;\"><font style=\"vertical-align: inherit;\">\ud83d\udccd<\/font><\/font>Protect Your Family &gt;<\/a><\/div>\n<\/div>\n<\/div>\n<\/div>\n\n\n\n<hr class=\"wp-block-separator alignfull has-text-color has-alpha-channel-opacity has-background is-style-wide\" style=\"background-color:#006196;color:#006196\"\/>\n\n\n\n<p><\/p>\n\n\n\n<h4 class=\"wp-block-heading\">The Last Years<\/h4>\n\n\n\n<p>In her later years, Sylvia Kristel devoted herself to other forms of art. She ventured into painting and published an autobiography titled &quot;Nue&quot; (2006), in which she shared intimate details of her life, including her ups and downs in her film career.<\/p>\n\n\n\n<p>Unfortunately, Sylvia&#039;s health began to decline. In 2001, she was diagnosed with throat cancer and later lung cancer.<\/p>\n\n\n\n<p>After a long battle with illness, Sylvia Kristel passed away on October 17, 2012, at the age of 60, in her hometown of Utrecht, the Netherlands.<\/p>\n\n\n<div class=\"wp-block-image\">\n<figure class=\"aligncenter size-full has-custom-border\"><img loading=\"lazy\" decoding=\"async\" width=\"550\" height=\"350\" src=\"http:\/\/espaconews.com\/wp-content\/uploads\/sites\/142\/2024\/07\/P-550x350-1-1.jpg\" alt=\"\" class=\"wp-image-1150\" style=\"border-radius:10px\" srcset=\"http:\/\/espaconews.com\/wp-content\/uploads\/sites\/142\/2024\/07\/P-550x350-1-1.jpg 550w, http:\/\/espaconews.com\/wp-content\/uploads\/sites\/142\/2024\/07\/P-550x350-1-1-300x191.jpg 300w\" sizes=\"(max-width: 550px) 100vw, 550px\" \/><figcaption class=\"wp-element-caption\">What Happened to the Actress from the Movie Emmanuelle?<\/figcaption><\/figure><\/div>\n\n\n<h2 class=\"wp-block-heading\">Sylvia Kristel&#039;s Legacy<\/h2>\n\n\n\n<p>Sylvia Kristel left a lasting legacy in cinema, especially in the erotic genre. Her role as Emmanuelle continues to be remembered and celebrated by fans around the world.<\/p>\n\n\n\n<p>Her courage in taking on such a controversial role for the time and her iconic performance secured her a place in film history.<\/p>\n\n\n\n<p>Furthermore, Sylvia&#039;s life serves as a reminder of the complexity of fame and the challenges many celebrities face off-screen.<\/p>\n\n\n\n<p>Her story is one of resilience and persistence, showing that, despite obstacles, she continued to pursue her passion for art until the end of her days.<\/p>\n\n\n\n<h2 class=\"wp-block-heading\">Conclusion<\/h2>\n\n\n\n<p>Sylvia Kristel, the eternal Emmanuelle, was an emblematic figure of the 1970s and 1980s. Her contribution to erotic cinema and her cultural impact are undeniable.<\/p>\n\n\n\n<p>Despite facing personal and professional adversity, she left an indelible mark on the film industry. If you&#039;d like to learn more about Sylvia Kristel&#039;s career and filmography, check out the following links:<\/p>\n\n\n\n<ul>\n<li><a>Complete Biography of Sylvia Kriste<\/a><a href=\"https:\/\/pt.wikipedia.org\/wiki\/Sylvia_Kristel\">l<\/a><\/li>\n<\/ul>\n\n\n\n<p>We hope this article has sparked your curiosity and provided valuable insight into Sylvia Kristel&#039;s life and career.<\/p>\n\n\n\n<p>Share this post with your friends and keep following our articles for more fascinating stories from the world of cinema!<\/p>\n\n\n\n<p><\/p>\n\n\n\n<hr class=\"wp-block-separator has-text-color has-alpha-channel-opacity has-background is-style-wide\" style=\"background-color:#006196;color:#006196\"\/>\n\n\n\n<h2 class=\"wp-block-heading\">Read also:<\/h2>\n\n\n\n<div class=\"wp-block-columns is-layout-flex wp-container-core-columns-layout-2 wp-block-columns-is-layout-flex\">\n<div class=\"wp-block-column is-layout-flow wp-block-column-is-layout-flow\">\n<div class=\"wp-block-buttons is-layout-flex wp-block-buttons-is-layout-flex\">\n<div class=\"wp-block-button has-custom-width wp-block-button__width-100\" style=\"text-decoration:none\"><a class=\"wp-block-button__link has-white-color has-text-color has-background has-link-color has-text-align-left wp-element-button\" href=\"https:\/\/espaconews.com\/en\/829\/aplicaciones-de-citas-encuentra-tu-pareja-perfecta\/\" style=\"border-radius:10px;background-color:#ff1919\" target=\"_blank\" rel=\"noreferrer noopener\"><font style=\"vertical-align: inherit;\"><font style=\"vertical-align: inherit;\">\ud83d\udccc <\/font><\/font>Find Your Perfect Match! &gt;<\/a><\/div>\n\n\n\n<div class=\"wp-block-button has-custom-width wp-block-button__width-100\" style=\"text-decoration:none\"><a class=\"wp-block-button__link has-white-color has-text-color has-background has-link-color has-text-align-left wp-element-button\" href=\"https:\/\/espaconews.com\/en\/766\/localizador-de-celulares-en-tiempo-real\/\" style=\"border-radius:10px;background-color:#ff1919\" target=\"_blank\" rel=\"noreferrer noopener\"><font style=\"vertical-align: inherit;\"><font style=\"vertical-align: inherit;\">\ud83d\udccd<\/font><\/font>Protect Your Family &gt;<\/a><\/div>\n<\/div>\n<\/div>\n<\/div>\n\n\n\n<hr class=\"wp-block-separator alignfull has-text-color has-alpha-channel-opacity has-background is-style-wide\" style=\"background-color:#006196;color:#006196\"\/>\n\n\n\n<p><\/p>","protected":false},"excerpt":{"rendered":"<p>The film &quot;Emmanuelle&quot; defined the 1990s, especially among fans of erotic cinema. But do you know what happened to the lead actress of this classic? Let&#039;s explore the journey of Sylvia Kristel, the star who played Emmanuelle, from her rise to fame to her final days. The Rise of Sylvia [\u2026]<\/p>","protected":false},"author":0,"featured_media":1150,"comment_status":"closed","ping_status":"closed","sticky":false,"template":"","format":"standard","meta":{"footnotes":""},"categories":[4],"tags":[40,454],"yoast_head":"<!-- This site is optimized with the Yoast SEO plugin v23.3 - https:\/\/yoast.com\/wordpress\/plugins\/seo\/ -->\n<title>Qu\u00e9 Pas\u00f3 con la Actriz de la Pel\u00edcula Emmanuelle? - Espa\u00e7o News<\/title>\n<meta name=\"description\" content=\"Qu\u00e9 Pas\u00f3 con la Actriz de la Pel\u00edcula Emmanuelle? La pel\u00edcula &quot;Emmanuelle&quot; marc\u00f3 la d\u00e9cada de 1990, especialmente entre...\" \/>\n<meta name=\"robots\" content=\"index, follow, max-snippet:-1, max-image-preview:large, max-video-preview:-1\" \/>\n<link rel=\"canonical\" href=\"https:\/\/espaconews.com\/en\/que-paso-con-la-actriz-de-la-pelicula-emmanuelle\/\" \/>\n<meta property=\"og:locale\" content=\"en_US\" \/>\n<meta property=\"og:type\" content=\"article\" \/>\n<meta property=\"og:title\" content=\"Qu\u00e9 Pas\u00f3 con la Actriz de la Pel\u00edcula Emmanuelle? - Espa\u00e7o News\" \/>\n<meta property=\"og:description\" content=\"Qu\u00e9 Pas\u00f3 con la Actriz de la Pel\u00edcula Emmanuelle? La pel\u00edcula &quot;Emmanuelle&quot; marc\u00f3 la d\u00e9cada de 1990, especialmente entre...\" \/>\n<meta property=\"og:url\" content=\"https:\/\/espaconews.com\/en\/que-paso-con-la-actriz-de-la-pelicula-emmanuelle\/\" \/>\n<meta property=\"og:site_name\" content=\"Espa\u00e7o News\" \/>\n<meta property=\"article:published_time\" content=\"2024-07-03T01:31:29+00:00\" \/>\n<meta property=\"og:image\" content=\"https:\/\/espaconews.com\/wp-content\/uploads\/sites\/142\/2024\/07\/P-550x350-1-1.jpg\" \/>\n\t<meta property=\"og:image:width\" content=\"550\" \/>\n\t<meta property=\"og:image:height\" content=\"350\" \/>\n\t<meta property=\"og:image:type\" content=\"image\/jpeg\" \/>\n<meta name=\"twitter:card\" content=\"summary_large_image\" \/>\n<meta name=\"twitter:label1\" content=\"Est. reading time\" \/>\n\t<meta name=\"twitter:data1\" content=\"4 minutes\" \/>\n<script type=\"application\/ld+json\" class=\"yoast-schema-graph\">{\"@context\":\"https:\/\/schema.org\",\"@graph\":[{\"@type\":\"WebPage\",\"@id\":\"https:\/\/espaconews.com\/en\/que-paso-con-la-actriz-de-la-pelicula-emmanuelle\/\",\"url\":\"https:\/\/espaconews.com\/en\/que-paso-con-la-actriz-de-la-pelicula-emmanuelle\/\",\"name\":\"Qu\u00e9 Pas\u00f3 con la Actriz de la Pel\u00edcula Emmanuelle? - Espa\u00e7o News\",\"isPartOf\":{\"@id\":\"https:\/\/espaconews.com\/#website\"},\"primaryImageOfPage\":{\"@id\":\"https:\/\/espaconews.com\/en\/que-paso-con-la-actriz-de-la-pelicula-emmanuelle\/#primaryimage\"},\"image\":{\"@id\":\"https:\/\/espaconews.com\/en\/que-paso-con-la-actriz-de-la-pelicula-emmanuelle\/#primaryimage\"},\"thumbnailUrl\":\"http:\/\/espaconews.com\/wp-content\/uploads\/sites\/142\/2024\/07\/P-550x350-1-1.jpg\",\"datePublished\":\"2024-07-03T01:31:29+00:00\",\"dateModified\":\"2024-07-03T01:31:29+00:00\",\"author\":{\"@id\":\"\"},\"description\":\"Qu\u00e9 Pas\u00f3 con la Actriz de la Pel\u00edcula Emmanuelle? La pel\u00edcula \\\"Emmanuelle\\\" marc\u00f3 la d\u00e9cada de 1990, especialmente entre...\",\"breadcrumb\":{\"@id\":\"https:\/\/espaconews.com\/en\/que-paso-con-la-actriz-de-la-pelicula-emmanuelle\/#breadcrumb\"},\"inLanguage\":\"en-US\",\"potentialAction\":[{\"@type\":\"ReadAction\",\"target\":[\"https:\/\/espaconews.com\/en\/que-paso-con-la-actriz-de-la-pelicula-emmanuelle\/\"]}]},{\"@type\":\"ImageObject\",\"inLanguage\":\"en-US\",\"@id\":\"https:\/\/espaconews.com\/en\/que-paso-con-la-actriz-de-la-pelicula-emmanuelle\/#primaryimage\",\"url\":\"http:\/\/espaconews.com\/wp-content\/uploads\/sites\/142\/2024\/07\/P-550x350-1-1.jpg\",\"contentUrl\":\"http:\/\/espaconews.com\/wp-content\/uploads\/sites\/142\/2024\/07\/P-550x350-1-1.jpg\",\"width\":550,\"height\":350,\"caption\":\"Qu\u00e9 Pas\u00f3 con la Actriz de la Pel\u00edcula Emmanuelle?\"},{\"@type\":\"BreadcrumbList\",\"@id\":\"https:\/\/espaconews.com\/en\/que-paso-con-la-actriz-de-la-pelicula-emmanuelle\/#breadcrumb\",\"itemListElement\":[{\"@type\":\"ListItem\",\"position\":1,\"name\":\"Home\",\"item\":\"https:\/\/espaconews.com\/\"},{\"@type\":\"ListItem\",\"position\":2,\"name\":\"Qu\u00e9 Pas\u00f3 con la Actriz de la Pel\u00edcula Emmanuelle?\"}]},{\"@type\":\"WebSite\",\"@id\":\"https:\/\/espaconews.com\/#website\",\"url\":\"https:\/\/espaconews.com\/\",\"name\":\"Espa\u00e7o News\",\"description\":\"\",\"potentialAction\":[{\"@type\":\"SearchAction\",\"target\":{\"@type\":\"EntryPoint\",\"urlTemplate\":\"https:\/\/espaconews.com\/?s={search_term_string}\"},\"query-input\":\"required name=search_term_string\"}],\"inLanguage\":\"en-US\"}]}<\/script>\n<!-- \/ Yoast SEO plugin. -->","yoast_head_json":{"title":"Qu\u00e9 Pas\u00f3 con la Actriz de la Pel\u00edcula Emmanuelle? - Espa\u00e7o News","description":"Qu\u00e9 Pas\u00f3 con la Actriz de la Pel\u00edcula Emmanuelle? La pel\u00edcula \"Emmanuelle\" marc\u00f3 la d\u00e9cada de 1990, especialmente entre...","robots":{"index":"index","follow":"follow","max-snippet":"max-snippet:-1","max-image-preview":"max-image-preview:large","max-video-preview":"max-video-preview:-1"},"canonical":"https:\/\/espaconews.com\/en\/que-paso-con-la-actriz-de-la-pelicula-emmanuelle\/","og_locale":"en_US","og_type":"article","og_title":"Qu\u00e9 Pas\u00f3 con la Actriz de la Pel\u00edcula Emmanuelle? - Espa\u00e7o News","og_description":"Qu\u00e9 Pas\u00f3 con la Actriz de la Pel\u00edcula Emmanuelle? La pel\u00edcula \"Emmanuelle\" marc\u00f3 la d\u00e9cada de 1990, especialmente entre...","og_url":"https:\/\/espaconews.com\/en\/que-paso-con-la-actriz-de-la-pelicula-emmanuelle\/","og_site_name":"Espa\u00e7o News","article_published_time":"2024-07-03T01:31:29+00:00","og_image":[{"width":550,"height":350,"url":"https:\/\/espaconews.com\/wp-content\/uploads\/sites\/142\/2024\/07\/P-550x350-1-1.jpg","type":"image\/jpeg"}],"twitter_card":"summary_large_image","twitter_misc":{"Est. reading time":"4 minutes"},"schema":{"@context":"https:\/\/schema.org","@graph":[{"@type":"WebPage","@id":"https:\/\/espaconews.com\/en\/que-paso-con-la-actriz-de-la-pelicula-emmanuelle\/","url":"https:\/\/espaconews.com\/en\/que-paso-con-la-actriz-de-la-pelicula-emmanuelle\/","name":"Qu\u00e9 Pas\u00f3 con la Actriz de la Pel\u00edcula Emmanuelle? - Espa\u00e7o News","isPartOf":{"@id":"https:\/\/espaconews.com\/#website"},"primaryImageOfPage":{"@id":"https:\/\/espaconews.com\/en\/que-paso-con-la-actriz-de-la-pelicula-emmanuelle\/#primaryimage"},"image":{"@id":"https:\/\/espaconews.com\/en\/que-paso-con-la-actriz-de-la-pelicula-emmanuelle\/#primaryimage"},"thumbnailUrl":"http:\/\/espaconews.com\/wp-content\/uploads\/sites\/142\/2024\/07\/P-550x350-1-1.jpg","datePublished":"2024-07-03T01:31:29+00:00","dateModified":"2024-07-03T01:31:29+00:00","author":{"@id":""},"description":"Qu\u00e9 Pas\u00f3 con la Actriz de la Pel\u00edcula Emmanuelle? La pel\u00edcula \"Emmanuelle\" marc\u00f3 la d\u00e9cada de 1990, especialmente entre...","breadcrumb":{"@id":"https:\/\/espaconews.com\/en\/que-paso-con-la-actriz-de-la-pelicula-emmanuelle\/#breadcrumb"},"inLanguage":"en-US","potentialAction":[{"@type":"ReadAction","target":["https:\/\/espaconews.com\/en\/que-paso-con-la-actriz-de-la-pelicula-emmanuelle\/"]}]},{"@type":"ImageObject","inLanguage":"en-US","@id":"https:\/\/espaconews.com\/en\/que-paso-con-la-actriz-de-la-pelicula-emmanuelle\/#primaryimage","url":"http:\/\/espaconews.com\/wp-content\/uploads\/sites\/142\/2024\/07\/P-550x350-1-1.jpg","contentUrl":"http:\/\/espaconews.com\/wp-content\/uploads\/sites\/142\/2024\/07\/P-550x350-1-1.jpg","width":550,"height":350,"caption":"Qu\u00e9 Pas\u00f3 con la Actriz de la Pel\u00edcula Emmanuelle?"},{"@type":"BreadcrumbList","@id":"https:\/\/espaconews.com\/en\/que-paso-con-la-actriz-de-la-pelicula-emmanuelle\/#breadcrumb","itemListElement":[{"@type":"ListItem","position":1,"name":"Home","item":"https:\/\/espaconews.com\/"},{"@type":"ListItem","position":2,"name":"Qu\u00e9 Pas\u00f3 con la Actriz de la Pel\u00edcula Emmanuelle?"}]},{"@type":"WebSite","@id":"https:\/\/espaconews.com\/#website","url":"https:\/\/espaconews.com\/","name":"Espa\u00e7o News","description":"","potentialAction":[{"@type":"SearchAction","target":{"@type":"EntryPoint","urlTemplate":"https:\/\/espaconews.com\/?s={search_term_string}"},"query-input":"required name=search_term_string"}],"inLanguage":"en-US"}]}},"_links":{"self":[{"href":"http:\/\/espaconews.com\/en\/wp-json\/wp\/v2\/posts\/1149"}],"collection":[{"href":"http:\/\/espaconews.com\/en\/wp-json\/wp\/v2\/posts"}],"about":[{"href":"http:\/\/espaconews.com\/en\/wp-json\/wp\/v2\/types\/post"}],"replies":[{"embeddable":true,"href":"http:\/\/espaconews.com\/en\/wp-json\/wp\/v2\/comments?post=1149"}],"version-history":[{"count":0,"href":"http:\/\/espaconews.com\/en\/wp-json\/wp\/v2\/posts\/1149\/revisions"}],"wp:featuredmedia":[{"embeddable":true,"href":"http:\/\/espaconews.com\/en\/wp-json\/wp\/v2\/media\/1150"}],"wp:attachment":[{"href":"http:\/\/espaconews.com\/en\/wp-json\/wp\/v2\/media?parent=1149"}],"wp:term":[{"taxonomy":"category","embeddable":true,"href":"http:\/\/espaconews.com\/en\/wp-json\/wp\/v2\/categories?post=1149"},{"taxonomy":"post_tag","embeddable":true,"href":"http:\/\/espaconews.com\/en\/wp-json\/wp\/v2\/tags?post=1149"}],"curies":[{"name":"wp","href":"https:\/\/api.w.org\/{rel}","templated":true}]}}