{"id":2895,"date":"2025-10-29T16:41:48","date_gmt":"2025-10-29T19:41:48","guid":{"rendered":"https:\/\/espaconews.com\/?p=2895"},"modified":"2025-10-29T16:41:53","modified_gmt":"2025-10-29T19:41:53","slug":"beneficios-para-madres-y-padres-trabajadores","status":"publish","type":"post","link":"http:\/\/espaconews.com\/de\/beneficios-para-madres-y-padres-trabajadores\/","title":{"rendered":"Vorteile f\u00fcr berufst\u00e4tige M\u00fctter und V\u00e4ter"},"content":{"rendered":"<p class=\"has-text-align-center\">In Mexiko, <strong>Vorteile f\u00fcr berufst\u00e4tige M\u00fctter und V\u00e4ter<\/strong> Sie gehen \u00fcber einfache finanzielle Unterst\u00fctzung hinaus:<\/p>\n\n\n\n<figure class=\"wp-block-gallery aligncenter has-nested-images columns-default is-cropped wp-block-gallery-1 is-layout-flex wp-block-gallery-is-layout-flex\">\n<figure class=\"wp-block-image size-full\"><img loading=\"lazy\" decoding=\"async\" width=\"550\" height=\"350\" data-id=\"2897\" src=\"https:\/\/espaconews.com\/wp-content\/uploads\/sites\/142\/2025\/10\/DESTAQUE-ESPACO-54-1.jpg\" alt=\"\" class=\"wp-image-2897\" srcset=\"http:\/\/espaconews.com\/wp-content\/uploads\/sites\/142\/2025\/10\/DESTAQUE-ESPACO-54-1.jpg 550w, http:\/\/espaconews.com\/wp-content\/uploads\/sites\/142\/2025\/10\/DESTAQUE-ESPACO-54-1-300x191.jpg 300w, http:\/\/espaconews.com\/wp-content\/uploads\/sites\/142\/2025\/10\/DESTAQUE-ESPACO-54-1-18x12.jpg 18w\" sizes=\"(max-width: 550px) 100vw, 550px\" \/><figcaption class=\"wp-element-caption\">CANVA<\/figcaption><\/figure>\n<\/figure>\n\n\n\n<p class=\"has-text-align-center\">Hierbei handelt es sich um Rechte und Programme, die darauf abzielen, Berufs- und Familienleben in Einklang zu bringen.<\/p>\n\n\n\n<p class=\"has-text-align-center\">Laut INEGI werden rund 11 % der Haushalte von einer Einzelperson (Mutter, Vater oder Vormund) gef\u00fchrt, was den dringenden Bedarf an starker Unterst\u00fctzung unterstreicht.<\/p>\n\n\n\n<p>Das Unterst\u00fctzungsprogramm f\u00fcr das Wohlbefinden von Kindern berufst\u00e4tiger M\u00fctter bietet beispielsweise alle zwei Monate finanzielle Unterst\u00fctzung f\u00fcr Eltern, die arbeiten, studieren oder auf Jobsuche sind und keine Kinderbetreuung f\u00fcr ihre Kinder haben.<\/p>\n\n\n\n<p>Dar\u00fcber hinaus sieht das Bundesarbeitsrecht spezifische Rechte f\u00fcr V\u00e4ter vor, wie zum Beispiel Vaterschaftsurlaub und Kinderbetreuungsleistungen f\u00fcr die Kinder versicherter Arbeitnehmer.<\/p>\n\n\n\n<p>Eine gute Analogie zum Verst\u00e4ndnis:<\/p>\n\n\n\n<p>Der Zugang zu diesen Vorteilen ist wie ein sicheres Treppengel\u00e4nder; er beseitigt zwar nicht die Anstrengung vollst\u00e4ndig, verringert aber das Sturzrisiko erheblich.<\/p>\n\n\n\n<p>In diesem Fall tr\u00e4gt es dazu bei, dass die Anstrengungen der Arbeit und der Betreuung nicht zu extremer Ersch\u00f6pfung f\u00fchren.<\/p>\n\n\n\n<h2 class=\"wp-block-heading\">Wichtigste verf\u00fcgbare Besch\u00e4ftigungs- und Sozialleistungen<\/h2>\n\n\n\n<p>Bei der \u00dcberpr\u00fcfung der verf\u00fcgbaren Leistungen empfiehlt es sich, diese nach ihrer Art zu gruppieren: finanzielle Unterst\u00fctzung, Arbeitnehmerrechte und Pflegeleistungen.<\/p>\n\n\n\n<h3 class=\"wp-block-heading\"><strong>Direkte finanzielle Unterst\u00fctzung<\/strong><\/h3>\n\n\n\n<p>Das zuvor genannte Programm (Kinder berufst\u00e4tiger M\u00fctter) sieht ab 2025 folgende Betr\u00e4ge vor: <strong>$1 650 MXN alle zwei Monate<\/strong> f\u00fcr Kinder bis zu 4 Jahren und <strong>$3 720 MXN alle zwei Monate<\/strong> f\u00fcr Kinder mit Behinderungen bis zu 6 Jahren.<\/p>\n\n\n\n<p>Diese Ma\u00dfnahme erm\u00f6glicht es M\u00fcttern, alleinerziehenden V\u00e4tern oder Erziehungsberechtigten, ihrer Arbeit oder akademischen T\u00e4tigkeit nachzugehen, ohne die Betreuung von Minderj\u00e4hrigen zu vernachl\u00e4ssigen.<br><\/p>\n\n\n\n<p>Dies sind konkrete Beispiele daf\u00fcr, wie die <strong>Vorteile f\u00fcr berufst\u00e4tige M\u00fctter und V\u00e4ter<\/strong> Dies kann zu einer direkten Entlastung des Familienbudgets und zu mehr innerer Ruhe f\u00fchren, um sich auf die Arbeit konzentrieren zu k\u00f6nnen.<\/p>\n\n\n\n<h3 class=\"wp-block-heading\"><strong>Arbeitnehmerrechte und Pflegedienstleistungen<\/strong><\/h3>\n\n\n\n<p>Das Bundesarbeitsrecht legt fest, dass V\u00e4ter Anspruch auf Vaterschaftsurlaub haben (in der Regel f\u00fcnf bezahlte Arbeitstage).<\/p>\n\n\n\n<p>Arbeitnehmer, die bei der IMSS versichert sind, haben Zugang zu Kindertagesst\u00e4tten f\u00fcr Kinder unter 4 Jahren, was die Fortsetzung der Berufst\u00e4tigkeit von M\u00fcttern und V\u00e4tern erleichtert.<\/p>\n\n\n\n<p>Im Wirtschaftssektor empfehlen Organisationen wie UNICEF flexible Arbeitszeitmodelle, Telearbeitsm\u00f6glichkeiten und direkte Unterst\u00fctzung f\u00fcr Eltern bei der Kinderbetreuung, was die Kategorie der Leistungen f\u00fcr berufst\u00e4tige M\u00fctter und V\u00e4ter st\u00e4rkt.<\/p>\n\n\n\n<h3 class=\"wp-block-heading\"><strong>Kinderbetreuung und strukturelle Betreuungsdienste<\/strong><\/h3>\n\n\n\n<p>Das Kinderbetreuungsprogramm zur Unterst\u00fctzung berufst\u00e4tiger M\u00fctter aus den Vorjahren, das zwar nicht mehr in seiner urspr\u00fcnglichen Form aktiv ist, setzte einen Pr\u00e4zedenzfall, indem es die Kinderbetreuung f\u00fcr M\u00fctter subventionierte, die arbeiteten, studierten oder auf Arbeitssuche waren. <\/p>\n\n\n\n<p><br>Diese Art von Dienstleistung ist ein wichtiger Bestandteil der Leistungen f\u00fcr berufst\u00e4tige M\u00fctter und V\u00e4ter, da sie ihnen erm\u00f6glicht, einen Teil der Zeit und des Aufwands freizusetzen, die normalerweise f\u00fcr die Kinderbetreuung aufgewendet werden m\u00fcssten.<\/p>\n\n\n\n<h2 class=\"wp-block-heading\">Wie Sie diese Vorteile nutzen und optimal aussch\u00f6pfen k\u00f6nnen<\/h2>\n\n\n\n<p>Informationen zu haben ist n\u00fctzlich; sie anzuwenden ist entscheidend. Hier sind einige Strategien, die Ihnen helfen, das Beste daraus zu machen. <strong>Vorteile f\u00fcr berufst\u00e4tige M\u00fctter und V\u00e4ter<\/strong>.<\/p>\n\n\n\n<h3 class=\"wp-block-heading\"><strong>1. \u00dcberpr\u00fcfen Sie Ihre Anspruchsberechtigung und Ihre Unterlagen.<\/strong><\/h3>\n\n\n\n<p>Um im Jahr 2025 Anspruch auf staatliche Wirtschaftshilfen zu haben, m\u00fcssen bestimmte Voraussetzungen erf\u00fcllt werden:<\/p>\n\n\n\n<p>Als Mutter, alleinerziehender Vater oder Vormund eines minderj\u00e4hrigen Kindes, das die Alterskriterien erf\u00fcllt (bis zu 4 Jahre alt oder bis zu 6 Jahre im Falle einer Behinderung).<\/p>\n\n\n\n<p>Erwerbst\u00e4tig sein, studieren oder auf Jobsuche sein.<\/p>\n\n\n\n<p>Mangelnder Zugang zu institutionellen Kinderbetreuungseinrichtungen.<\/p>\n\n\n\n<p>Bitte bringen Sie folgende Dokumente mit: amtliche Ausweispapiere, CURP-Daten der Beteiligten, Geburtsurkunde des Minderj\u00e4hrigen und Adressnachweis.<\/p>\n\n\n\n<h3 class=\"wp-block-heading\"><strong>2. \u00dcberpr\u00fcfen Sie die Arbeitnehmerrechte in Ihrem Unternehmen oder Ihrer Branche.<\/strong><\/h3>\n\n\n\n<p>Pr\u00fcfen Sie, ob Ihr Unternehmen flexible Arbeitszeiten, Telearbeit oder betriebseigene Kinderbetreuung anbietet, die die offiziellen Sozialleistungen erg\u00e4nzen k\u00f6nnen.<\/p>\n\n\n\n<p>Pr\u00fcfen Sie, ob Ihr Vertrag oder Ihre Vereinbarung Verbesserungen beim Vaterschafts- oder Mutterschaftsurlaub vorsieht, die \u00fcber das gesetzliche Minimum hinausgehen.<br><\/p>\n\n\n\n<p>Diese Ma\u00dfnahmen erm\u00f6glichen es berufst\u00e4tigen M\u00fcttern und V\u00e4tern, die Leistungen besser zu nutzen und sich nicht allein auf das Mindestma\u00df zu verlassen.<\/p>\n\n\n\n<h3 class=\"wp-block-heading\"><strong>3. Planen Sie, wie die Unterst\u00fctzung in das Budget und den Tagesablauf integriert werden kann.<\/strong><\/h3>\n\n\n\n<p>Beispiel 1: Eine Mutter, die im Abenddienst arbeitet, beschlie\u00dft, die zweimonatliche finanzielle Unterst\u00fctzung zu nutzen, um eine \u00f6rtliche Kindertagesst\u00e4tte mit verl\u00e4ngerten \u00d6ffnungszeiten zu mieten, damit sie ungest\u00f6rt arbeiten kann.<\/p>\n\n\n\n<p><br>Beispiel 2: Ein Vater, der im Homeoffice arbeitet, handelt mit seinem Arbeitgeber eine komprimierte Vier-Tage-Woche aus; das Ergebnis: mehr Zeit mit seinem Sohn und weniger Stress durch Verkehr oder Pendeln.<\/p>\n\n\n\n<p><br>Diese Bilder zeigen, dass Vorteile f\u00fcr berufst\u00e4tige M\u00fctter und V\u00e4ter zu Hebeln werden k\u00f6nnen, um sowohl die Produktivit\u00e4t als auch das Wohlbefinden zu verbessern.<\/p>\n\n\n\n<h3 class=\"wp-block-heading\"><strong>4. Halten Sie Ihren Status aktuell und stellen Sie sicher, dass Sie die Prozesse einhalten.<\/strong><\/h3>\n\n\n\n<p>Die Programme erfordern, dass Sie Daten aktualisieren oder best\u00e4tigen, z. B. durch die Teilnahme an Hausbesuchen oder die Best\u00e4tigung, dass Ihre Daten korrekt sind.<\/p>\n\n\n\n<p>\u00c4ndern sich Ihre Lebensumst\u00e4nde (z. B. Besch\u00e4ftigung oder Wohnort), ist es ratsam, uns dies mitzuteilen, um den Verlust der Unterst\u00fctzung zu vermeiden.<\/p>\n\n\n\n<p><br>Diese Art der \u00dcberwachung gew\u00e4hrleistet, dass die Leistungen f\u00fcr berufst\u00e4tige M\u00fctter und V\u00e4ter weiterhin bestehen bleiben.<\/p>\n\n\n\n<h2 class=\"wp-block-heading\">Eine \u00dcbersichtstabelle der Betr\u00e4ge und Methoden<\/h2>\n\n\n\n<figure class=\"wp-block-table\"><table><thead><tr><th>Programmmodalit\u00e4t<\/th><th>Alter des Kindes<\/th><th>Gesch\u00e4tzter zweimonatlicher Betrag 2025<\/th><\/tr><\/thead><tbody><tr><td>Kinder bis zu 4 Jahren<\/td><td>Von der Geburt bis einen Tag vor dem 4. Lebensjahr<\/td><td><strong>$1 650 MXN<\/strong><\/td><\/tr><tr><td>Kinder mit Behinderungen bis zu 6 Jahren<\/td><td>Von der Geburt bis einen Tag vor dem 6. Lebensjahr<\/td><td><strong>$3 720 MXN<\/strong><\/td><\/tr><\/tbody><\/table><figcaption class=\"wp-element-caption\">Vorteile f\u00fcr berufst\u00e4tige M\u00fctter und V\u00e4ter<br><\/figcaption><\/figure>\n\n\n\n<p>Diese Tabelle veranschaulicht, wie die Leistungen f\u00fcr berufst\u00e4tige M\u00fctter und V\u00e4ter f\u00fcr verschiedene Situationen strukturiert sind und so die Familien- und Berufsplanung erleichtern.<\/p>\n\n\n\n<figure class=\"wp-block-gallery aligncenter has-nested-images columns-default is-cropped wp-block-gallery-2 is-layout-flex wp-block-gallery-is-layout-flex\">\n<figure class=\"wp-block-image size-full\"><img loading=\"lazy\" decoding=\"async\" width=\"550\" height=\"350\" data-id=\"2898\" src=\"https:\/\/espaconews.com\/wp-content\/uploads\/sites\/142\/2025\/10\/DESTAQUE-ESPACO-53.jpg\" alt=\"\" class=\"wp-image-2898\" srcset=\"http:\/\/espaconews.com\/wp-content\/uploads\/sites\/142\/2025\/10\/DESTAQUE-ESPACO-53.jpg 550w, http:\/\/espaconews.com\/wp-content\/uploads\/sites\/142\/2025\/10\/DESTAQUE-ESPACO-53-300x191.jpg 300w, http:\/\/espaconews.com\/wp-content\/uploads\/sites\/142\/2025\/10\/DESTAQUE-ESPACO-53-18x12.jpg 18w\" sizes=\"(max-width: 550px) 100vw, 550px\" \/><figcaption class=\"wp-element-caption\">CANVA<\/figcaption><\/figure>\n<\/figure>\n\n\n\n<p>Mehr lesen:\u00a0<a href=\"http:\/\/espaconews.com\/de\/beneficios-sociales-mas-importantes-en-2025\/\">Wichtigste Sozialleistungen im Jahr 2025<\/a><\/p>\n\n\n\n<h2 class=\"wp-block-heading\">Wichtige \u00dcberlegungen und Einschr\u00e4nkungen, die zu beachten sind<\/h2>\n\n\n\n<p>Obwohl die Vorteile wertvoll sind, ist es wichtig, auch ihre Grenzen zu kennen, um unrealistische Erwartungen zu vermeiden.<\/p>\n\n\n\n<p>Nicht alle F\u00f6rderprogramme decken alle Bed\u00fcrfnisse der Kinderbetreuung ab: Aktive Einbindung der Eltern, Wahl privater Kinderkrippen oder andere Vorkehrungen sind weiterhin erforderlich.<\/p>\n\n\n\n<p>Manche Arbeitnehmerrechte h\u00e4ngen vom Unternehmen oder vom Tarifvertrag ab; das hei\u00dft, die tats\u00e4chlichen Leistungen variieren je nach Arbeitgeber.<\/p>\n\n\n\n<p>Die finanziellen Betr\u00e4ge decken m\u00f6glicherweise nicht alle berufsbedingten Ausgaben und Kinderbetreuungskosten ab; sie m\u00fcssen mit anderen Zeit- und Ressourcenmanagementstrategien kombiniert werden.<\/p>\n\n\n\n<h2 class=\"wp-block-heading\">Abschluss<\/h2>\n\n\n\n<p>Der <strong>Vorteile f\u00fcr berufst\u00e4tige M\u00fctter und V\u00e4ter<\/strong> In Mexiko bieten sie eine echte Chance, Berufsleben und Kinderbetreuung in Einklang zu bringen, die Produktivit\u00e4t zu steigern und die wirtschaftliche und emotionale Belastung durch die Kindererziehung zu verringern.<\/p>\n\n\n\n<p>Wenn Sie finanzielle Unterst\u00fctzung, Arbeitnehmerrechte und Betreuungsleistungen mit einer pers\u00f6nlichen Strategie f\u00fcr den Umgang mit Zeit und Ressourcen kombinieren, erzielen Sie eine sp\u00fcrbare Verbesserung Ihres Wohlbefindens.<\/p>\n\n\n\n<p>Warum warten, bis es jemand anderes umsetzt, wenn Sie diese Vorteile schon heute nutzen k\u00f6nnen?<\/p>\n\n\n\n<p>Indem Sie sich informieren, recherchieren und planen, sorgen Sie daf\u00fcr, dass diese Ressourcen f\u00fcr Sie arbeiten und nicht gegen Sie.<\/p>\n\n\n\n<p>Beginnen Sie damit, zu pr\u00fcfen, welche Unterst\u00fctzung Sie diesen Monat beantragen k\u00f6nnen, und integrieren Sie dies in Ihre Familien- und Berufsstrategie.<\/p>\n\n\n\n<p>Mehr lesen:\u00a0<a href=\"http:\/\/espaconews.com\/de\/como-ahorrar-en-facturas-de-electricidad\/\">Wie man Stromkosten sparen kann<\/a><\/p>\n\n\n\n<h2 class=\"wp-block-heading\">H\u00e4ufig gestellte Fragen (FAQ)<\/h2>\n\n\n\n<p><strong>Wer kann Kinderbetreuungsgeld beantragen?<\/strong><br><\/p>\n\n\n\n<p>Jede Mutter, jeder alleinerziehende Vater oder Erziehungsberechtigte, der\/die arbeitet, studiert oder auf Arbeitssuche ist und der\/die minderj\u00e4hrige Kinder im festgelegten Alter (bis zu 4 oder bis zu 6 Jahre im Falle einer Behinderung) hat und der\/die keinen Zugang zu \u00f6ffentlichen Kinderbetreuungsdiensten hat.<\/p>\n\n\n\n<p><strong>Wie lange dauert die finanzielle Unterst\u00fctzung?<\/strong><br>Das h\u00e4ngt vom Alter des Kindes und der Art des Programms ab; zum Beispiel bis kurz vor dem 4. Lebensjahr oder bis zum 6. Lebensjahr im Falle einer Behinderung.<\/p>\n\n\n\n<p>Dann k\u00f6nnen sich die Anforderungen \u00e4ndern. <\/p>\n\n\n\n<p><strong>L\u00e4sst es sich mit anderen Arbeitnehmerrechten kombinieren?<\/strong><br><\/p>\n\n\n\n<p>Ja. Zu den Sozialleistungen kommen Arbeitnehmerrechte wie die gesetzliche Kinderbetreuung oder der Vaterschafts-\/Mutterschaftsurlaub hinzu, au\u00dferdem gibt es interne Unternehmensrichtlinien, die die Vereinbarkeit von Beruf und Familie f\u00f6rdern.<\/p>\n\n\n\n<p><strong>Was passiert, wenn ich den Job wechsle oder mein Studium abbreche? Verliere ich dann meine Unterst\u00fctzung?<\/strong><br>Wenn sich Ihre T\u00e4tigkeit oder Ihr Besch\u00e4ftigungsstatus \u00e4ndert, wird empfohlen, das entsprechende Programm zu informieren, um zu best\u00e4tigen, dass Sie die Anforderungen weiterhin erf\u00fcllen.<\/p>\n\n\n\n<p>Einige \u00c4nderungen k\u00f6nnen die Teilnahmeberechtigung beeinflussen.<\/p>","protected":false},"excerpt":{"rendered":"<p>En M\u00e9xico, los beneficios para madres y padres trabajadores van m\u00e1s all\u00e1 de un simple apoyo econ\u00f3mico: Son derechos y programas dise\u00f1ados para equilibrar la vida laboral y la crianza. Seg\u00fan la INEGI, alrededor del 11 % de los hogares est\u00e1n encabezados por una sola persona (madre, padre o tutor), lo que evidencia la urgencia [&hellip;]<\/p>","protected":false},"author":219,"featured_media":2896,"comment_status":"closed","ping_status":"open","sticky":false,"template":"","format":"standard","meta":{"footnotes":""},"categories":[3],"tags":[],"yoast_head":"<!-- This site is optimized with the Yoast SEO plugin v23.3 - https:\/\/yoast.com\/wordpress\/plugins\/seo\/ -->\n<title>Beneficios para madres y padres trabajadores - Espa\u00e7o News<\/title>\n<meta name=\"description\" content=\"En M\u00e9xico, los beneficios para madres y padres trabajadores van m\u00e1s all\u00e1 de un simple apoyo econ\u00f3mico: Son derechos y programas dise\u00f1ados...\" \/>\n<meta name=\"robots\" content=\"index, follow, max-snippet:-1, max-image-preview:large, max-video-preview:-1\" \/>\n<link rel=\"canonical\" href=\"http:\/\/espaconews.com\/de\/beneficios-para-madres-y-padres-trabajadores\/\" \/>\n<meta property=\"og:locale\" content=\"de_DE\" \/>\n<meta property=\"og:type\" content=\"article\" \/>\n<meta property=\"og:title\" content=\"Beneficios para madres y padres trabajadores - Espa\u00e7o News\" \/>\n<meta property=\"og:description\" content=\"En M\u00e9xico, los beneficios para madres y padres trabajadores van m\u00e1s all\u00e1 de un simple apoyo econ\u00f3mico: Son derechos y programas dise\u00f1ados...\" \/>\n<meta property=\"og:url\" content=\"http:\/\/espaconews.com\/de\/beneficios-para-madres-y-padres-trabajadores\/\" \/>\n<meta property=\"og:site_name\" content=\"Espa\u00e7o News\" \/>\n<meta property=\"article:published_time\" content=\"2025-10-29T19:41:48+00:00\" \/>\n<meta property=\"article:modified_time\" content=\"2025-10-29T19:41:53+00:00\" \/>\n<meta property=\"og:image\" content=\"http:\/\/espaconews.com\/wp-content\/uploads\/sites\/142\/2025\/10\/DESTAQUE-ESPACO-54.jpg\" \/>\n\t<meta property=\"og:image:width\" content=\"550\" \/>\n\t<meta property=\"og:image:height\" content=\"350\" \/>\n\t<meta property=\"og:image:type\" content=\"image\/jpeg\" \/>\n<meta name=\"author\" content=\"Matheus Sangaletti\" \/>\n<meta name=\"twitter:card\" content=\"summary_large_image\" \/>\n<meta name=\"twitter:label1\" content=\"Written by\" \/>\n\t<meta name=\"twitter:data1\" content=\"Matheus Sangaletti\" \/>\n\t<meta name=\"twitter:label2\" content=\"Est. reading time\" \/>\n\t<meta name=\"twitter:data2\" content=\"8 Minuten\" \/>\n<script type=\"application\/ld+json\" class=\"yoast-schema-graph\">{\"@context\":\"https:\/\/schema.org\",\"@graph\":[{\"@type\":\"WebPage\",\"@id\":\"http:\/\/espaconews.com\/fr\/beneficios-para-madres-y-padres-trabajadores\/\",\"url\":\"http:\/\/espaconews.com\/fr\/beneficios-para-madres-y-padres-trabajadores\/\",\"name\":\"Beneficios para madres y padres trabajadores - Espa\u00e7o News\",\"isPartOf\":{\"@id\":\"https:\/\/espaconews.com\/#website\"},\"primaryImageOfPage\":{\"@id\":\"http:\/\/espaconews.com\/fr\/beneficios-para-madres-y-padres-trabajadores\/#primaryimage\"},\"image\":{\"@id\":\"http:\/\/espaconews.com\/fr\/beneficios-para-madres-y-padres-trabajadores\/#primaryimage\"},\"thumbnailUrl\":\"http:\/\/espaconews.com\/wp-content\/uploads\/sites\/142\/2025\/10\/DESTAQUE-ESPACO-54.jpg\",\"datePublished\":\"2025-10-29T19:41:48+00:00\",\"dateModified\":\"2025-10-29T19:41:53+00:00\",\"author\":{\"@id\":\"https:\/\/espaconews.com\/#\/schema\/person\/92fcd07e9b1f4323bf74f3170fc0f78a\"},\"description\":\"En M\u00e9xico, los beneficios para madres y padres trabajadores van m\u00e1s all\u00e1 de un simple apoyo econ\u00f3mico: Son derechos y programas dise\u00f1ados...\",\"breadcrumb\":{\"@id\":\"http:\/\/espaconews.com\/fr\/beneficios-para-madres-y-padres-trabajadores\/#breadcrumb\"},\"inLanguage\":\"de-DE\",\"potentialAction\":[{\"@type\":\"ReadAction\",\"target\":[\"http:\/\/espaconews.com\/fr\/beneficios-para-madres-y-padres-trabajadores\/\"]}]},{\"@type\":\"ImageObject\",\"inLanguage\":\"de-DE\",\"@id\":\"http:\/\/espaconews.com\/fr\/beneficios-para-madres-y-padres-trabajadores\/#primaryimage\",\"url\":\"http:\/\/espaconews.com\/wp-content\/uploads\/sites\/142\/2025\/10\/DESTAQUE-ESPACO-54.jpg\",\"contentUrl\":\"http:\/\/espaconews.com\/wp-content\/uploads\/sites\/142\/2025\/10\/DESTAQUE-ESPACO-54.jpg\",\"width\":550,\"height\":350},{\"@type\":\"BreadcrumbList\",\"@id\":\"http:\/\/espaconews.com\/fr\/beneficios-para-madres-y-padres-trabajadores\/#breadcrumb\",\"itemListElement\":[{\"@type\":\"ListItem\",\"position\":1,\"name\":\"Home\",\"item\":\"https:\/\/espaconews.com\/\"},{\"@type\":\"ListItem\",\"position\":2,\"name\":\"Beneficios para madres y padres trabajadores\"}]},{\"@type\":\"WebSite\",\"@id\":\"https:\/\/espaconews.com\/#website\",\"url\":\"https:\/\/espaconews.com\/\",\"name\":\"Espa\u00e7o News\",\"description\":\"\",\"potentialAction\":[{\"@type\":\"SearchAction\",\"target\":{\"@type\":\"EntryPoint\",\"urlTemplate\":\"https:\/\/espaconews.com\/?s={search_term_string}\"},\"query-input\":\"required name=search_term_string\"}],\"inLanguage\":\"de-DE\"},{\"@type\":\"Person\",\"@id\":\"https:\/\/espaconews.com\/#\/schema\/person\/92fcd07e9b1f4323bf74f3170fc0f78a\",\"name\":\"Matheus Sangaletti\",\"image\":{\"@type\":\"ImageObject\",\"inLanguage\":\"de-DE\",\"@id\":\"https:\/\/espaconews.com\/#\/schema\/person\/image\/\",\"url\":\"http:\/\/2.gravatar.com\/avatar\/280ea957a14a48e6a1ad2133d2cc27c9?s=96&d=mm&r=g\",\"contentUrl\":\"http:\/\/2.gravatar.com\/avatar\/280ea957a14a48e6a1ad2133d2cc27c9?s=96&d=mm&r=g\",\"caption\":\"Matheus Sangaletti\"},\"url\":\"http:\/\/espaconews.com\/de\/author\/matheuss\/\"}]}<\/script>\n<!-- \/ Yoast SEO plugin. -->","yoast_head_json":{"title":"Beneficios para madres y padres trabajadores - Espa\u00e7o News","description":"En M\u00e9xico, los beneficios para madres y padres trabajadores van m\u00e1s all\u00e1 de un simple apoyo econ\u00f3mico: Son derechos y programas dise\u00f1ados...","robots":{"index":"index","follow":"follow","max-snippet":"max-snippet:-1","max-image-preview":"max-image-preview:large","max-video-preview":"max-video-preview:-1"},"canonical":"http:\/\/espaconews.com\/de\/beneficios-para-madres-y-padres-trabajadores\/","og_locale":"de_DE","og_type":"article","og_title":"Beneficios para madres y padres trabajadores - Espa\u00e7o News","og_description":"En M\u00e9xico, los beneficios para madres y padres trabajadores van m\u00e1s all\u00e1 de un simple apoyo econ\u00f3mico: Son derechos y programas dise\u00f1ados...","og_url":"http:\/\/espaconews.com\/de\/beneficios-para-madres-y-padres-trabajadores\/","og_site_name":"Espa\u00e7o News","article_published_time":"2025-10-29T19:41:48+00:00","article_modified_time":"2025-10-29T19:41:53+00:00","og_image":[{"width":550,"height":350,"url":"http:\/\/espaconews.com\/wp-content\/uploads\/sites\/142\/2025\/10\/DESTAQUE-ESPACO-54.jpg","type":"image\/jpeg"}],"author":"Matheus Sangaletti","twitter_card":"summary_large_image","twitter_misc":{"Written by":"Matheus Sangaletti","Est. reading time":"8 Minuten"},"schema":{"@context":"https:\/\/schema.org","@graph":[{"@type":"WebPage","@id":"http:\/\/espaconews.com\/fr\/beneficios-para-madres-y-padres-trabajadores\/","url":"http:\/\/espaconews.com\/fr\/beneficios-para-madres-y-padres-trabajadores\/","name":"Beneficios para madres y padres trabajadores - Espa\u00e7o News","isPartOf":{"@id":"https:\/\/espaconews.com\/#website"},"primaryImageOfPage":{"@id":"http:\/\/espaconews.com\/fr\/beneficios-para-madres-y-padres-trabajadores\/#primaryimage"},"image":{"@id":"http:\/\/espaconews.com\/fr\/beneficios-para-madres-y-padres-trabajadores\/#primaryimage"},"thumbnailUrl":"http:\/\/espaconews.com\/wp-content\/uploads\/sites\/142\/2025\/10\/DESTAQUE-ESPACO-54.jpg","datePublished":"2025-10-29T19:41:48+00:00","dateModified":"2025-10-29T19:41:53+00:00","author":{"@id":"https:\/\/espaconews.com\/#\/schema\/person\/92fcd07e9b1f4323bf74f3170fc0f78a"},"description":"En M\u00e9xico, los beneficios para madres y padres trabajadores van m\u00e1s all\u00e1 de un simple apoyo econ\u00f3mico: Son derechos y programas dise\u00f1ados...","breadcrumb":{"@id":"http:\/\/espaconews.com\/fr\/beneficios-para-madres-y-padres-trabajadores\/#breadcrumb"},"inLanguage":"de-DE","potentialAction":[{"@type":"ReadAction","target":["http:\/\/espaconews.com\/fr\/beneficios-para-madres-y-padres-trabajadores\/"]}]},{"@type":"ImageObject","inLanguage":"de-DE","@id":"http:\/\/espaconews.com\/fr\/beneficios-para-madres-y-padres-trabajadores\/#primaryimage","url":"http:\/\/espaconews.com\/wp-content\/uploads\/sites\/142\/2025\/10\/DESTAQUE-ESPACO-54.jpg","contentUrl":"http:\/\/espaconews.com\/wp-content\/uploads\/sites\/142\/2025\/10\/DESTAQUE-ESPACO-54.jpg","width":550,"height":350},{"@type":"BreadcrumbList","@id":"http:\/\/espaconews.com\/fr\/beneficios-para-madres-y-padres-trabajadores\/#breadcrumb","itemListElement":[{"@type":"ListItem","position":1,"name":"Home","item":"https:\/\/espaconews.com\/"},{"@type":"ListItem","position":2,"name":"Beneficios para madres y padres trabajadores"}]},{"@type":"WebSite","@id":"https:\/\/espaconews.com\/#website","url":"https:\/\/espaconews.com\/","name":"Espa\u00e7o News","description":"","potentialAction":[{"@type":"SearchAction","target":{"@type":"EntryPoint","urlTemplate":"https:\/\/espaconews.com\/?s={search_term_string}"},"query-input":"required name=search_term_string"}],"inLanguage":"de-DE"},{"@type":"Person","@id":"https:\/\/espaconews.com\/#\/schema\/person\/92fcd07e9b1f4323bf74f3170fc0f78a","name":"Matheus Sangaletti","image":{"@type":"ImageObject","inLanguage":"de-DE","@id":"https:\/\/espaconews.com\/#\/schema\/person\/image\/","url":"http:\/\/2.gravatar.com\/avatar\/280ea957a14a48e6a1ad2133d2cc27c9?s=96&d=mm&r=g","contentUrl":"http:\/\/2.gravatar.com\/avatar\/280ea957a14a48e6a1ad2133d2cc27c9?s=96&d=mm&r=g","caption":"Matheus Sangaletti"},"url":"http:\/\/espaconews.com\/de\/author\/matheuss\/"}]}},"_links":{"self":[{"href":"http:\/\/espaconews.com\/de\/wp-json\/wp\/v2\/posts\/2895"}],"collection":[{"href":"http:\/\/espaconews.com\/de\/wp-json\/wp\/v2\/posts"}],"about":[{"href":"http:\/\/espaconews.com\/de\/wp-json\/wp\/v2\/types\/post"}],"author":[{"embeddable":true,"href":"http:\/\/espaconews.com\/de\/wp-json\/wp\/v2\/users\/219"}],"replies":[{"embeddable":true,"href":"http:\/\/espaconews.com\/de\/wp-json\/wp\/v2\/comments?post=2895"}],"version-history":[{"count":1,"href":"http:\/\/espaconews.com\/de\/wp-json\/wp\/v2\/posts\/2895\/revisions"}],"predecessor-version":[{"id":2899,"href":"http:\/\/espaconews.com\/de\/wp-json\/wp\/v2\/posts\/2895\/revisions\/2899"}],"wp:featuredmedia":[{"embeddable":true,"href":"http:\/\/espaconews.com\/de\/wp-json\/wp\/v2\/media\/2896"}],"wp:attachment":[{"href":"http:\/\/espaconews.com\/de\/wp-json\/wp\/v2\/media?parent=2895"}],"wp:term":[{"taxonomy":"category","embeddable":true,"href":"http:\/\/espaconews.com\/de\/wp-json\/wp\/v2\/categories?post=2895"},{"taxonomy":"post_tag","embeddable":true,"href":"http:\/\/espaconews.com\/de\/wp-json\/wp\/v2\/tags?post=2895"}],"curies":[{"name":"wp","href":"https:\/\/api.w.org\/{rel}","templated":true}]}}