{"id":2764,"date":"2025-10-17T14:58:26","date_gmt":"2025-10-17T17:58:26","guid":{"rendered":"https:\/\/espaconews.com\/?p=2764"},"modified":"2025-10-17T14:58:28","modified_gmt":"2025-10-17T17:58:28","slug":"tendencias-del-mercado-laboral-global","status":"publish","type":"post","link":"http:\/\/espaconews.com\/de\/tendencias-del-mercado-laboral-global\/","title":{"rendered":"Globale Arbeitsmarkttrends"},"content":{"rendered":"<p class=\"has-text-align-center\"><strong>Globale Arbeitsmarkttrends<\/strong> Sie zeigen ein komplexes Bild, in dem Technologie, Wirtschaft, Demografie und Sozialpolitik zusammenlaufen.<\/p>\n\n\n\n<figure class=\"wp-block-gallery aligncenter has-nested-images columns-default is-cropped wp-block-gallery-1 is-layout-flex wp-block-gallery-is-layout-flex\">\n<figure class=\"wp-block-image size-full\"><img loading=\"lazy\" decoding=\"async\" width=\"550\" height=\"350\" data-id=\"2766\" src=\"https:\/\/espaconews.com\/wp-content\/uploads\/sites\/142\/2025\/10\/DESTAQUE-ESPACO-33-1.jpg\" alt=\"\" class=\"wp-image-2766\" srcset=\"http:\/\/espaconews.com\/wp-content\/uploads\/sites\/142\/2025\/10\/DESTAQUE-ESPACO-33-1.jpg 550w, http:\/\/espaconews.com\/wp-content\/uploads\/sites\/142\/2025\/10\/DESTAQUE-ESPACO-33-1-300x191.jpg 300w, http:\/\/espaconews.com\/wp-content\/uploads\/sites\/142\/2025\/10\/DESTAQUE-ESPACO-33-1-18x12.jpg 18w\" sizes=\"(max-width: 550px) 100vw, 550px\" \/><figcaption class=\"wp-element-caption\">CANVA<\/figcaption><\/figure>\n<\/figure>\n\n\n\n<p class=\"has-text-align-center\">Die gegenw\u00e4rtige Arbeitsmarktdynamik ist durch ein st\u00e4ndiges Zusammenspiel von Innovation, Ungleichheit und Anpassung der Arbeitskr\u00e4fte gekennzeichnet.<\/p>\n\n\n\n<p>Das Verst\u00e4ndnis dieser Trends ist nicht nur f\u00fcr Unternehmen und Regierungen von entscheidender Bedeutung, sondern auch f\u00fcr Fachleute, die in einem sich st\u00e4ndig ver\u00e4ndernden Umfeld wettbewerbsf\u00e4hig bleiben wollen.<\/p>\n\n\n\n<p>Dieser Artikel analysiert die Faktoren, die die globale Besch\u00e4ftigungslage heute pr\u00e4gen, bietet praktische Beispiele und schl\u00e4gt Strategien f\u00fcr eine erfolgreiche Bew\u00e4ltigung dieses Szenarios vor.<\/p>\n\n\n\n<h2 class=\"wp-block-heading\">\ud83d\udcca Aktueller \u00dcberblick \u00fcber die weltweite Besch\u00e4ftigung<\/h2>\n\n\n\n<p>Laut dem ILO-Bericht \u201eWorld Employment and Social Outlook\u201c wird es im Jahr 2024 folgende Entwicklungen geben:<\/p>\n\n\n\n<p>Laut \u201eTrends 2025\u201c wuchs die weltweite Besch\u00e4ftigung parallel zur Erwerbsbev\u00f6lkerung, wodurch die globale Arbeitslosenquote bei 51 % blieb, \u00e4hnlich wie in den Vorjahren.<\/p>\n\n\n\n<p>Dies stellt zwar Stabilit\u00e4t dar, f\u00fchrt aber nicht zu einer signifikanten Verbesserung der Qualit\u00e4t der Arbeitspl\u00e4tze oder zu einer Verringerung der Erwerbsarmut, insbesondere in einkommensschwachen Regionen.<\/p>\n\n\n\n<p>Das globale Wirtschaftswachstum ist zwar positiv, reicht aber nicht aus, um die gesamte neu entstehende Erwerbsbev\u00f6lkerung aufzunehmen.<\/p>\n\n\n\n<p>In S\u00fcdasien beispielsweise dr\u00e4ngen jedes Jahr Millionen junger Menschen auf den Arbeitsmarkt, doch die verf\u00fcgbaren Arbeitspl\u00e4tze entsprechen nicht immer ihren Qualifikationen.<\/p>\n\n\n\n<p>Dieses Missverh\u00e4ltnis f\u00fchrt zu einer Zunahme informeller Besch\u00e4ftigung und Unterbesch\u00e4ftigung, Ph\u00e4nomene, die sowohl die Produktivit\u00e4t als auch die wirtschaftliche Sicherheit von Millionen von Menschen beeintr\u00e4chtigen.<\/p>\n\n\n\n<h2 class=\"wp-block-heading\">\u2696\ufe0f Anhaltende Ungleichheit<\/h2>\n\n\n\n<p>Trotz Fortschritten im Bildungsbereich und einer gestiegenen Erwerbsbeteiligung von Frauen bleibt die Lohn- und Chancenungleichheit eine entscheidende Herausforderung.<\/p>\n\n\n\n<p>Laut aktuellen OECD-Daten verdienen Frauen in gleichwertigen Berufen im Durchschnitt weiterhin 201 Tsd. weniger als M\u00e4nner.<\/p>\n\n\n\n<p>Dar\u00fcber hinaus bieten informelle Sektoren wie die Hauswirtschaft oder der informelle Einzelhandel prek\u00e4re Arbeitspl\u00e4tze ohne soziale Absicherung oder Stabilit\u00e4t.<\/p>\n\n\n\n<p>In Mexiko beispielsweise sind mehr als 501 % der Arbeitnehmer in informellen Besch\u00e4ftigungsverh\u00e4ltnissen t\u00e4tig, was ihren Zugang zu Sozialversicherung und Renten einschr\u00e4nkt.<\/p>\n\n\n\n<p>Diese Ungleichheit hat nicht nur wirtschaftliche, sondern auch soziale Auswirkungen, da mangelnde Arbeitsmarktintegration Spannungen erzeugen und die soziale Mobilit\u00e4t einschr\u00e4nken kann.<\/p>\n\n\n\n<h2 class=\"wp-block-heading\">\ud83e\udd16 Auswirkungen der Technologie auf die Besch\u00e4ftigung<\/h2>\n\n\n\n<p>Automatisierung und k\u00fcnstliche Intelligenz ver\u00e4ndern die Arbeitsm\u00e4rkte grundlegend. <\/p>\n\n\n\n<p>In traditionellen Branchen wie der Fertigungsindustrie und der Logistik werden bestimmte Aufgaben zunehmend durch Roboter und intelligente Software ersetzt.<\/p>\n\n\n\n<p>Dieser Wandel schafft jedoch auch neue M\u00f6glichkeiten: Programmierung, Cybersicherheit, Datenanalyse und Technologie-Projektmanagement sind expandierende Bereiche.<\/p>\n\n\n\n<p>Beispielsweise investieren Unternehmen wie Amazon und Siemens in die Umschulung ihrer Mitarbeiter und bieten ihnen Schulungen zu digitalen Kompetenzen an, um mit der Automatisierung Schritt halten zu k\u00f6nnen.<\/p>\n\n\n\n<p>F\u00fcr die Arbeitnehmer wird es entscheidend sein, anpassungsf\u00e4hig zu sein und sich kontinuierlich weiterzubilden. Dies wird ihnen nicht nur erm\u00f6glichen, ihre Arbeitspl\u00e4tze zu behalten, sondern ihnen auch Zugang zu besseren Karrierem\u00f6glichkeiten verschaffen. <\/p>\n\n\n\n<p>Technische Bildung und digitale Kompetenz sind zu wesentlichen Faktoren f\u00fcr die Wettbewerbsf\u00e4higkeit auf dem Arbeitsmarkt geworden.<\/p>\n\n\n\n<h2 class=\"wp-block-heading\">\ud83c\udf31 \u00dcbergang zu nachhaltigen Wirtschaftssystemen<\/h2>\n\n\n\n<p>Der Klimawandel und der \u00dcbergang zu gr\u00fcnen Wirtschaftssystemen haben die Schaffung von Arbeitspl\u00e4tzen in nachhaltigen Sektoren angekurbelt.<\/p>\n\n\n\n<p>Erneuerbare Energien, \u00f6kologischer Landbau, Abfallmanagement und nachhaltiges Bauen stellen neue M\u00f6glichkeiten dar, die darauf abzielen, Wirtschaftswachstum und Umweltschutz in Einklang zu bringen.<\/p>\n\n\n\n<p>In Spanien beispielsweise stieg die Zahl der gr\u00fcnen Arbeitspl\u00e4tze in den letzten drei Jahren um 301 %, darunter Stellen bei der Installation von Solaranlagen, der Wartung von Windkraftanlagen und dem nachhaltigen Projektmanagement.<\/p>\n\n\n\n<p>Dieser Trend bietet nicht nur alternative Besch\u00e4ftigungsm\u00f6glichkeiten, sondern tr\u00e4gt auch zum Aufbau widerstandsf\u00e4higerer Gesellschaften bei, die sich ihrer Umweltauswirkungen bewusst sind.<\/p>\n\n\n\n<p>Politische Ma\u00dfnahmen, die Investitionen in saubere Energie, Ausbildungen in gr\u00fcnen Kompetenzen und professionelle Zertifizierungen f\u00f6rdern, sind unerl\u00e4sslich, um diesen Wandel zu festigen.<\/p>\n\n\n\n<h2 class=\"wp-block-heading\">\ud83c\udf93 Diskrepanzen zwischen Ausbildung und Arbeitsmarkt<\/h2>\n\n\n\n<p>Obwohl das weltweite Bildungsniveau gestiegen ist, bestehen weiterhin erhebliche Diskrepanzen zwischen den erworbenen F\u00e4higkeiten und den Anforderungen des Arbeitsmarktes.<\/p>\n\n\n\n<p>Viele Universit\u00e4ten und Bildungssysteme vers\u00e4umen es, ihre Programme so zu aktualisieren, dass sie digitale Kompetenzen, kritisches Denken und Projektmanagement beinhalten, die in der heutigen Wirtschaft unerl\u00e4sslich sind.<\/p>\n\n\n\n<p>Ein frischgebackener Ingenieur in Kolumbien mag beispielsweise die Ingenieurtheorie beherrschen, aber es mangelt ihm an Kenntnissen in Designsoftware oder Datenanalyse, die von Technologieunternehmen gefordert werden.<\/p>\n\n\n\n<p>Diese Diskrepanz verdeutlicht den Bedarf an Weiterbildung, erg\u00e4nzenden technischen Schulungen und Partnerschaften zwischen Unternehmen und Universit\u00e4ten, um die erforderlichen F\u00e4higkeiten mit den M\u00f6glichkeiten auf dem Arbeitsmarkt in Einklang zu bringen.<\/p>\n\n\n\n<h2 class=\"wp-block-heading\">\ud83c\udf0d Spezielle Herausforderungen in Lateinamerika<\/h2>\n\n\n\n<p>Lateinamerika steht auf dem Arbeitsmarkt vor besonderen Herausforderungen.<\/p>\n\n\n\n<p>In mehreren L\u00e4ndern der Region sind mehr als 501 % der Arbeitnehmer informell besch\u00e4ftigt, was ihre wirtschaftliche Sicherheit und den Zugang zu Sozialleistungen einschr\u00e4nkt.<\/p>\n\n\n\n<p>Die Jugendarbeitslosigkeit ist hoch, in einigen L\u00e4ndern liegt die Quote bei \u00fcber 151 %, und die Geschlechterkluft bleibt ein anhaltendes Hindernis.<\/p>\n\n\n\n<p>Externe Faktoren wie die globale Geopolitik, der Klimawandel und die wirtschaftliche Volatilit\u00e4t beeinflussen ebenfalls die Arbeitsplatzstabilit\u00e4t.<\/p>\n\n\n\n<p>Beispielsweise k\u00f6nnen anhaltende D\u00fcrreperioden in Agrarl\u00e4ndern die Produktion beeintr\u00e4chtigen und zu vor\u00fcbergehenden Arbeitsplatzverlusten f\u00fchren, w\u00e4hrend Handelsspannungen die Fertigungsindustrie belasten.<\/p>\n\n\n\n<h2 class=\"wp-block-heading\">\ud83d\udcc8 Relevante Statistiken<\/h2>\n\n\n\n<p>Nach Angaben der ILO d\u00fcrfte sich die Erholung des Arbeitsmarktes in den kommenden Jahren verlangsamen, was zu einem weltweiten Abbau von bis zu 7 Millionen Arbeitspl\u00e4tzen f\u00fchren k\u00f6nnte. <\/p>\n\n\n\n<p>Diese Zahl verdeutlicht die Notwendigkeit einer Arbeitsmarktpolitik, die Inklusion, Ausbildung und soziale Sicherheit sowie die wirtschaftliche Diversifizierung in strategischen Sektoren f\u00f6rdert.<\/p>\n\n\n\n<h2 class=\"wp-block-heading\">\ud83e\udde0 Analogie zum Verst\u00e4ndnis des Arbeitsmarktes<\/h2>\n\n\n\n<p>Wir k\u00f6nnen uns den Arbeitsmarkt als einen st\u00e4ndig flie\u00dfenden Fluss vorstellen.<\/p>\n\n\n\n<p>Die Zufl\u00fcsse, die ihn ver\u00e4ndern, repr\u00e4sentieren technologische Trends, den Klimawandel und wirtschaftspolitische Ma\u00dfnahmen. <\/p>\n\n\n\n<p>Erfolgreiches Navigieren erfordert den Aufbau solider Strukturen (technische und soziale Kompetenzen) und die Wahl strategischer Routen (aufstrebende und nachhaltige Sektoren).<\/p>\n\n\n\n<p>Wer diese Trends ignoriert, l\u00e4uft Gefahr, den Anschluss zu verlieren, w\u00e4hrend diejenigen, die sich anpassen, Chancen f\u00fcr Wachstum und Stabilit\u00e4t finden werden.<\/p>\n\n\n\n<h2 class=\"wp-block-heading\">\u2705 Strategien zur Anpassung an globale Arbeitsmarkttrends<\/h2>\n\n\n\n<ol>\n<li><strong>Laufende Weiterbildung:<\/strong> Erwerben Sie neue digitale und technische F\u00e4higkeiten entsprechend den Marktanforderungen.<\/li>\n\n\n\n<li><strong>Professionelle Flexibilit\u00e4t:<\/strong> Seien Sie bereit, je nach sich bietenden M\u00f6glichkeiten den Sektor oder die Rolle zu wechseln.<\/li>\n\n\n\n<li><strong>Professionelle Netzwerke:<\/strong> Kn\u00fcpfen Sie Beziehungen und beteiligen Sie sich an aktiven Arbeitsgemeinschaften.<\/li>\n\n\n\n<li><strong>Gr\u00fcne und nachhaltige Bildung:<\/strong> Kenntnisse im Bereich sauberer Energie und nachhaltiger Praktiken einbeziehen.<\/li>\n\n\n\n<li><strong>Inklusion und Diversit\u00e4t:<\/strong> F\u00f6rderung der Geschlechtergleichstellung und der Teilhabe historisch marginalisierter Gruppen.<\/li>\n<\/ol>\n\n\n\n<figure class=\"wp-block-gallery aligncenter has-nested-images columns-default is-cropped wp-block-gallery-2 is-layout-flex wp-block-gallery-is-layout-flex\">\n<figure class=\"wp-block-image size-full\"><img loading=\"lazy\" decoding=\"async\" width=\"550\" height=\"350\" data-id=\"2767\" src=\"https:\/\/espaconews.com\/wp-content\/uploads\/sites\/142\/2025\/10\/DESTAQUE-ESPACO-34.jpg\" alt=\"\" class=\"wp-image-2767\" srcset=\"http:\/\/espaconews.com\/wp-content\/uploads\/sites\/142\/2025\/10\/DESTAQUE-ESPACO-34.jpg 550w, http:\/\/espaconews.com\/wp-content\/uploads\/sites\/142\/2025\/10\/DESTAQUE-ESPACO-34-300x191.jpg 300w, http:\/\/espaconews.com\/wp-content\/uploads\/sites\/142\/2025\/10\/DESTAQUE-ESPACO-34-18x12.jpg 18w\" sizes=\"(max-width: 550px) 100vw, 550px\" \/><figcaption class=\"wp-element-caption\">CANVA<\/figcaption><\/figure>\n<\/figure>\n\n\n\n<p>Mehr lesen:\u00a0<a href=\"http:\/\/espaconews.com\/de\/profesiones-mas-demandadas-en-2025\/\">Die gefragtesten Berufe im Jahr 2025<\/a><\/p>\n\n\n\n<h2 class=\"wp-block-heading\">\u2753 H\u00e4ufig gestellte Fragen<\/h2>\n\n\n\n<p><strong>1. Wie kann man sich auf neue Trends auf dem Arbeitsmarkt vorbereiten?<\/strong><br>Investitionen in Weiterbildung, die Entwicklung digitaler Kompetenzen und die Aufrechterhaltung der Anpassungsf\u00e4higkeit sind unerl\u00e4sslich. <\/p>\n\n\n\n<p>Die Teilnahme an Online-Kursen und spezialisierten Zertifizierungen kann den entscheidenden Unterschied ausmachen.<\/p>\n\n\n\n<p><strong>2. Welche Sektoren weisen das gr\u00f6\u00dfte Wachstum auf?<\/strong><br>Technologie, erneuerbare Energien, Nachhaltigkeit, Cybersicherheit und Datenanalyse weisen ein anhaltendes Wachstum und langfristige Chancen auf.<\/p>\n\n\n\n<p><strong>3. Welche politischen Ma\u00dfnahmen f\u00f6rdern einen inklusiveren Arbeitsmarkt?<\/strong><br>F\u00f6rderung der Gleichstellung der Geschlechter, beruflicher Weiterbildung, sozialer Absicherung, formeller Besch\u00e4ftigung und Anreizen f\u00fcr Unternehmen, die menschenw\u00fcrdige Arbeitspl\u00e4tze schaffen.<\/p>\n\n\n\n<p>Mehr lesen:\u00a0<a href=\"http:\/\/espaconews.com\/de\/preguntas-mas-frecuentes-en-entrevistas\/\">Die am h\u00e4ufigsten gestellten Fragen in Vorstellungsgespr\u00e4chen<\/a><\/p>\n\n\n\n<h2 class=\"wp-block-heading\">\ud83d\udca1 Fazit<\/h2>\n\n\n\n<p>Der <strong>globale Arbeitsmarkttrends<\/strong> Im Jahr 2025 spiegeln sie eine dynamische und facettenreiche Landschaft wider.<\/p>\n\n\n\n<p>Die Herausforderungen, von der Automatisierung \u00fcber Ungleichheit bis hin zu Bildungsdefiziten, erfordern proaktive Reaktionen von Regierungen, Unternehmen und Arbeitnehmern.<\/p>\n\n\n\n<p>Wer in Kompetenzen, Bildung und Nachhaltigkeit investiert, wird bessere Chancen auf Erfolg haben.<\/p>\n\n\n\n<p>Anpassungsf\u00e4higkeit und strategische Weitsicht sind der Schl\u00fcssel zum Erfolg auf einem sich st\u00e4ndig wandelnden Arbeitsmarkt.<\/p>","protected":false},"excerpt":{"rendered":"<p>Las tendencias del mercado laboral global muestran un panorama complejo, donde convergen tecnolog\u00eda, econom\u00eda, demograf\u00eda y pol\u00edticas sociales. La din\u00e1mica laboral actual est\u00e1 marcada por una interacci\u00f3n constante entre innovaci\u00f3n, desigualdad y adaptaci\u00f3n de la fuerza laboral. Comprender estas tendencias no solo es vital para empresas y gobiernos, sino tambi\u00e9n para profesionales que buscan mantenerse [&hellip;]<\/p>","protected":false},"author":219,"featured_media":2765,"comment_status":"closed","ping_status":"open","sticky":false,"template":"","format":"standard","meta":{"footnotes":""},"categories":[4],"tags":[],"yoast_head":"<!-- This site is optimized with the Yoast SEO plugin v23.3 - https:\/\/yoast.com\/wordpress\/plugins\/seo\/ -->\n<title>Tendencias del mercado laboral global - Espa\u00e7o News<\/title>\n<meta name=\"description\" content=\"Las tendencias del mercado laboral global muestran un panorama complejo, donde convergen tecnolog\u00eda, econom\u00eda, demograf\u00eda y pol\u00edticas...\" \/>\n<meta name=\"robots\" content=\"index, follow, max-snippet:-1, max-image-preview:large, max-video-preview:-1\" \/>\n<link rel=\"canonical\" href=\"http:\/\/espaconews.com\/de\/tendencias-del-mercado-laboral-global\/\" \/>\n<meta property=\"og:locale\" content=\"de_DE\" \/>\n<meta property=\"og:type\" content=\"article\" \/>\n<meta property=\"og:title\" content=\"Tendencias del mercado laboral global - Espa\u00e7o News\" \/>\n<meta property=\"og:description\" content=\"Las tendencias del mercado laboral global muestran un panorama complejo, donde convergen tecnolog\u00eda, econom\u00eda, demograf\u00eda y pol\u00edticas...\" \/>\n<meta property=\"og:url\" content=\"http:\/\/espaconews.com\/de\/tendencias-del-mercado-laboral-global\/\" \/>\n<meta property=\"og:site_name\" content=\"Espa\u00e7o News\" \/>\n<meta property=\"article:published_time\" content=\"2025-10-17T17:58:26+00:00\" \/>\n<meta property=\"article:modified_time\" content=\"2025-10-17T17:58:28+00:00\" \/>\n<meta property=\"og:image\" content=\"http:\/\/espaconews.com\/wp-content\/uploads\/sites\/142\/2025\/10\/DESTAQUE-ESPACO-33.jpg\" \/>\n\t<meta property=\"og:image:width\" content=\"550\" \/>\n\t<meta property=\"og:image:height\" content=\"350\" \/>\n\t<meta property=\"og:image:type\" content=\"image\/jpeg\" \/>\n<meta name=\"author\" content=\"Matheus Sangaletti\" \/>\n<meta name=\"twitter:card\" content=\"summary_large_image\" \/>\n<meta name=\"twitter:label1\" content=\"Written by\" \/>\n\t<meta name=\"twitter:data1\" content=\"Matheus Sangaletti\" \/>\n\t<meta name=\"twitter:label2\" content=\"Est. reading time\" \/>\n\t<meta name=\"twitter:data2\" content=\"8 Minuten\" \/>\n<script type=\"application\/ld+json\" class=\"yoast-schema-graph\">{\"@context\":\"https:\/\/schema.org\",\"@graph\":[{\"@type\":\"WebPage\",\"@id\":\"http:\/\/espaconews.com\/fr\/tendencias-del-mercado-laboral-global\/\",\"url\":\"http:\/\/espaconews.com\/fr\/tendencias-del-mercado-laboral-global\/\",\"name\":\"Tendencias del mercado laboral global - Espa\u00e7o News\",\"isPartOf\":{\"@id\":\"https:\/\/espaconews.com\/#website\"},\"primaryImageOfPage\":{\"@id\":\"http:\/\/espaconews.com\/fr\/tendencias-del-mercado-laboral-global\/#primaryimage\"},\"image\":{\"@id\":\"http:\/\/espaconews.com\/fr\/tendencias-del-mercado-laboral-global\/#primaryimage\"},\"thumbnailUrl\":\"http:\/\/espaconews.com\/wp-content\/uploads\/sites\/142\/2025\/10\/DESTAQUE-ESPACO-33.jpg\",\"datePublished\":\"2025-10-17T17:58:26+00:00\",\"dateModified\":\"2025-10-17T17:58:28+00:00\",\"author\":{\"@id\":\"https:\/\/espaconews.com\/#\/schema\/person\/92fcd07e9b1f4323bf74f3170fc0f78a\"},\"description\":\"Las tendencias del mercado laboral global muestran un panorama complejo, donde convergen tecnolog\u00eda, econom\u00eda, demograf\u00eda y pol\u00edticas...\",\"breadcrumb\":{\"@id\":\"http:\/\/espaconews.com\/fr\/tendencias-del-mercado-laboral-global\/#breadcrumb\"},\"inLanguage\":\"de-DE\",\"potentialAction\":[{\"@type\":\"ReadAction\",\"target\":[\"http:\/\/espaconews.com\/fr\/tendencias-del-mercado-laboral-global\/\"]}]},{\"@type\":\"ImageObject\",\"inLanguage\":\"de-DE\",\"@id\":\"http:\/\/espaconews.com\/fr\/tendencias-del-mercado-laboral-global\/#primaryimage\",\"url\":\"http:\/\/espaconews.com\/wp-content\/uploads\/sites\/142\/2025\/10\/DESTAQUE-ESPACO-33.jpg\",\"contentUrl\":\"http:\/\/espaconews.com\/wp-content\/uploads\/sites\/142\/2025\/10\/DESTAQUE-ESPACO-33.jpg\",\"width\":550,\"height\":350},{\"@type\":\"BreadcrumbList\",\"@id\":\"http:\/\/espaconews.com\/fr\/tendencias-del-mercado-laboral-global\/#breadcrumb\",\"itemListElement\":[{\"@type\":\"ListItem\",\"position\":1,\"name\":\"Home\",\"item\":\"https:\/\/espaconews.com\/\"},{\"@type\":\"ListItem\",\"position\":2,\"name\":\"Tendencias del mercado laboral global\"}]},{\"@type\":\"WebSite\",\"@id\":\"https:\/\/espaconews.com\/#website\",\"url\":\"https:\/\/espaconews.com\/\",\"name\":\"Espa\u00e7o News\",\"description\":\"\",\"potentialAction\":[{\"@type\":\"SearchAction\",\"target\":{\"@type\":\"EntryPoint\",\"urlTemplate\":\"https:\/\/espaconews.com\/?s={search_term_string}\"},\"query-input\":\"required name=search_term_string\"}],\"inLanguage\":\"de-DE\"},{\"@type\":\"Person\",\"@id\":\"https:\/\/espaconews.com\/#\/schema\/person\/92fcd07e9b1f4323bf74f3170fc0f78a\",\"name\":\"Matheus Sangaletti\",\"image\":{\"@type\":\"ImageObject\",\"inLanguage\":\"de-DE\",\"@id\":\"https:\/\/espaconews.com\/#\/schema\/person\/image\/\",\"url\":\"http:\/\/2.gravatar.com\/avatar\/280ea957a14a48e6a1ad2133d2cc27c9?s=96&d=mm&r=g\",\"contentUrl\":\"http:\/\/2.gravatar.com\/avatar\/280ea957a14a48e6a1ad2133d2cc27c9?s=96&d=mm&r=g\",\"caption\":\"Matheus Sangaletti\"},\"url\":\"http:\/\/espaconews.com\/de\/author\/matheuss\/\"}]}<\/script>\n<!-- \/ Yoast SEO plugin. -->","yoast_head_json":{"title":"Tendencias del mercado laboral global - Espa\u00e7o News","description":"Las tendencias del mercado laboral global muestran un panorama complejo, donde convergen tecnolog\u00eda, econom\u00eda, demograf\u00eda y pol\u00edticas...","robots":{"index":"index","follow":"follow","max-snippet":"max-snippet:-1","max-image-preview":"max-image-preview:large","max-video-preview":"max-video-preview:-1"},"canonical":"http:\/\/espaconews.com\/de\/tendencias-del-mercado-laboral-global\/","og_locale":"de_DE","og_type":"article","og_title":"Tendencias del mercado laboral global - Espa\u00e7o News","og_description":"Las tendencias del mercado laboral global muestran un panorama complejo, donde convergen tecnolog\u00eda, econom\u00eda, demograf\u00eda y pol\u00edticas...","og_url":"http:\/\/espaconews.com\/de\/tendencias-del-mercado-laboral-global\/","og_site_name":"Espa\u00e7o News","article_published_time":"2025-10-17T17:58:26+00:00","article_modified_time":"2025-10-17T17:58:28+00:00","og_image":[{"width":550,"height":350,"url":"http:\/\/espaconews.com\/wp-content\/uploads\/sites\/142\/2025\/10\/DESTAQUE-ESPACO-33.jpg","type":"image\/jpeg"}],"author":"Matheus Sangaletti","twitter_card":"summary_large_image","twitter_misc":{"Written by":"Matheus Sangaletti","Est. reading time":"8 Minuten"},"schema":{"@context":"https:\/\/schema.org","@graph":[{"@type":"WebPage","@id":"http:\/\/espaconews.com\/fr\/tendencias-del-mercado-laboral-global\/","url":"http:\/\/espaconews.com\/fr\/tendencias-del-mercado-laboral-global\/","name":"Tendencias del mercado laboral global - Espa\u00e7o News","isPartOf":{"@id":"https:\/\/espaconews.com\/#website"},"primaryImageOfPage":{"@id":"http:\/\/espaconews.com\/fr\/tendencias-del-mercado-laboral-global\/#primaryimage"},"image":{"@id":"http:\/\/espaconews.com\/fr\/tendencias-del-mercado-laboral-global\/#primaryimage"},"thumbnailUrl":"http:\/\/espaconews.com\/wp-content\/uploads\/sites\/142\/2025\/10\/DESTAQUE-ESPACO-33.jpg","datePublished":"2025-10-17T17:58:26+00:00","dateModified":"2025-10-17T17:58:28+00:00","author":{"@id":"https:\/\/espaconews.com\/#\/schema\/person\/92fcd07e9b1f4323bf74f3170fc0f78a"},"description":"Las tendencias del mercado laboral global muestran un panorama complejo, donde convergen tecnolog\u00eda, econom\u00eda, demograf\u00eda y pol\u00edticas...","breadcrumb":{"@id":"http:\/\/espaconews.com\/fr\/tendencias-del-mercado-laboral-global\/#breadcrumb"},"inLanguage":"de-DE","potentialAction":[{"@type":"ReadAction","target":["http:\/\/espaconews.com\/fr\/tendencias-del-mercado-laboral-global\/"]}]},{"@type":"ImageObject","inLanguage":"de-DE","@id":"http:\/\/espaconews.com\/fr\/tendencias-del-mercado-laboral-global\/#primaryimage","url":"http:\/\/espaconews.com\/wp-content\/uploads\/sites\/142\/2025\/10\/DESTAQUE-ESPACO-33.jpg","contentUrl":"http:\/\/espaconews.com\/wp-content\/uploads\/sites\/142\/2025\/10\/DESTAQUE-ESPACO-33.jpg","width":550,"height":350},{"@type":"BreadcrumbList","@id":"http:\/\/espaconews.com\/fr\/tendencias-del-mercado-laboral-global\/#breadcrumb","itemListElement":[{"@type":"ListItem","position":1,"name":"Home","item":"https:\/\/espaconews.com\/"},{"@type":"ListItem","position":2,"name":"Tendencias del mercado laboral global"}]},{"@type":"WebSite","@id":"https:\/\/espaconews.com\/#website","url":"https:\/\/espaconews.com\/","name":"Espa\u00e7o News","description":"","potentialAction":[{"@type":"SearchAction","target":{"@type":"EntryPoint","urlTemplate":"https:\/\/espaconews.com\/?s={search_term_string}"},"query-input":"required name=search_term_string"}],"inLanguage":"de-DE"},{"@type":"Person","@id":"https:\/\/espaconews.com\/#\/schema\/person\/92fcd07e9b1f4323bf74f3170fc0f78a","name":"Matheus Sangaletti","image":{"@type":"ImageObject","inLanguage":"de-DE","@id":"https:\/\/espaconews.com\/#\/schema\/person\/image\/","url":"http:\/\/2.gravatar.com\/avatar\/280ea957a14a48e6a1ad2133d2cc27c9?s=96&d=mm&r=g","contentUrl":"http:\/\/2.gravatar.com\/avatar\/280ea957a14a48e6a1ad2133d2cc27c9?s=96&d=mm&r=g","caption":"Matheus Sangaletti"},"url":"http:\/\/espaconews.com\/de\/author\/matheuss\/"}]}},"_links":{"self":[{"href":"http:\/\/espaconews.com\/de\/wp-json\/wp\/v2\/posts\/2764"}],"collection":[{"href":"http:\/\/espaconews.com\/de\/wp-json\/wp\/v2\/posts"}],"about":[{"href":"http:\/\/espaconews.com\/de\/wp-json\/wp\/v2\/types\/post"}],"author":[{"embeddable":true,"href":"http:\/\/espaconews.com\/de\/wp-json\/wp\/v2\/users\/219"}],"replies":[{"embeddable":true,"href":"http:\/\/espaconews.com\/de\/wp-json\/wp\/v2\/comments?post=2764"}],"version-history":[{"count":1,"href":"http:\/\/espaconews.com\/de\/wp-json\/wp\/v2\/posts\/2764\/revisions"}],"predecessor-version":[{"id":2768,"href":"http:\/\/espaconews.com\/de\/wp-json\/wp\/v2\/posts\/2764\/revisions\/2768"}],"wp:featuredmedia":[{"embeddable":true,"href":"http:\/\/espaconews.com\/de\/wp-json\/wp\/v2\/media\/2765"}],"wp:attachment":[{"href":"http:\/\/espaconews.com\/de\/wp-json\/wp\/v2\/media?parent=2764"}],"wp:term":[{"taxonomy":"category","embeddable":true,"href":"http:\/\/espaconews.com\/de\/wp-json\/wp\/v2\/categories?post=2764"},{"taxonomy":"post_tag","embeddable":true,"href":"http:\/\/espaconews.com\/de\/wp-json\/wp\/v2\/tags?post=2764"}],"curies":[{"name":"wp","href":"https:\/\/api.w.org\/{rel}","templated":true}]}}