{"id":2751,"date":"2025-10-16T14:56:30","date_gmt":"2025-10-16T17:56:30","guid":{"rendered":"https:\/\/espaconews.com\/?p=2751"},"modified":"2025-10-16T15:05:16","modified_gmt":"2025-10-16T18:05:16","slug":"avances-en-biotecnologia-lo-que-promete-la-genetica","status":"publish","type":"post","link":"http:\/\/espaconews.com\/de\/avances-en-biotecnologia-lo-que-promete-la-genetica\/","title":{"rendered":"Fortschritte in der Biotechnologie: Was die Genetik verspricht"},"content":{"rendered":"<p class=\"has-text-align-center\"><strong>Fortschritte in der Biotechnologie: Was die Genetik verspricht<\/strong> \u00f6ffnet ein Fenster zur Zukunft von Wissenschaft, Gesundheit und Gesellschaft.<\/p>\n\n\n\n<figure class=\"wp-block-gallery aligncenter has-nested-images columns-default is-cropped wp-block-gallery-1 is-layout-flex wp-block-gallery-is-layout-flex\">\n<figure class=\"wp-block-image size-full\"><img loading=\"lazy\" decoding=\"async\" width=\"550\" height=\"350\" data-id=\"2753\" src=\"https:\/\/espaconews.com\/wp-content\/uploads\/sites\/142\/2025\/10\/DESTAQUE-ESPACO-29-1.jpg\" alt=\"\" class=\"wp-image-2753\" srcset=\"http:\/\/espaconews.com\/wp-content\/uploads\/sites\/142\/2025\/10\/DESTAQUE-ESPACO-29-1.jpg 550w, http:\/\/espaconews.com\/wp-content\/uploads\/sites\/142\/2025\/10\/DESTAQUE-ESPACO-29-1-300x191.jpg 300w, http:\/\/espaconews.com\/wp-content\/uploads\/sites\/142\/2025\/10\/DESTAQUE-ESPACO-29-1-18x12.jpg 18w\" sizes=\"(max-width: 550px) 100vw, 550px\" \/><figcaption class=\"wp-element-caption\">CANVA<\/figcaption><\/figure>\n<\/figure>\n\n\n\n<p class=\"has-text-align-center\">Dieser Artikel zeigt Ihnen die neuesten Meilensteine und ihre potenziellen Auswirkungen, geordnet in logischer Reihenfolge: globaler Kontext, medizinische Anwendungen, Landwirtschaft, ethische\/regulatorische Herausforderungen, F\u00e4lle in Mexiko und Perspektiven.<\/p>\n\n\n\n<p> Warum ist das wichtig? Weil Genetik und Biotechnologie nicht mehr nur in Laboren erforscht werden: Sie ver\u00e4ndern die Art und Weise, wie Krankheiten vorgebeugt, die Welt ern\u00e4hrt und die Wissenschaftspolitik strukturiert wird.<\/p>\n\n\n\n<h2 class=\"wp-block-heading\">Globaler Ausblick: Wie sich die Biotechnologie im Jahr 2025 weiterentwickeln wird<\/h2>\n\n\n\n<p>Im Jahr 2025 wird die Biotechnologie eine Expansionsphase erleben. Der globale Markt wird fast <strong>478,5 Milliarden US-Dollar<\/strong> im Jahr 2024 und wird voraussichtlich zwischen 2025 und 2034 mit einer durchschnittlichen j\u00e4hrlichen Wachstumsrate (CAGR) von 14,1 % wachsen. <\/p>\n\n\n\n<p>Massive Sequencing (NGS), Gen-Editing und Technologien der synthetischen Biologie sind die treibenden Kr\u00e4fte dieser Entwicklung.<\/p>\n\n\n\n<p>Ein Beispiel: Die Entwicklung von <strong>Referenz zum menschlichen Pangenom<\/strong>, das neue genetische Regionen integriert, die im traditionellen Referenzgenom fehlen, st\u00e4rkt die genetische Vielfalt in klinischen Studien. <\/p>\n\n\n\n<p>Ebenso intensiviert sich die Konvergenz zwischen k\u00fcnstlicher Intelligenz (KI) und Genomik.<\/p>\n\n\n\n<p>Einer aktuellen Studie zufolge werden generative Modelle und LLM (Sprachmodelle) zur Interpretation komplexer genetischer Varianten eingesetzt, obwohl die Integration klinischer, genomischer und bildgebender Daten immer noch mit Herausforderungen verbunden ist. <\/p>\n\n\n\n<p>Auch die synthetische Biologie macht Fortschritte: Startups nutzen Zellen als \u201eFabriken\u201c, um Medikamente, biologisch abbaubare Materialien und gr\u00fcne Kraftstoffe herzustellen.<\/p>\n\n\n\n<p>Diese globale Dynamik erm\u00f6glicht den Lesern ein besseres Verst\u00e4ndnis. <strong>Fortschritte in der Biotechnologie: Was die Genetik verspricht<\/strong>.<\/p>\n\n\n\n<h2 class=\"wp-block-heading\">Im Gesundheitswesen: Angewandte Genetik als Treiber der personalisierten Medizin<\/h2>\n\n\n\n<h3 class=\"wp-block-heading\">Sicherere und gezieltere Genom-Editierung<\/h3>\n\n\n\n<p>CRISPR beherrscht weiterhin die Schlagzeilen, aber es reicht nicht mehr aus.<\/p>\n\n\n\n<p>Technologien wie <strong>Basisbearbeitung<\/strong> Und <strong>Hauptbearbeitung<\/strong>, die es erm\u00f6glichen, eine einzelne DNA-Base zu \u00e4ndern, ohne den Doppelstrang zu unterbrechen, wodurch das Risiko unerw\u00fcnschter Einf\u00fcgungen verringert wird. <\/p>\n\n\n\n<p>Forscher haben auch KI-gesteuerte Systeme zur Entwicklung von Molek\u00fclen entwickelt. <em>Leit-RNA<\/em> (gRNA) mit hoher Pr\u00e4zision und geringerer Wahrscheinlichkeit unerw\u00fcnschter Nebenwirkungen. <\/p>\n\n\n\n<p>Beispielsweise k\u00f6nnte ein Patient mit einer seltenen Punktmutation eine gezielte Gentherapie erhalten, die diese spezifische Ver\u00e4nderung korrigiert, ohne andere Regionen des Genoms zu ver\u00e4ndern (das w\u00e4re das urspr\u00fcngliche Beispiel 1 in diesem Artikel).<\/p>\n\n\n\n<h3 class=\"wp-block-heading\">Genomische und Multi-Omics-Diagnostik<\/h3>\n\n\n\n<p>Heute reicht es nicht mehr aus, isolierte Gene zu sequenzieren.<\/p>\n\n\n\n<p>Die Analyseplattformen kombinieren Genomik, Transkriptomik und Proteomik (Multi-Omics) f\u00fcr eine umfassende Beurteilung des biologischen Status. <\/p>\n\n\n\n<p>Dadurch k\u00f6nnen Onkologen somatische Variationen bei b\u00f6sartigen Tumoren identifizieren, die Reaktion auf Medikamente vorhersagen oder entstehende Resistenzen erkennen.<\/p>\n\n\n\n<p>Bei einer Patientin mit Brustkrebs wird beispielsweise das tumorgenetische Profil erstellt, die Treibermutation ermittelt und die Therapie in Echtzeit angepasst (Originalbeispiel 2).<\/p>\n\n\n\n<h3 class=\"wp-block-heading\">Personalisierungs- und Pr\u00e4ventionsformeln<\/h3>\n\n\n\n<p>Personalisierte Medizin ist kein Versprechen mehr, sondern Praxis.<\/p>\n\n\n\n<p>Eine Studie der Hispanic Community Health Study\/Study of Latinos analysiert, wie genetische Varianten in der Latino-Bev\u00f6lkerung chronische Krankheiten beeinflussen und Risikoprofile kulturell anpassen.<\/p>\n\n\n\n<p>Die rhetorische Frage: M\u00f6chten Sie nicht, dass Ihre Behandlung auf Ihre DNA zugeschnitten ist und nicht auf den Durchschnitt anderer Bev\u00f6lkerungsgruppen?<\/p>\n\n\n\n<h2 class=\"wp-block-heading\">Landwirtschaft und Nachhaltigkeit: Widerstandsf\u00e4higere Nutzpflanzen und intelligente Produktion<\/h2>\n\n\n\n<p>Der <strong>Fortschritte in der Biotechnologie: Was die Genetik verspricht<\/strong> Sie betrachten nicht nur den menschlichen K\u00f6rper: Sie greifen ein in das, was wir essen, wie wir Nutzpflanzen anbauen und wie wir auf den Klimawandel reagieren.<\/p>\n\n\n\n<p>Mexiko steht vor besonderen Herausforderungen.<\/p>\n\n\n\n<p>Obwohl es beispielsweise Einschr\u00e4nkungen f\u00fcr gentechnisch ver\u00e4ndertes Saatgut gibt \u2013 die letzte Zulassung f\u00fcr gentechnisch ver\u00e4nderte Baumwollpflanzen stammt aus dem Jahr 2019 \u2013 wurde in die Forschung und Sicherheitsprotokolle zur Genomeditierung bei Pflanzen investiert.<\/p>\n\n\n\n<p>Der Genomikmarkt in Mexiko wuchs im Jahr 2024 auf 460,8 Millionen US-Dollar; Prognosen zufolge wird er bis 2033 1.509,7 Millionen US-Dollar erreichen, bei einer durchschnittlichen j\u00e4hrlichen Wachstumsrate von 12,6 %. <\/p>\n\n\n\n<p>Dies bedeutet, dass die Sektoren Landwirtschaft, Biotechnologie und Gesundheit zusammenwachsen, um die nationale genetische Infrastruktur zu st\u00e4rken.<\/p>\n\n\n\n<p>In der modernen Landwirtschaft wurden durch gezielte Genomeditierung Nutzpflanzen entwickelt, die D\u00fcrre, Sch\u00e4dlinge und salzhaltige B\u00f6den vertragen.<\/p>\n\n\n\n<p>Es werden auch Mikroorganismen erforscht, die die Bodengesundheit verbessern, indem sie das Bodenmikrobiom ver\u00e4ndern, um die Ertr\u00e4ge ohne chemische D\u00fcngemittel zu steigern.<\/p>\n\n\n\n<p>Eine relevante Tatsache: Im Jahr 2024 wurde \u00fcber eine modifizierte Transplantation einer Schweineniere beim Menschen berichtet, die genetisch angepasst wurde, um die Immunabsto\u00dfung zu verringern.<\/p>\n\n\n\n<p>Dies ist ein aussagekr\u00e4ftiger Indikator: Genetik ist keine Fiktion, sie ist heute in Kliniken und auf Bauernh\u00f6fen zu finden.<\/p>\n\n\n\n<h2 class=\"wp-block-heading\">Ethische, regulatorische und \u00f6ffentliche Vertrauensherausforderungen<\/h2>\n\n\n\n<p>Kein wissenschaftlicher Fortschritt ist frei von Kontroversen. Vor <strong>Fortschritte in der Biotechnologie: Was die Genetik verspricht<\/strong>tauchen grundlegende Fragen zu Ethik, Gerechtigkeit und Governance auf.<\/p>\n\n\n\n<h3 class=\"wp-block-heading\">Nationaler und globaler Regulierungsrahmen<\/h3>\n\n\n\n<p>In Mexiko wird mit Vorschl\u00e4gen zur Regulierungsreform versucht, die Bearbeitung des menschlichen Genoms mit internationalen Standards in Einklang zu bringen, es bestehen jedoch weiterhin Gesetzesl\u00fccken.<\/p>\n\n\n\n<p>Auf globaler Ebene ist die Schaffung der <em>Atlas der neuen Biotechnologie<\/em> Ziel ist es, Regierungen Orientierungshilfen f\u00fcr neue Technologien zu bieten, ohne dabei in Panik oder Naivit\u00e4t zu verfallen.<\/p>\n\n\n\n<p>Die regulatorische Herausforderung besteht darin, festzulegen, in welchem Umfang Embryomodifikationen, Keimbahn-Editierungen (vererbbar) oder der Einsatz von Biotechnologien in der Landwirtschaft zul\u00e4ssig sind, ohne die biologische Vielfalt zu beeintr\u00e4chtigen.<\/p>\n\n\n\n<h3 class=\"wp-block-heading\">Privatsph\u00e4re, Zustimmung und Ungleichheit<\/h3>\n\n\n\n<p>Die Anh\u00e4ufung genomischer Daten birgt Risiken f\u00fcr den Datenschutz. Die Einwilligung nach Aufkl\u00e4rung muss klar erkl\u00e4rt werden, und die pers\u00f6nliche Kontrolle \u00fcber die Daten muss gew\u00e4hrleistet sein.<\/p>\n\n\n\n<p>Auch die Gerechtigkeit spielt eine Rolle: Wenn nur wenige Zugang zu Gentherapien haben, vergr\u00f6\u00dfert sich die medizinische Kluft.<\/p>\n\n\n\n<p>Dar\u00fcber hinaus k\u00f6nnte die indigene Bev\u00f6lkerung der genetischen Forschung misstrauisch gegen\u00fcberstehen, wenn es keine aktive Beteiligung der Gemeinschaft gibt.<\/p>\n\n\n\n<p>Kultureller Respekt ist der Schl\u00fcssel zum Vertrauen.<\/p>\n\n\n\n<h3 class=\"wp-block-heading\">Biologische Risiken und Biosicherheit<\/h3>\n\n\n\n<p>Die Ver\u00e4nderung lebender Organismen kann unvorhergesehene Auswirkungen auf \u00d6kosysteme haben.<\/p>\n\n\n\n<p>Die synthetische Biologie muss mit strengen Eind\u00e4mmungs- und \u00dcberwachungsprotokollen einhergehen.<\/p>\n\n\n\n<p>Dar\u00fcber hinaus besteht eine doppelte Gefahr: Ohne internationale Aufsicht k\u00f6nnen friedliche Technologien in b\u00f6sartige Werkzeuge verwandelt werden.<\/p>\n\n\n\n<h2 class=\"wp-block-heading\">F\u00e4lle und Trends in Mexiko<\/h2>\n\n\n\n<h3 class=\"wp-block-heading\">OriGen-Projekt<\/h3>\n\n\n\n<p>Das oriGen-Projekt zielt darauf ab, die Genome von 100.000 Mexikanern zu sequenzieren, um personalisierte Medizin, genetische Variationsstudien und die St\u00e4rkung der \u00f6ffentlichen Gesundheit zu erm\u00f6glichen.<\/p>\n\n\n\n<p>Diese Initiative wird zum lokalen Wissen \u00fcber spezifische mexikanische Varianten beitragen und eine pr\u00e4zisere Anpassung der Gentherapien an die nationale Bev\u00f6lkerung erm\u00f6glichen.<\/p>\n\n\n\n<h3 class=\"wp-block-heading\">Mexikanische Biotechnologie-Startups<\/h3>\n\n\n\n<p>Zu den bemerkenswerten Unternehmungen z\u00e4hlen <strong>GeneProDx<\/strong> bietet in Lateinamerika zug\u00e4nglichere und skalierbarere genetische Diagnosedienste an und f\u00f6rdert so die Demokratisierung der Genomik.<\/p>\n\n\n\n<p>Andere Startups arbeiten in der Agrarbiotechnologie und optimieren lokale Nutzpflanzen durch Genomeditierung, um den Ertrag oder die Umweltresistenz zu optimieren.<\/p>\n\n\n\n<h3 class=\"wp-block-heading\">Herausforderungen in der Agrarpolitik<\/h3>\n\n\n\n<p>Obwohl Interesse an Biotechnologie besteht, beschr\u00e4nkt Mexiko die Verwendung gentechnisch ver\u00e4nderter Pflanzen in bestimmten Produkten.<\/p>\n\n\n\n<p>So muss etwa die Baumwollindustrie Verluste hinnehmen, weil seit 2019 keine neuen gentechnisch ver\u00e4nderten Sorten mehr zugelassen wurden.<\/p>\n\n\n\n<p>Dieser Kontrast zeigt, dass wissenschaftliche Fortschritte oft mit konservativer Agrarpolitik oder gesellschaftlichen \u00c4ngsten kollidieren.<\/p>\n\n\n\n<h2 class=\"wp-block-heading\">Ausblick und Horizont: Was Sie erwartet<\/h2>\n\n\n\n<h3 class=\"wp-block-heading\">Demokratisierung des genetischen Zugangs<\/h3>\n\n\n\n<p>Da die Kosten f\u00fcr die Sequenzierung stetig sinken und KI-Plattformen immer zug\u00e4nglicher werden, wird es f\u00fcr den Durchschnittsb\u00fcrger bald m\u00f6glich sein, seine pr\u00e4ventive \u201egenetische Karte\u201c zu kennen, Risiken zu erkennen und personalisierte Empfehlungen zu erhalten.<\/p>\n\n\n\n<h3 class=\"wp-block-heading\">Therapien der n\u00e4chsten Generation<\/h3>\n\n\n\n<p>Es wird erwartet, dass bis zum Ende des Jahrzehnts f\u00fcr viele seltene, derzeit unheilbare Krankheiten eine genetische L\u00f6sung verf\u00fcgbar sein wird. Die kombinierte Bearbeitung (CRISPR + Zelltherapien) verspricht eine effizientere Korrektur einzelner Gendefekte.<\/p>\n\n\n\n<h3 class=\"wp-block-heading\">Konvergenz mit neuen Technologien<\/h3>\n\n\n\n<p>Die Biotechnologie arbeitet nicht mehr isoliert: Sie arbeitet mit Nanotechnologie, biologischen Sensoren, intelligenten Materialien und sogar Blockchain zusammen, um die Transparenz genetischer Ketten zu gew\u00e4hrleisten.<\/p>\n\n\n\n<h3 class=\"wp-block-heading\">Kollaborative globale Governance<\/h3>\n\n\n\n<p>So dass <strong>Fortschritte in der Biotechnologie: Was die Genetik verspricht<\/strong> Um einen gemeinsamen Nutzen zu erzielen, ist eine internationale Zusammenarbeit in den Bereichen Regulierung, Finanzierung und Ethik erforderlich.<\/p>\n\n\n\n<p>L\u00e4nder mit weniger Ressourcen d\u00fcrfen nicht zur\u00fcckgelassen werden.<\/p>\n\n\n\n<h2 class=\"wp-block-heading\">Vergleichstabelle vielversprechender Technologien<\/h2>\n\n\n\n<p>Hier ist eine Tabelle, die einige aktuelle Technologien, ihren Status und ihre potenziellen Auswirkungen zusammenfasst:<\/p>\n\n\n\n<figure class=\"wp-block-table\"><table><thead><tr><th>Technologie \/ Ansatz<\/th><th>Aktueller Stand (2025)<\/th><th>Versprochenes Potenzial<\/th><\/tr><\/thead><tbody><tr><td>Prime-Bearbeitung \/ Basis-Bearbeitung<\/td><td>In pr\u00e4klinischen und fr\u00fchen Phasenstudien<\/td><td>Korrektur von Mutationen mit geringerem Risiko<\/td><\/tr><tr><td>KI f\u00fcr gRNA-Design<\/td><td>Experimenteller Einsatz in fortgeschrittenen Laboren<\/td><td>H\u00f6here Pr\u00e4zision, weniger Nebenwirkungen<\/td><\/tr><tr><td>Schnelle Sequenzierung (Nanopore \/ NovaSeq)<\/td><td>Erweiterung kommerzieller Instrumente<\/td><td>Schnellere und g\u00fcnstigere Diagnose<\/td><\/tr><tr><td>Bearbeitung von Pflanzengenen<\/td><td>Eingeschr\u00e4nkte Feld- oder Teststudien<\/td><td>Resistente Pflanzen, h\u00f6here Ertr\u00e4ge<\/td><\/tr><tr><td>Integrierte Multi-Omics<\/td><td>Im Einsatz in fortgeschrittenen Zentren<\/td><td>Ganzheitliche und personalisierte Diagnostik<\/td><\/tr><\/tbody><\/table><figcaption class=\"wp-element-caption\">Fortschritte in der Biotechnologie: Was die Genetik verspricht<\/figcaption><\/figure>\n\n\n\n<figure class=\"wp-block-gallery aligncenter has-nested-images columns-default is-cropped wp-block-gallery-2 is-layout-flex wp-block-gallery-is-layout-flex\">\n<figure class=\"wp-block-image size-full\"><img loading=\"lazy\" decoding=\"async\" width=\"550\" height=\"350\" data-id=\"2754\" src=\"https:\/\/espaconews.com\/wp-content\/uploads\/sites\/142\/2025\/10\/DESTAQUE-ESPACO-30.jpg\" alt=\"\" class=\"wp-image-2754\" srcset=\"http:\/\/espaconews.com\/wp-content\/uploads\/sites\/142\/2025\/10\/DESTAQUE-ESPACO-30.jpg 550w, http:\/\/espaconews.com\/wp-content\/uploads\/sites\/142\/2025\/10\/DESTAQUE-ESPACO-30-300x191.jpg 300w, http:\/\/espaconews.com\/wp-content\/uploads\/sites\/142\/2025\/10\/DESTAQUE-ESPACO-30-18x12.jpg 18w\" sizes=\"(max-width: 550px) 100vw, 550px\" \/><figcaption class=\"wp-element-caption\">CANVA<\/figcaption><\/figure>\n<\/figure>\n\n\n\n<p>Mehr lesen:\u00a0<a href=\"http:\/\/espaconews.com\/de\/preguntas-mas-frecuentes-en-entrevistas\/\">Die am h\u00e4ufigsten gestellten Fragen in Vorstellungsgespr\u00e4chen<\/a><\/p>\n\n\n\n<h2 class=\"wp-block-heading\">Abschluss<\/h2>\n\n\n\n<p>Der <strong>Fortschritte in der Biotechnologie: Was die Genetik verspricht<\/strong> Sie fordern uns auf, uns eine Welt vorzustellen, in der Krankheiten durch genetische Profilerstellung verhindert werden, in der sich die Landwirtschaft durch genetische Bearbeitung an das Klima anpasst und in der Ethik und Wissenschaft in st\u00e4ndigem Dialog stehen.<\/p>\n\n\n\n<p>Dies ist keine ferne Zukunft, sondern vielmehr ein Wandel, der bereits im Gange ist.<\/p>\n\n\n\n<p>Allerdings ist nicht alles sicher. Regulierung, \u00f6ffentliches Vertrauen, gleichberechtigter Zugang und ethische Kontrolle werden ebenso entscheidend sein wie die wissenschaftlichen Entdeckungen selbst.<\/p>\n\n\n\n<p>Der wahre Erfolg wird darin liegen, diese Fortschritte zum Nutzen der Mehrheit einzusetzen, Ungleichheiten zu verringern und die biologische Integrit\u00e4t des Planeten zu bewahren.<\/p>\n\n\n\n<p>Mehr lesen:\u00a0<a href=\"http:\/\/espaconews.com\/de\/inteligencia-artificial-en-las-aulas-ventajas-y-riesgos\/\">K\u00fcnstliche Intelligenz im Unterricht: Vorteile und Risiken<\/a><\/p>\n\n\n\n<h2 class=\"wp-block-heading\">H\u00e4ufig gestellte Fragen (FAQ)<\/h2>\n\n\n\n<p><strong>Was genau bedeutet \u201egenetische Biotechnologie\u201c?<\/strong><br>Es bezieht sich auf die Verwendung genetischer Werkzeuge wie DNA-Bearbeitung, Sequenzierung und Synthese, um Organismen zu ver\u00e4ndern, Therapien zu entwickeln, Nutzpflanzen zu verbessern und die Biologie zu verstehen.<\/p>\n\n\n\n<p><strong>Ist eine Gentherapie beim Menschen heute sicher?<\/strong><br>Es gibt erfolgreiche Beispiele und strenge Versuche, aber jeder Fall ist einzigartig.<\/p>\n\n\n\n<p>Design, Validierung und \u00dcberwachung m\u00fcssen hohen ethischen Standards entsprechen und sicherstellen, dass der Nutzen die Risiken \u00fcberwiegt.<\/p>\n\n\n\n<p><strong>Hinkt Mexiko in der genetischen Biotechnologie hinterher?<\/strong><br>Nicht vollst\u00e4ndig, aber es gibt regulatorische und Investitionsh\u00fcrden.<\/p>\n\n\n\n<p>Projekte wie oriGen und Startups zeigen, dass es einen aktiven Weg zur Konsolidierung gibt.<\/p>\n\n\n\n<p><strong>Stellt die Genomeditierung Risiken f\u00fcr das \u00d6kosystem dar?<\/strong><br>Ja, wenn es zu wahllosen Freilassungen kommt.<\/p>\n\n\n\n<p>Aus diesem Grund sind Eind\u00e4mmungsmechanismen, \u00f6kologische Folgenabsch\u00e4tzungen und internationale Vorschriften zur biologischen Sicherheit erforderlich.<\/p>\n\n\n\n<p><strong>Wird Biotechnologie f\u00fcr alle zug\u00e4nglich sein?<\/strong><br>Das ist die Herausforderung: sicherzustellen, dass es nicht zu einem Privileg wird. <\/p>\n\n\n\n<p>Um sicherzustellen, dass die Genetik vielen Gemeinschaften zugutekommt, sind staatliche Ma\u00dfnahmen, Subventionen und eine weltweite Zusammenarbeit von entscheidender Bedeutung.<\/p>","protected":false},"excerpt":{"rendered":"<p>Avances en biotecnolog\u00eda: lo que promete la gen\u00e9tica abre una ventana al futuro de la ciencia, salud y sociedad. En este art\u00edculo te mostrar\u00e1s los hitos m\u00e1s recientes y su impacto posible, organizado en un recorrido l\u00f3gico: contexto global, aplicaciones m\u00e9dicas, agricultura, desaf\u00edos \u00e9ticos\/regulatorios, casos en M\u00e9xico y perspectivas. \u00bfPor qu\u00e9 importa? Porque la gen\u00e9tica [&hellip;]<\/p>","protected":false},"author":219,"featured_media":2752,"comment_status":"closed","ping_status":"open","sticky":false,"template":"","format":"standard","meta":{"footnotes":""},"categories":[6],"tags":[],"yoast_head":"<!-- This site is optimized with the Yoast SEO plugin v23.3 - https:\/\/yoast.com\/wordpress\/plugins\/seo\/ -->\n<title>Avances en biotecnolog\u00eda: lo que promete la gen\u00e9tica - Espa\u00e7o News<\/title>\n<meta name=\"description\" content=\"Avances en biotecnolog\u00eda: lo que promete la gen\u00e9tica abre una ventana al futuro de la ciencia, salud y sociedad.\" \/>\n<meta name=\"robots\" content=\"index, follow, max-snippet:-1, max-image-preview:large, max-video-preview:-1\" \/>\n<link rel=\"canonical\" href=\"http:\/\/espaconews.com\/de\/avances-en-biotecnologia-lo-que-promete-la-genetica\/\" \/>\n<meta property=\"og:locale\" content=\"de_DE\" \/>\n<meta property=\"og:type\" content=\"article\" \/>\n<meta property=\"og:title\" content=\"Avances en biotecnolog\u00eda: lo que promete la gen\u00e9tica - Espa\u00e7o News\" \/>\n<meta property=\"og:description\" content=\"Avances en biotecnolog\u00eda: lo que promete la gen\u00e9tica abre una ventana al futuro de la ciencia, salud y sociedad.\" \/>\n<meta property=\"og:url\" content=\"http:\/\/espaconews.com\/de\/avances-en-biotecnologia-lo-que-promete-la-genetica\/\" \/>\n<meta property=\"og:site_name\" content=\"Espa\u00e7o News\" \/>\n<meta property=\"article:published_time\" content=\"2025-10-16T17:56:30+00:00\" \/>\n<meta property=\"article:modified_time\" content=\"2025-10-16T18:05:16+00:00\" \/>\n<meta property=\"og:image\" content=\"http:\/\/espaconews.com\/wp-content\/uploads\/sites\/142\/2025\/10\/DESTAQUE-ESPACO-29.jpg\" \/>\n\t<meta property=\"og:image:width\" content=\"550\" \/>\n\t<meta property=\"og:image:height\" content=\"350\" \/>\n\t<meta property=\"og:image:type\" content=\"image\/jpeg\" \/>\n<meta name=\"author\" content=\"Matheus Sangaletti\" \/>\n<meta name=\"twitter:card\" content=\"summary_large_image\" \/>\n<meta name=\"twitter:label1\" content=\"Written by\" \/>\n\t<meta name=\"twitter:data1\" content=\"Matheus Sangaletti\" \/>\n\t<meta name=\"twitter:label2\" content=\"Est. reading time\" \/>\n\t<meta name=\"twitter:data2\" content=\"10 Minuten\" \/>\n<script type=\"application\/ld+json\" class=\"yoast-schema-graph\">{\"@context\":\"https:\/\/schema.org\",\"@graph\":[{\"@type\":\"WebPage\",\"@id\":\"http:\/\/espaconews.com\/fr\/avances-en-biotecnologia-lo-que-promete-la-genetica\/\",\"url\":\"http:\/\/espaconews.com\/fr\/avances-en-biotecnologia-lo-que-promete-la-genetica\/\",\"name\":\"Avances en biotecnolog\u00eda: lo que promete la gen\u00e9tica - Espa\u00e7o News\",\"isPartOf\":{\"@id\":\"https:\/\/espaconews.com\/#website\"},\"primaryImageOfPage\":{\"@id\":\"http:\/\/espaconews.com\/fr\/avances-en-biotecnologia-lo-que-promete-la-genetica\/#primaryimage\"},\"image\":{\"@id\":\"http:\/\/espaconews.com\/fr\/avances-en-biotecnologia-lo-que-promete-la-genetica\/#primaryimage\"},\"thumbnailUrl\":\"http:\/\/espaconews.com\/wp-content\/uploads\/sites\/142\/2025\/10\/DESTAQUE-ESPACO-29.jpg\",\"datePublished\":\"2025-10-16T17:56:30+00:00\",\"dateModified\":\"2025-10-16T18:05:16+00:00\",\"author\":{\"@id\":\"https:\/\/espaconews.com\/#\/schema\/person\/92fcd07e9b1f4323bf74f3170fc0f78a\"},\"description\":\"Avances en biotecnolog\u00eda: lo que promete la gen\u00e9tica abre una ventana al futuro de la ciencia, salud y sociedad.\",\"breadcrumb\":{\"@id\":\"http:\/\/espaconews.com\/fr\/avances-en-biotecnologia-lo-que-promete-la-genetica\/#breadcrumb\"},\"inLanguage\":\"de-DE\",\"potentialAction\":[{\"@type\":\"ReadAction\",\"target\":[\"http:\/\/espaconews.com\/fr\/avances-en-biotecnologia-lo-que-promete-la-genetica\/\"]}]},{\"@type\":\"ImageObject\",\"inLanguage\":\"de-DE\",\"@id\":\"http:\/\/espaconews.com\/fr\/avances-en-biotecnologia-lo-que-promete-la-genetica\/#primaryimage\",\"url\":\"http:\/\/espaconews.com\/wp-content\/uploads\/sites\/142\/2025\/10\/DESTAQUE-ESPACO-29.jpg\",\"contentUrl\":\"http:\/\/espaconews.com\/wp-content\/uploads\/sites\/142\/2025\/10\/DESTAQUE-ESPACO-29.jpg\",\"width\":550,\"height\":350},{\"@type\":\"BreadcrumbList\",\"@id\":\"http:\/\/espaconews.com\/fr\/avances-en-biotecnologia-lo-que-promete-la-genetica\/#breadcrumb\",\"itemListElement\":[{\"@type\":\"ListItem\",\"position\":1,\"name\":\"Home\",\"item\":\"https:\/\/espaconews.com\/\"},{\"@type\":\"ListItem\",\"position\":2,\"name\":\"Avances en biotecnolog\u00eda: lo que promete la gen\u00e9tica\"}]},{\"@type\":\"WebSite\",\"@id\":\"https:\/\/espaconews.com\/#website\",\"url\":\"https:\/\/espaconews.com\/\",\"name\":\"Espa\u00e7o News\",\"description\":\"\",\"potentialAction\":[{\"@type\":\"SearchAction\",\"target\":{\"@type\":\"EntryPoint\",\"urlTemplate\":\"https:\/\/espaconews.com\/?s={search_term_string}\"},\"query-input\":\"required name=search_term_string\"}],\"inLanguage\":\"de-DE\"},{\"@type\":\"Person\",\"@id\":\"https:\/\/espaconews.com\/#\/schema\/person\/92fcd07e9b1f4323bf74f3170fc0f78a\",\"name\":\"Matheus Sangaletti\",\"image\":{\"@type\":\"ImageObject\",\"inLanguage\":\"de-DE\",\"@id\":\"https:\/\/espaconews.com\/#\/schema\/person\/image\/\",\"url\":\"http:\/\/2.gravatar.com\/avatar\/280ea957a14a48e6a1ad2133d2cc27c9?s=96&d=mm&r=g\",\"contentUrl\":\"http:\/\/2.gravatar.com\/avatar\/280ea957a14a48e6a1ad2133d2cc27c9?s=96&d=mm&r=g\",\"caption\":\"Matheus Sangaletti\"},\"url\":\"http:\/\/espaconews.com\/de\/author\/matheuss\/\"}]}<\/script>\n<!-- \/ Yoast SEO plugin. -->","yoast_head_json":{"title":"Avances en biotecnolog\u00eda: lo que promete la gen\u00e9tica - Espa\u00e7o News","description":"Avances en biotecnolog\u00eda: lo que promete la gen\u00e9tica abre una ventana al futuro de la ciencia, salud y sociedad.","robots":{"index":"index","follow":"follow","max-snippet":"max-snippet:-1","max-image-preview":"max-image-preview:large","max-video-preview":"max-video-preview:-1"},"canonical":"http:\/\/espaconews.com\/de\/avances-en-biotecnologia-lo-que-promete-la-genetica\/","og_locale":"de_DE","og_type":"article","og_title":"Avances en biotecnolog\u00eda: lo que promete la gen\u00e9tica - Espa\u00e7o News","og_description":"Avances en biotecnolog\u00eda: lo que promete la gen\u00e9tica abre una ventana al futuro de la ciencia, salud y sociedad.","og_url":"http:\/\/espaconews.com\/de\/avances-en-biotecnologia-lo-que-promete-la-genetica\/","og_site_name":"Espa\u00e7o News","article_published_time":"2025-10-16T17:56:30+00:00","article_modified_time":"2025-10-16T18:05:16+00:00","og_image":[{"width":550,"height":350,"url":"http:\/\/espaconews.com\/wp-content\/uploads\/sites\/142\/2025\/10\/DESTAQUE-ESPACO-29.jpg","type":"image\/jpeg"}],"author":"Matheus Sangaletti","twitter_card":"summary_large_image","twitter_misc":{"Written by":"Matheus Sangaletti","Est. reading time":"10 Minuten"},"schema":{"@context":"https:\/\/schema.org","@graph":[{"@type":"WebPage","@id":"http:\/\/espaconews.com\/fr\/avances-en-biotecnologia-lo-que-promete-la-genetica\/","url":"http:\/\/espaconews.com\/fr\/avances-en-biotecnologia-lo-que-promete-la-genetica\/","name":"Avances en biotecnolog\u00eda: lo que promete la gen\u00e9tica - Espa\u00e7o News","isPartOf":{"@id":"https:\/\/espaconews.com\/#website"},"primaryImageOfPage":{"@id":"http:\/\/espaconews.com\/fr\/avances-en-biotecnologia-lo-que-promete-la-genetica\/#primaryimage"},"image":{"@id":"http:\/\/espaconews.com\/fr\/avances-en-biotecnologia-lo-que-promete-la-genetica\/#primaryimage"},"thumbnailUrl":"http:\/\/espaconews.com\/wp-content\/uploads\/sites\/142\/2025\/10\/DESTAQUE-ESPACO-29.jpg","datePublished":"2025-10-16T17:56:30+00:00","dateModified":"2025-10-16T18:05:16+00:00","author":{"@id":"https:\/\/espaconews.com\/#\/schema\/person\/92fcd07e9b1f4323bf74f3170fc0f78a"},"description":"Avances en biotecnolog\u00eda: lo que promete la gen\u00e9tica abre una ventana al futuro de la ciencia, salud y sociedad.","breadcrumb":{"@id":"http:\/\/espaconews.com\/fr\/avances-en-biotecnologia-lo-que-promete-la-genetica\/#breadcrumb"},"inLanguage":"de-DE","potentialAction":[{"@type":"ReadAction","target":["http:\/\/espaconews.com\/fr\/avances-en-biotecnologia-lo-que-promete-la-genetica\/"]}]},{"@type":"ImageObject","inLanguage":"de-DE","@id":"http:\/\/espaconews.com\/fr\/avances-en-biotecnologia-lo-que-promete-la-genetica\/#primaryimage","url":"http:\/\/espaconews.com\/wp-content\/uploads\/sites\/142\/2025\/10\/DESTAQUE-ESPACO-29.jpg","contentUrl":"http:\/\/espaconews.com\/wp-content\/uploads\/sites\/142\/2025\/10\/DESTAQUE-ESPACO-29.jpg","width":550,"height":350},{"@type":"BreadcrumbList","@id":"http:\/\/espaconews.com\/fr\/avances-en-biotecnologia-lo-que-promete-la-genetica\/#breadcrumb","itemListElement":[{"@type":"ListItem","position":1,"name":"Home","item":"https:\/\/espaconews.com\/"},{"@type":"ListItem","position":2,"name":"Avances en biotecnolog\u00eda: lo que promete la gen\u00e9tica"}]},{"@type":"WebSite","@id":"https:\/\/espaconews.com\/#website","url":"https:\/\/espaconews.com\/","name":"Espa\u00e7o News","description":"","potentialAction":[{"@type":"SearchAction","target":{"@type":"EntryPoint","urlTemplate":"https:\/\/espaconews.com\/?s={search_term_string}"},"query-input":"required name=search_term_string"}],"inLanguage":"de-DE"},{"@type":"Person","@id":"https:\/\/espaconews.com\/#\/schema\/person\/92fcd07e9b1f4323bf74f3170fc0f78a","name":"Matheus Sangaletti","image":{"@type":"ImageObject","inLanguage":"de-DE","@id":"https:\/\/espaconews.com\/#\/schema\/person\/image\/","url":"http:\/\/2.gravatar.com\/avatar\/280ea957a14a48e6a1ad2133d2cc27c9?s=96&d=mm&r=g","contentUrl":"http:\/\/2.gravatar.com\/avatar\/280ea957a14a48e6a1ad2133d2cc27c9?s=96&d=mm&r=g","caption":"Matheus Sangaletti"},"url":"http:\/\/espaconews.com\/de\/author\/matheuss\/"}]}},"_links":{"self":[{"href":"http:\/\/espaconews.com\/de\/wp-json\/wp\/v2\/posts\/2751"}],"collection":[{"href":"http:\/\/espaconews.com\/de\/wp-json\/wp\/v2\/posts"}],"about":[{"href":"http:\/\/espaconews.com\/de\/wp-json\/wp\/v2\/types\/post"}],"author":[{"embeddable":true,"href":"http:\/\/espaconews.com\/de\/wp-json\/wp\/v2\/users\/219"}],"replies":[{"embeddable":true,"href":"http:\/\/espaconews.com\/de\/wp-json\/wp\/v2\/comments?post=2751"}],"version-history":[{"count":2,"href":"http:\/\/espaconews.com\/de\/wp-json\/wp\/v2\/posts\/2751\/revisions"}],"predecessor-version":[{"id":2756,"href":"http:\/\/espaconews.com\/de\/wp-json\/wp\/v2\/posts\/2751\/revisions\/2756"}],"wp:featuredmedia":[{"embeddable":true,"href":"http:\/\/espaconews.com\/de\/wp-json\/wp\/v2\/media\/2752"}],"wp:attachment":[{"href":"http:\/\/espaconews.com\/de\/wp-json\/wp\/v2\/media?parent=2751"}],"wp:term":[{"taxonomy":"category","embeddable":true,"href":"http:\/\/espaconews.com\/de\/wp-json\/wp\/v2\/categories?post=2751"},{"taxonomy":"post_tag","embeddable":true,"href":"http:\/\/espaconews.com\/de\/wp-json\/wp\/v2\/tags?post=2751"}],"curies":[{"name":"wp","href":"https:\/\/api.w.org\/{rel}","templated":true}]}}