{"id":1149,"date":"2024-07-02T22:31:29","date_gmt":"2024-07-03T01:31:29","guid":{"rendered":"https:\/\/espaconews.com\/?p=1149"},"modified":"2024-07-02T22:31:29","modified_gmt":"2024-07-03T01:31:29","slug":"que-paso-con-la-actriz-de-la-pelicula-emmanuelle","status":"publish","type":"post","link":"http:\/\/espaconews.com\/de\/que-paso-con-la-actriz-de-la-pelicula-emmanuelle\/","title":{"rendered":"Was ist mit der Schauspielerin aus dem Film Emmanuelle passiert?"},"content":{"rendered":"<p>Der Film \u201eEmmanuelle\u201c pr\u00e4gte die 1990er Jahre, vor allem unter Fans des Erotikkinos. Doch wissen Sie, was aus der Hauptdarstellerin dieses Klassikers wurde?<\/p>\n\n\n\n<p>Wir werden die Reise von Sylvia Kristel, dem Star, der Emmanuelle das Leben schenkte, von ihrem Aufstieg zum Ruhm bis zu ihren letzten Tagen erkunden.<\/p>\n\n\n\n<h2 class=\"wp-block-heading\">Der Aufstieg von Sylvia Kristel<\/h2>\n\n\n\n<p>Sylvia Kristel wurde am 28. September 1952 in den Niederlanden geboren. Ihre Karriere begann im Alter von 22 Jahren, als sie die Hauptrolle im Film \u201eEmmanuelle\u201c (1974) \u00fcbernahm.<\/p>\n\n\n\n<p>Der Film, der auf dem gleichnamigen Roman von Emmanuelle Arsan basiert, wurde sofort ein Erfolg.<\/p>\n\n\n\n<p>Die Geschichte handelt von Emmanuelle, einer jungen Frau, die ihre Sexualit\u00e4t auf exotischen Reisen erkundet, was zu dieser Zeit ein mutiger und innovativer Ansatz war.<\/p>\n\n\n\n<p>Sylvia Kristels Leistung war herausragend und verlieh der Figur eine Aura der Kultiviertheit und Nat\u00fcrlichkeit, was zum Erfolg des Films beitrug.<\/p>\n\n\n\n<p>\u201eEmmanuelle\u201c machte Sylvia nicht nur zum Star, sondern ebnete auch den Weg f\u00fcr eine Reihe von Fortsetzungen und Spin-off-Filmen und wurde zu einem kulturellen Ph\u00e4nomen.<\/p>\n\n\n\n<h2 class=\"wp-block-heading\">Leben nach Emmanuelle<\/h2>\n\n\n\n<p>Nach dem Erfolg von \u201eEmmanuelle\u201c trat Sylvia Kristel in mehreren Fortsetzungen der Serie auf, darunter \u201eEmmanuelle 2\u201c (1975), \u201eGoodbye Emmanuelle\u201c (1977) und \u201eEmmanuelle 4\u201c (1984).<\/p>\n\n\n\n<p>Er wirkte auch in anderen Filmen mit, beispielsweise in \u201eAlice oder die letzte Flucht\u201c (1977) und \u201eLady Chatterleys Liebhaber\u201c (1981).<\/p>\n\n\n\n<p>Obwohl Sylvia gro\u00dfen Ruhm erlangte, musste sie in ihrer Karriere auch Herausforderungen meistern. Viele der Filme, in denen sie auftrat, waren nicht so erfolgreich wie \u201eEmmanuelle\u201c, und die Rolle pr\u00e4gte sie letztlich.<\/p>\n\n\n\n<p>Dies erschwerte ihm den \u00dcbergang zu anderen Charaktertypen und Filmgenres.<\/p>\n\n\n\n<p>Neben ihren beruflichen Herausforderungen hatte Sylvia auch ein turbulentes Privatleben. Sie k\u00e4mpfte mit Drogen- und Alkoholsucht, Probleme, die sowohl ihre Karriere als auch ihre Gesundheit beeintr\u00e4chtigten.<\/p>\n\n\n\n<p>Trotzdem arbeitete Sylvia weiterhin als Schauspielerin und an verschiedenen Projekten, wobei sie stets den Kontakt zu ihren Fans aufrechterhielt.<\/p>\n\n\n\n<p><\/p>\n\n\n\n<hr class=\"wp-block-separator has-text-color has-alpha-channel-opacity has-background is-style-wide\" style=\"background-color:#006196;color:#006196\"\/>\n\n\n\n<h2 class=\"wp-block-heading\">Lesen Sie auch:<\/h2>\n\n\n\n<div class=\"wp-block-columns is-layout-flex wp-container-core-columns-layout-1 wp-block-columns-is-layout-flex\">\n<div class=\"wp-block-column is-layout-flow wp-block-column-is-layout-flow\">\n<div class=\"wp-block-buttons is-layout-flex wp-block-buttons-is-layout-flex\">\n<div class=\"wp-block-button has-custom-width wp-block-button__width-100\" style=\"text-decoration:none\"><a class=\"wp-block-button__link has-white-color has-text-color has-background has-link-color has-text-align-left wp-element-button\" href=\"https:\/\/espaconews.com\/de\/829\/aplicaciones-de-citas-encuentra-tu-pareja-perfecta\/\" style=\"border-radius:10px;background-color:#ff1919\" target=\"_blank\" rel=\"noreferrer noopener\"><font style=\"vertical-align: inherit;\"><font style=\"vertical-align: inherit;\">\ud83d\udccc <\/font><\/font>Finden Sie Ihren perfekten Partner! &gt;<\/a><\/div>\n\n\n\n<div class=\"wp-block-button has-custom-width wp-block-button__width-100\" style=\"text-decoration:none\"><a class=\"wp-block-button__link has-white-color has-text-color has-background has-link-color has-text-align-left wp-element-button\" href=\"https:\/\/espaconews.com\/de\/766\/localizador-de-celulares-en-tiempo-real\/\" style=\"border-radius:10px;background-color:#ff1919\" target=\"_blank\" rel=\"noreferrer noopener\"><font style=\"vertical-align: inherit;\"><font style=\"vertical-align: inherit;\">\ud83d\udccd<\/font><\/font>Sch\u00fctzen Sie Ihre Familie &gt;<\/a><\/div>\n<\/div>\n<\/div>\n<\/div>\n\n\n\n<hr class=\"wp-block-separator alignfull has-text-color has-alpha-channel-opacity has-background is-style-wide\" style=\"background-color:#006196;color:#006196\"\/>\n\n\n\n<p><\/p>\n\n\n\n<h4 class=\"wp-block-heading\">Die letzten Jahre<\/h4>\n\n\n\n<p>In ihren sp\u00e4teren Jahren widmete sich Sylvia Kristel anderen Kunstformen. Sie wagte sich an die Malerei und ver\u00f6ffentlichte 2006 ihre Autobiografie \u201eNue\u201c, in der sie intime Details ihres Lebens preisgab, darunter auch die H\u00f6hen und Tiefen ihrer Filmkarriere.<\/p>\n\n\n\n<p>Leider verschlechterte sich Sylvias Gesundheitszustand. Im Jahr 2001 wurde bei ihr Kehlkopfkrebs und sp\u00e4ter Lungenkrebs diagnostiziert.<\/p>\n\n\n\n<p>Nach langem Kampf gegen eine Krankheit verstarb Sylvia Kristel am 17. Oktober 2012 im Alter von 60 Jahren in ihrer Heimatstadt Utrecht in den Niederlanden.<\/p>\n\n\n<div class=\"wp-block-image\">\n<figure class=\"aligncenter size-full has-custom-border\"><img loading=\"lazy\" decoding=\"async\" width=\"550\" height=\"350\" src=\"http:\/\/espaconews.com\/wp-content\/uploads\/sites\/142\/2024\/07\/P-550x350-1-1.jpg\" alt=\"\" class=\"wp-image-1150\" style=\"border-radius:10px\" srcset=\"http:\/\/espaconews.com\/wp-content\/uploads\/sites\/142\/2024\/07\/P-550x350-1-1.jpg 550w, http:\/\/espaconews.com\/wp-content\/uploads\/sites\/142\/2024\/07\/P-550x350-1-1-300x191.jpg 300w\" sizes=\"(max-width: 550px) 100vw, 550px\" \/><figcaption class=\"wp-element-caption\">Was ist mit der Schauspielerin aus dem Film Emmanuelle passiert?<\/figcaption><\/figure><\/div>\n\n\n<h2 class=\"wp-block-heading\">Sylvia Kristels Verm\u00e4chtnis<\/h2>\n\n\n\n<p>Sylvia Kristel hat dem Kino, insbesondere im Erotikgenre, ein bleibendes Erbe hinterlassen. Ihre Rolle als Emmanuelle ist bei Fans auf der ganzen Welt bis heute in Erinnerung und wird gefeiert.<\/p>\n\n\n\n<p>Ihr Mut, eine f\u00fcr die damalige Zeit so kontroverse Rolle anzunehmen, und ihre ikonische Leistung sicherten ihr einen Platz in der Filmgeschichte.<\/p>\n\n\n\n<p>Dar\u00fcber hinaus erinnert uns Sylvias Leben an die Komplexit\u00e4t des Ruhms und die Herausforderungen, denen sich viele Prominente abseits der Leinwand stellen m\u00fcssen.<\/p>\n\n\n\n<p>Ihre Geschichte ist eine Geschichte der Widerstandsf\u00e4higkeit und Beharrlichkeit und zeigt, dass sie trotz aller Hindernisse ihrer Leidenschaft f\u00fcr die Kunst bis ans Ende ihrer Tage nachging.<\/p>\n\n\n\n<h2 class=\"wp-block-heading\">Abschluss<\/h2>\n\n\n\n<p>Sylvia Kristel, die ewige Emmanuelle, war eine emblematische Figur der 1970er und 1980er Jahre. Ihr Beitrag zum erotischen Kino und ihr kultureller Einfluss sind unbestreitbar.<\/p>\n\n\n\n<p>Trotz pers\u00f6nlicher und beruflicher Widrigkeiten hinterlie\u00df sie einen bleibenden Eindruck in der Filmbranche. Wenn Sie mehr \u00fcber Sylvia Kristels Karriere und Filmografie erfahren m\u00f6chten, besuchen Sie die folgenden Links:<\/p>\n\n\n\n<ul>\n<li><a>Vollst\u00e4ndige Biografie von Sylvia Kriste<\/a><a href=\"https:\/\/pt.wikipedia.org\/wiki\/Sylvia_Kristel\">l<\/a><\/li>\n<\/ul>\n\n\n\n<p>Wir hoffen, dass dieser Artikel Ihre Neugier geweckt und Ihnen wertvolle Einblicke in das Leben und die Karriere von Sylvia Kristel gegeben hat.<\/p>\n\n\n\n<p>Teilen Sie diesen Beitrag mit Ihren Freunden und verfolgen Sie weiterhin unsere Artikel, um weitere faszinierende Geschichten aus der Welt des Kinos zu erfahren!<\/p>\n\n\n\n<p><\/p>\n\n\n\n<hr class=\"wp-block-separator has-text-color has-alpha-channel-opacity has-background is-style-wide\" style=\"background-color:#006196;color:#006196\"\/>\n\n\n\n<h2 class=\"wp-block-heading\">Lesen Sie auch:<\/h2>\n\n\n\n<div class=\"wp-block-columns is-layout-flex wp-container-core-columns-layout-2 wp-block-columns-is-layout-flex\">\n<div class=\"wp-block-column is-layout-flow wp-block-column-is-layout-flow\">\n<div class=\"wp-block-buttons is-layout-flex wp-block-buttons-is-layout-flex\">\n<div class=\"wp-block-button has-custom-width wp-block-button__width-100\" style=\"text-decoration:none\"><a class=\"wp-block-button__link has-white-color has-text-color has-background has-link-color has-text-align-left wp-element-button\" href=\"https:\/\/espaconews.com\/de\/829\/aplicaciones-de-citas-encuentra-tu-pareja-perfecta\/\" style=\"border-radius:10px;background-color:#ff1919\" target=\"_blank\" rel=\"noreferrer noopener\"><font style=\"vertical-align: inherit;\"><font style=\"vertical-align: inherit;\">\ud83d\udccc <\/font><\/font>Finden Sie Ihren perfekten Partner! &gt;<\/a><\/div>\n\n\n\n<div class=\"wp-block-button has-custom-width wp-block-button__width-100\" style=\"text-decoration:none\"><a class=\"wp-block-button__link has-white-color has-text-color has-background has-link-color has-text-align-left wp-element-button\" href=\"https:\/\/espaconews.com\/de\/766\/localizador-de-celulares-en-tiempo-real\/\" style=\"border-radius:10px;background-color:#ff1919\" target=\"_blank\" rel=\"noreferrer noopener\"><font style=\"vertical-align: inherit;\"><font style=\"vertical-align: inherit;\">\ud83d\udccd<\/font><\/font>Sch\u00fctzen Sie Ihre Familie &gt;<\/a><\/div>\n<\/div>\n<\/div>\n<\/div>\n\n\n\n<hr class=\"wp-block-separator alignfull has-text-color has-alpha-channel-opacity has-background is-style-wide\" style=\"background-color:#006196;color:#006196\"\/>\n\n\n\n<p><\/p>","protected":false},"excerpt":{"rendered":"<p>Der Film \u201eEmmanuelle\u201c pr\u00e4gte die 1990er Jahre, insbesondere unter Fans des Erotikkinos. Aber wissen Sie, was aus der Hauptdarstellerin dieses Klassikers geworden ist? Wir begleiten Sie auf dem Weg von Sylvia Kristel, dem Star, der Emmanuelle spielte, von ihrem Aufstieg zum Ruhm bis zu ihrem Tod. Der Aufstieg von Sylvia [\u2026]<\/p>","protected":false},"author":0,"featured_media":1150,"comment_status":"closed","ping_status":"closed","sticky":false,"template":"","format":"standard","meta":{"footnotes":""},"categories":[4],"tags":[40,454],"yoast_head":"<!-- This site is optimized with the Yoast SEO plugin v23.3 - https:\/\/yoast.com\/wordpress\/plugins\/seo\/ -->\n<title>Qu\u00e9 Pas\u00f3 con la Actriz de la Pel\u00edcula Emmanuelle? - Espa\u00e7o News<\/title>\n<meta name=\"description\" content=\"Qu\u00e9 Pas\u00f3 con la Actriz de la Pel\u00edcula Emmanuelle? La pel\u00edcula &quot;Emmanuelle&quot; marc\u00f3 la d\u00e9cada de 1990, especialmente entre...\" \/>\n<meta name=\"robots\" content=\"index, follow, max-snippet:-1, max-image-preview:large, max-video-preview:-1\" \/>\n<link rel=\"canonical\" href=\"https:\/\/espaconews.com\/de\/que-paso-con-la-actriz-de-la-pelicula-emmanuelle\/\" \/>\n<meta property=\"og:locale\" content=\"de_DE\" \/>\n<meta property=\"og:type\" content=\"article\" \/>\n<meta property=\"og:title\" content=\"Qu\u00e9 Pas\u00f3 con la Actriz de la Pel\u00edcula Emmanuelle? - Espa\u00e7o News\" \/>\n<meta property=\"og:description\" content=\"Qu\u00e9 Pas\u00f3 con la Actriz de la Pel\u00edcula Emmanuelle? La pel\u00edcula &quot;Emmanuelle&quot; marc\u00f3 la d\u00e9cada de 1990, especialmente entre...\" \/>\n<meta property=\"og:url\" content=\"https:\/\/espaconews.com\/de\/que-paso-con-la-actriz-de-la-pelicula-emmanuelle\/\" \/>\n<meta property=\"og:site_name\" content=\"Espa\u00e7o News\" \/>\n<meta property=\"article:published_time\" content=\"2024-07-03T01:31:29+00:00\" \/>\n<meta property=\"og:image\" content=\"https:\/\/espaconews.com\/wp-content\/uploads\/sites\/142\/2024\/07\/P-550x350-1-1.jpg\" \/>\n\t<meta property=\"og:image:width\" content=\"550\" \/>\n\t<meta property=\"og:image:height\" content=\"350\" \/>\n\t<meta property=\"og:image:type\" content=\"image\/jpeg\" \/>\n<meta name=\"twitter:card\" content=\"summary_large_image\" \/>\n<meta name=\"twitter:label1\" content=\"Est. reading time\" \/>\n\t<meta name=\"twitter:data1\" content=\"4 Minuten\" \/>\n<script type=\"application\/ld+json\" class=\"yoast-schema-graph\">{\"@context\":\"https:\/\/schema.org\",\"@graph\":[{\"@type\":\"WebPage\",\"@id\":\"https:\/\/espaconews.com\/en\/que-paso-con-la-actriz-de-la-pelicula-emmanuelle\/\",\"url\":\"https:\/\/espaconews.com\/en\/que-paso-con-la-actriz-de-la-pelicula-emmanuelle\/\",\"name\":\"Qu\u00e9 Pas\u00f3 con la Actriz de la Pel\u00edcula Emmanuelle? - Espa\u00e7o News\",\"isPartOf\":{\"@id\":\"https:\/\/espaconews.com\/#website\"},\"primaryImageOfPage\":{\"@id\":\"https:\/\/espaconews.com\/en\/que-paso-con-la-actriz-de-la-pelicula-emmanuelle\/#primaryimage\"},\"image\":{\"@id\":\"https:\/\/espaconews.com\/en\/que-paso-con-la-actriz-de-la-pelicula-emmanuelle\/#primaryimage\"},\"thumbnailUrl\":\"http:\/\/espaconews.com\/wp-content\/uploads\/sites\/142\/2024\/07\/P-550x350-1-1.jpg\",\"datePublished\":\"2024-07-03T01:31:29+00:00\",\"dateModified\":\"2024-07-03T01:31:29+00:00\",\"author\":{\"@id\":\"\"},\"description\":\"Qu\u00e9 Pas\u00f3 con la Actriz de la Pel\u00edcula Emmanuelle? La pel\u00edcula \\\"Emmanuelle\\\" marc\u00f3 la d\u00e9cada de 1990, especialmente entre...\",\"breadcrumb\":{\"@id\":\"https:\/\/espaconews.com\/en\/que-paso-con-la-actriz-de-la-pelicula-emmanuelle\/#breadcrumb\"},\"inLanguage\":\"de-DE\",\"potentialAction\":[{\"@type\":\"ReadAction\",\"target\":[\"https:\/\/espaconews.com\/en\/que-paso-con-la-actriz-de-la-pelicula-emmanuelle\/\"]}]},{\"@type\":\"ImageObject\",\"inLanguage\":\"de-DE\",\"@id\":\"https:\/\/espaconews.com\/en\/que-paso-con-la-actriz-de-la-pelicula-emmanuelle\/#primaryimage\",\"url\":\"http:\/\/espaconews.com\/wp-content\/uploads\/sites\/142\/2024\/07\/P-550x350-1-1.jpg\",\"contentUrl\":\"http:\/\/espaconews.com\/wp-content\/uploads\/sites\/142\/2024\/07\/P-550x350-1-1.jpg\",\"width\":550,\"height\":350,\"caption\":\"Qu\u00e9 Pas\u00f3 con la Actriz de la Pel\u00edcula Emmanuelle?\"},{\"@type\":\"BreadcrumbList\",\"@id\":\"https:\/\/espaconews.com\/en\/que-paso-con-la-actriz-de-la-pelicula-emmanuelle\/#breadcrumb\",\"itemListElement\":[{\"@type\":\"ListItem\",\"position\":1,\"name\":\"Home\",\"item\":\"https:\/\/espaconews.com\/\"},{\"@type\":\"ListItem\",\"position\":2,\"name\":\"Qu\u00e9 Pas\u00f3 con la Actriz de la Pel\u00edcula Emmanuelle?\"}]},{\"@type\":\"WebSite\",\"@id\":\"https:\/\/espaconews.com\/#website\",\"url\":\"https:\/\/espaconews.com\/\",\"name\":\"Espa\u00e7o News\",\"description\":\"\",\"potentialAction\":[{\"@type\":\"SearchAction\",\"target\":{\"@type\":\"EntryPoint\",\"urlTemplate\":\"https:\/\/espaconews.com\/?s={search_term_string}\"},\"query-input\":\"required name=search_term_string\"}],\"inLanguage\":\"de-DE\"}]}<\/script>\n<!-- \/ Yoast SEO plugin. -->","yoast_head_json":{"title":"Qu\u00e9 Pas\u00f3 con la Actriz de la Pel\u00edcula Emmanuelle? - Espa\u00e7o News","description":"Qu\u00e9 Pas\u00f3 con la Actriz de la Pel\u00edcula Emmanuelle? La pel\u00edcula \"Emmanuelle\" marc\u00f3 la d\u00e9cada de 1990, especialmente entre...","robots":{"index":"index","follow":"follow","max-snippet":"max-snippet:-1","max-image-preview":"max-image-preview:large","max-video-preview":"max-video-preview:-1"},"canonical":"https:\/\/espaconews.com\/de\/que-paso-con-la-actriz-de-la-pelicula-emmanuelle\/","og_locale":"de_DE","og_type":"article","og_title":"Qu\u00e9 Pas\u00f3 con la Actriz de la Pel\u00edcula Emmanuelle? - Espa\u00e7o News","og_description":"Qu\u00e9 Pas\u00f3 con la Actriz de la Pel\u00edcula Emmanuelle? La pel\u00edcula \"Emmanuelle\" marc\u00f3 la d\u00e9cada de 1990, especialmente entre...","og_url":"https:\/\/espaconews.com\/de\/que-paso-con-la-actriz-de-la-pelicula-emmanuelle\/","og_site_name":"Espa\u00e7o News","article_published_time":"2024-07-03T01:31:29+00:00","og_image":[{"width":550,"height":350,"url":"https:\/\/espaconews.com\/wp-content\/uploads\/sites\/142\/2024\/07\/P-550x350-1-1.jpg","type":"image\/jpeg"}],"twitter_card":"summary_large_image","twitter_misc":{"Est. reading time":"4 Minuten"},"schema":{"@context":"https:\/\/schema.org","@graph":[{"@type":"WebPage","@id":"https:\/\/espaconews.com\/en\/que-paso-con-la-actriz-de-la-pelicula-emmanuelle\/","url":"https:\/\/espaconews.com\/en\/que-paso-con-la-actriz-de-la-pelicula-emmanuelle\/","name":"Qu\u00e9 Pas\u00f3 con la Actriz de la Pel\u00edcula Emmanuelle? - Espa\u00e7o News","isPartOf":{"@id":"https:\/\/espaconews.com\/#website"},"primaryImageOfPage":{"@id":"https:\/\/espaconews.com\/en\/que-paso-con-la-actriz-de-la-pelicula-emmanuelle\/#primaryimage"},"image":{"@id":"https:\/\/espaconews.com\/en\/que-paso-con-la-actriz-de-la-pelicula-emmanuelle\/#primaryimage"},"thumbnailUrl":"http:\/\/espaconews.com\/wp-content\/uploads\/sites\/142\/2024\/07\/P-550x350-1-1.jpg","datePublished":"2024-07-03T01:31:29+00:00","dateModified":"2024-07-03T01:31:29+00:00","author":{"@id":""},"description":"Qu\u00e9 Pas\u00f3 con la Actriz de la Pel\u00edcula Emmanuelle? La pel\u00edcula \"Emmanuelle\" marc\u00f3 la d\u00e9cada de 1990, especialmente entre...","breadcrumb":{"@id":"https:\/\/espaconews.com\/en\/que-paso-con-la-actriz-de-la-pelicula-emmanuelle\/#breadcrumb"},"inLanguage":"de-DE","potentialAction":[{"@type":"ReadAction","target":["https:\/\/espaconews.com\/en\/que-paso-con-la-actriz-de-la-pelicula-emmanuelle\/"]}]},{"@type":"ImageObject","inLanguage":"de-DE","@id":"https:\/\/espaconews.com\/en\/que-paso-con-la-actriz-de-la-pelicula-emmanuelle\/#primaryimage","url":"http:\/\/espaconews.com\/wp-content\/uploads\/sites\/142\/2024\/07\/P-550x350-1-1.jpg","contentUrl":"http:\/\/espaconews.com\/wp-content\/uploads\/sites\/142\/2024\/07\/P-550x350-1-1.jpg","width":550,"height":350,"caption":"Qu\u00e9 Pas\u00f3 con la Actriz de la Pel\u00edcula Emmanuelle?"},{"@type":"BreadcrumbList","@id":"https:\/\/espaconews.com\/en\/que-paso-con-la-actriz-de-la-pelicula-emmanuelle\/#breadcrumb","itemListElement":[{"@type":"ListItem","position":1,"name":"Home","item":"https:\/\/espaconews.com\/"},{"@type":"ListItem","position":2,"name":"Qu\u00e9 Pas\u00f3 con la Actriz de la Pel\u00edcula Emmanuelle?"}]},{"@type":"WebSite","@id":"https:\/\/espaconews.com\/#website","url":"https:\/\/espaconews.com\/","name":"Espa\u00e7o News","description":"","potentialAction":[{"@type":"SearchAction","target":{"@type":"EntryPoint","urlTemplate":"https:\/\/espaconews.com\/?s={search_term_string}"},"query-input":"required name=search_term_string"}],"inLanguage":"de-DE"}]}},"_links":{"self":[{"href":"http:\/\/espaconews.com\/de\/wp-json\/wp\/v2\/posts\/1149"}],"collection":[{"href":"http:\/\/espaconews.com\/de\/wp-json\/wp\/v2\/posts"}],"about":[{"href":"http:\/\/espaconews.com\/de\/wp-json\/wp\/v2\/types\/post"}],"replies":[{"embeddable":true,"href":"http:\/\/espaconews.com\/de\/wp-json\/wp\/v2\/comments?post=1149"}],"version-history":[{"count":0,"href":"http:\/\/espaconews.com\/de\/wp-json\/wp\/v2\/posts\/1149\/revisions"}],"wp:featuredmedia":[{"embeddable":true,"href":"http:\/\/espaconews.com\/de\/wp-json\/wp\/v2\/media\/1150"}],"wp:attachment":[{"href":"http:\/\/espaconews.com\/de\/wp-json\/wp\/v2\/media?parent=1149"}],"wp:term":[{"taxonomy":"category","embeddable":true,"href":"http:\/\/espaconews.com\/de\/wp-json\/wp\/v2\/categories?post=1149"},{"taxonomy":"post_tag","embeddable":true,"href":"http:\/\/espaconews.com\/de\/wp-json\/wp\/v2\/tags?post=1149"}],"curies":[{"name":"wp","href":"https:\/\/api.w.org\/{rel}","templated":true}]}}